{"id":3865,"date":"2015-03-13T07:00:03","date_gmt":"2015-03-13T10:00:03","guid":{"rendered":"http:\/\/ultimato.com.br\/sites\/jovem\/?p=3865"},"modified":"2015-03-17T16:26:20","modified_gmt":"2015-03-17T19:26:20","slug":"cooperadores-de-deus","status":"publish","type":"post","link":"https:\/\/ultimato.com.br\/sites\/jovem\/2015\/03\/13\/cooperadores-de-deus\/","title":{"rendered":"Cooperadores de Deus"},"content":{"rendered":"<p><a href=\"http:\/\/ultimato.com.br\/sites\/jovem\/files\/2015\/03\/Ult_jovem_13_03_15_cooperadores.jpg\" class=\"lightview\" data-lightview-group=\"group-3865\" data-lightview-options=\"skin: 'dark', controls: 'relative', padding: '10', shadow: { color: '#000000', opacity: 0.08, blur: 3 }\"><img loading=\"lazy\" decoding=\"async\" class=\"alignright size-full wp-image-3867\" src=\"http:\/\/ultimato.com.br\/sites\/jovem\/files\/2015\/03\/Ult_jovem_13_03_15_cooperadores.jpg\" alt=\"Ult_jovem_13_03_15_cooperadores\" width=\"300\" height=\"199\" srcset=\"https:\/\/ultimato.com.br\/sites\/jovem\/files\/2015\/03\/Ult_jovem_13_03_15_cooperadores.jpg 300w, https:\/\/ultimato.com.br\/sites\/jovem\/files\/2015\/03\/Ult_jovem_13_03_15_cooperadores-150x99.jpg 150w\" sizes=\"auto, (max-width: 300px) 100vw, 300px\" \/><\/a>Uma tend\u00eancia que observamos nos relat\u00f3rios e giros mission\u00e1rios \u00e9 a \u00eanfase aos pontos negativos de determina \u00e1rea ou pa\u00eds que o mission\u00e1rio est\u00e1 atuando. N\u00e3o raras vezes, vemos nas igrejas, redes sociais e blogs, fotos de crian\u00e7as negras passando fome, casebres lotados de gente, pessoas doentes, cidades destru\u00eddas, calamidades naturais, etc. \u00c9 como se a mis\u00e9ria validasse o trabalho mission\u00e1rio, nos transmitindo uma vis\u00e3o pessimista do mundo, e os mission\u00e1rios t\u00eam a solu\u00e7\u00e3o para todos os problemas. Por\u00e9m, algo est\u00e1 errado nessa tend\u00eancia!<\/p>\n<p>Eu gosto de ter uma vis\u00e3o positiva \u2013 a do copo meio cheio e n\u00e3o vazio \u2013 buscando sempre animar, e n\u00e3o colocando culpa e medo. O meu positivismo (n\u00e3o teol\u00f3gico!), n\u00e3o tem a ver com acreditar que o homem \u00e9 bom em si mesmo (somos todos pecadores), mas, sim, no Deus imut\u00e1vel e poderoso. Quando prego sobre miss\u00f5es, n\u00e3o enfatizo a pobreza na \u00c1frica, tampouco o terrorismo do Isl\u00e3, muito menos o narcotr\u00e1fico latino-americano ou ainda a vida primitiva dos \u00edndios Papua. Ent\u00e3o qual deveria ser a nossa \u00eanfase? Que mensagem deve ser transmitida?<!--more--><\/p>\n<p>Eu corro junto com Patrick Johnstone, um missi\u00f3logo e pesquisador brit\u00e2nico, ao dizer que <strong>Deus esta fazendo a sua obra no mundo e Ele nos convida a participar dela. <\/strong>H\u00e1 muito que regozijar-se. Tantos avivamentos e milagres de Deus ocorrendo nesse exato momento! Por que n\u00e3o falarmos dos mais de 15 mil mission\u00e1rios sul-coreanos no mundo? Por que n\u00e3o anunciarmos o avivamento chin\u00eas com crescimento acima de 7.400% (de 1 milh\u00e3o para 75 milh\u00f5es) evang\u00e9licos em apenas 50 anos? Porque n\u00e3o afirmamos que os maiores plantadores de igrejas na Europa s\u00e3o nigerianos? Ou ainda a perseveran\u00e7a e crescimento dos crist\u00e3os iranianos (em 1979 havia aproximadamente 500 crist\u00e3os, j\u00e1 em 2008 foi registrado mais de 1 milh\u00e3o de servos de Cristo)?<\/p>\n<p>Parece-me que a estrat\u00e9gia para levantar novos mission\u00e1rios \u00e9 baseada na culpa \u2013 \u201cest\u00e3o morrendo sem Jesus porque voc\u00ea n\u00e3o prega\u201d \u2013 ou no medo \u2013 \u201cse voc\u00ea n\u00e3o pregar, Deus vai te cobrar essas vidas\u201d. Algumas vozes podem me contrapor, dizendo: \u201cmas se n\u00f3s enfatizarmos somente as coisas boas, as pessoas n\u00e3o v\u00e3o querer ser mission\u00e1rias, porque pensar\u00e3o que Deus n\u00e3o precisa delas\u201d. Exatamente! Deus n\u00e3o precisa de n\u00f3s e nunca precisar\u00e1. N\u00f3s \u00e9 que necessitamos dele. Se realmente acreditamos na \u201cMissio Dei\u201d e que Deus \u00e9 o dono da Hist\u00f3ria e da Igreja, devemos confiar que, ao enfatizar a obra que \u00e9 dele, e n\u00e3o a nossa, o Senhor ir\u00e1 tocar nos cora\u00e7\u00f5es que est\u00e3o desejosos a participar da obra que Deus j\u00e1 esta fazendo nas na\u00e7\u00f5es, e n\u00e3o aqueles que querem ser o protagonista da miss\u00e3o.<\/p>\n<p>Por isso, fiquei muito feliz ao ver no ano passado no 7\u00b0 CBM (Congresso Brasileiro de Miss\u00f5es) o lan\u00e7amento do DVD \u201cEnvolva-se\u201d, coordenado pela mission\u00e1ria Mila, com apoio da AMTB e Martureo. Nesse material desenvolvido pela \u201cCreate International\u201d (Austr\u00e1lia) fica clara a obra que Deus est\u00e1 fazendo em todas as etnias. \u00c9 esta vis\u00e3o positiva que estamos precisando no Brasil. Olhar para as na\u00e7\u00f5es com uma vis\u00e3o de amor e de cooperadores, e n\u00e3o de pena e solucionadores dos problemas. Os europeus e americanos n\u00e3o s\u00e3o maiores que os latinos, e n\u00f3s n\u00e3o somos melhores que os africanos. Somos um corpo, e cada um tem sua parte e contribui\u00e7\u00e3o dentro dele. Paulo j\u00e1 dizia isso:<\/p>\n<p>\u201c&#8230; de modo que nem o que planta nem o que rega s\u00e3o alguma coisa, <strong>mas unicamente Deus<\/strong>, que efetua o crescimento. O que planta e o que rega t\u00eam um s\u00f3 prop\u00f3sito, e cada um ser\u00e1 recompensado de acordo com o seu pr\u00f3prio trabalho. Pois <strong>n\u00f3s somos cooperadores de Deus<\/strong>; voc\u00eas s\u00e3o lavoura de Deus e edif\u00edcio de Deus\u201d. (1 Cor\u00edntios 3.7-9).<\/p>\n<p>&nbsp;<\/p>\n<p>\u2022 <b><span class=\"il\">Felipe<\/span> Fulanetto<\/b> tem 23 anos, nascido em Campinas (SP), torcedor do Palmeiras, ama filmes, livros e viajar. Formado em t\u00e9cnico de Web Design, bacharel em Teologia pela UNICESUMAR, mestrando em Missiologia no CEM e especializando em Etnomusicologia pela \u201cSummer Institute Linguistic\u201d (SIL). Foi mission\u00e1rio no Peru e Paraguai e hoje \u00e9 pastor pela Igreja do Nazareno, coordenador de pesquisas mission\u00e1rias institucional da AMTB, pertence \u00e0 equipe do projeto Vocacionados (<a href=\"http:\/\/vocacionados.org.br\" target=\"_blank\">vocacionados.org.br<\/a>) e da organiza\u00e7\u00e3o do Congresso VOCARE.<\/p>\n","protected":false},"excerpt":{"rendered":"<p>Uma tend\u00eancia que observamos nos relat\u00f3rios e giros mission\u00e1rios \u00e9 a \u00eanfase aos pontos negativos de determina \u00e1rea ou pa\u00eds que o mission\u00e1rio est\u00e1 atuando. N\u00e3o raras vezes, vemos nas igrejas, redes sociais e blogs, fotos de crian\u00e7as negras passando fome, casebres lotados de gente, pessoas doentes, cidades destru\u00eddas, calamidades naturais, etc. \u00c9 como se [&hellip;]<\/p>\n","protected":false},"author":19,"featured_media":0,"comment_status":"open","ping_status":"open","sticky":false,"template":"","format":"standard","meta":{"ngg_post_thumbnail":0,"footnotes":""},"categories":[9],"tags":[],"class_list":["post-3865","post","type-post","status-publish","format-standard","hentry","category-sem-categoria"],"_links":{"self":[{"href":"https:\/\/ultimato.com.br\/sites\/jovem\/wp-json\/wp\/v2\/posts\/3865","targetHints":{"allow":["GET"]}}],"collection":[{"href":"https:\/\/ultimato.com.br\/sites\/jovem\/wp-json\/wp\/v2\/posts"}],"about":[{"href":"https:\/\/ultimato.com.br\/sites\/jovem\/wp-json\/wp\/v2\/types\/post"}],"author":[{"embeddable":true,"href":"https:\/\/ultimato.com.br\/sites\/jovem\/wp-json\/wp\/v2\/users\/19"}],"replies":[{"embeddable":true,"href":"https:\/\/ultimato.com.br\/sites\/jovem\/wp-json\/wp\/v2\/comments?post=3865"}],"version-history":[{"count":6,"href":"https:\/\/ultimato.com.br\/sites\/jovem\/wp-json\/wp\/v2\/posts\/3865\/revisions"}],"predecessor-version":[{"id":3891,"href":"https:\/\/ultimato.com.br\/sites\/jovem\/wp-json\/wp\/v2\/posts\/3865\/revisions\/3891"}],"wp:attachment":[{"href":"https:\/\/ultimato.com.br\/sites\/jovem\/wp-json\/wp\/v2\/media?parent=3865"}],"wp:term":[{"taxonomy":"category","embeddable":true,"href":"https:\/\/ultimato.com.br\/sites\/jovem\/wp-json\/wp\/v2\/categories?post=3865"},{"taxonomy":"post_tag","embeddable":true,"href":"https:\/\/ultimato.com.br\/sites\/jovem\/wp-json\/wp\/v2\/tags?post=3865"}],"curies":[{"name":"wp","href":"https:\/\/api.w.org\/{rel}","templated":true}]}}