{"id":3852,"date":"2015-03-10T14:32:29","date_gmt":"2015-03-10T17:32:29","guid":{"rendered":"http:\/\/ultimato.com.br\/sites\/jovem\/?p=3852"},"modified":"2015-03-10T14:32:29","modified_gmt":"2015-03-10T17:32:29","slug":"o-que-e-vocacao-com-a-palavra-os-jovens","status":"publish","type":"post","link":"https:\/\/ultimato.com.br\/sites\/jovem\/2015\/03\/10\/o-que-e-vocacao-com-a-palavra-os-jovens\/","title":{"rendered":"O que \u00e9 voca\u00e7\u00e3o? Com a palavra, os jovens"},"content":{"rendered":"<p>A pergunta que n\u00e3o quer calar: O QUE \u00c9 VOCA\u00c7\u00c3O?<\/p>\n<p>Com a palavra, os jovens&#8230;<\/p>\n<p><iframe loading=\"lazy\" src=\"https:\/\/www.youtube.com\/embed\/YyPifKnbRf0\" width=\"420\" height=\"315\" frameborder=\"0\" allowfullscreen=\"allowfullscreen\"><\/iframe><\/p>\n<p>E para voc\u00ea, o que \u00e9 voca\u00e7\u00e3o?<\/p>\n<p>&nbsp;<\/p>\n<p>***<br \/>\n<strong>VOCARE 2015<\/strong><br \/>\n18 a 21 de abril em Maring\u00e1 (PR).<br \/>\nParticipe!<br \/>\n<a href=\"http:\/\/vocare.org.br\" target=\"_blank\">www.vocare.org.br <\/a><\/p>\n","protected":false},"excerpt":{"rendered":"<p>A pergunta que n\u00e3o quer calar: O QUE \u00c9 VOCA\u00c7\u00c3O? Com a palavra, os jovens&#8230; E para voc\u00ea, o que \u00e9 voca\u00e7\u00e3o? &nbsp; *** VOCARE 2015 18 a 21 de abril em Maring\u00e1 (PR). Participe! www.vocare.org.br<\/p>\n","protected":false},"author":19,"featured_media":0,"comment_status":"open","ping_status":"open","sticky":false,"template":"","format":"standard","meta":{"ngg_post_thumbnail":0,"footnotes":""},"categories":[115],"tags":[92,8948,16533,22241],"class_list":["post-3852","post","type-post","status-publish","format-standard","hentry","category-videos","tag-video","tag-videos-2","tag-vocacao","tag-vocare"],"_links":{"self":[{"href":"https:\/\/ultimato.com.br\/sites\/jovem\/wp-json\/wp\/v2\/posts\/3852","targetHints":{"allow":["GET"]}}],"collection":[{"href":"https:\/\/ultimato.com.br\/sites\/jovem\/wp-json\/wp\/v2\/posts"}],"about":[{"href":"https:\/\/ultimato.com.br\/sites\/jovem\/wp-json\/wp\/v2\/types\/post"}],"author":[{"embeddable":true,"href":"https:\/\/ultimato.com.br\/sites\/jovem\/wp-json\/wp\/v2\/users\/19"}],"replies":[{"embeddable":true,"href":"https:\/\/ultimato.com.br\/sites\/jovem\/wp-json\/wp\/v2\/comments?post=3852"}],"version-history":[{"count":1,"href":"https:\/\/ultimato.com.br\/sites\/jovem\/wp-json\/wp\/v2\/posts\/3852\/revisions"}],"predecessor-version":[{"id":3853,"href":"https:\/\/ultimato.com.br\/sites\/jovem\/wp-json\/wp\/v2\/posts\/3852\/revisions\/3853"}],"wp:attachment":[{"href":"https:\/\/ultimato.com.br\/sites\/jovem\/wp-json\/wp\/v2\/media?parent=3852"}],"wp:term":[{"taxonomy":"category","embeddable":true,"href":"https:\/\/ultimato.com.br\/sites\/jovem\/wp-json\/wp\/v2\/categories?post=3852"},{"taxonomy":"post_tag","embeddable":true,"href":"https:\/\/ultimato.com.br\/sites\/jovem\/wp-json\/wp\/v2\/tags?post=3852"}],"curies":[{"name":"wp","href":"https:\/\/api.w.org\/{rel}","templated":true}]}}