{"id":3801,"date":"2015-01-26T12:59:10","date_gmt":"2015-01-26T15:59:10","guid":{"rendered":"http:\/\/ultimato.com.br\/sites\/jovem\/?p=3801"},"modified":"2015-01-26T13:01:02","modified_gmt":"2015-01-26T16:01:02","slug":"de-tudo-escolha-o-desafio","status":"publish","type":"post","link":"https:\/\/ultimato.com.br\/sites\/jovem\/2015\/01\/26\/de-tudo-escolha-o-desafio\/","title":{"rendered":"De tudo, escolha o desafio!"},"content":{"rendered":"<p><a href=\"http:\/\/ultimato.com.br\/sites\/jovem\/files\/2015\/01\/UltJovem_26_01_15_Escalar.jpg\" class=\"lightview\" data-lightview-group=\"group-3801\" data-lightview-options=\"skin: 'dark', controls: 'relative', padding: '10', shadow: { color: '#000000', opacity: 0.08, blur: 3 }\"><img loading=\"lazy\" decoding=\"async\" class=\"alignright wp-image-3802\" src=\"http:\/\/ultimato.com.br\/sites\/jovem\/files\/2015\/01\/UltJovem_26_01_15_Escalar.jpg\" alt=\"UltJovem_26_01_15_Escalar\" width=\"229\" height=\"400\" srcset=\"https:\/\/ultimato.com.br\/sites\/jovem\/files\/2015\/01\/UltJovem_26_01_15_Escalar.jpg 289w, https:\/\/ultimato.com.br\/sites\/jovem\/files\/2015\/01\/UltJovem_26_01_15_Escalar-171x300.jpg 171w\" sizes=\"auto, (max-width: 229px) 100vw, 229px\" \/><\/a>De tudo que voc\u00ea ouve, v\u00ea ou toca, escolha o desafio. N\u00e3o qualquer desafio, mas sim o desafio de participar da miss\u00e3o de Deus no mundo hoje. Esta decis\u00e3o n\u00e3o apenas ocupar\u00e1 sua rotina e sua mente, mas tamb\u00e9m abrir\u00e1 um caminho fascinante para voc\u00ea.<\/p>\n<p>Interessado? Ent\u00e3o que tal assumir realmente este compromisso? O blog <strong>Ultimato Jovem<\/strong> recomenda o <a href=\"http:\/\/www.cem.org.br\/site\/cursos\/curta-duracao\/emep\/\">10\u00ba Encontro Mission\u00e1rio Estudantil e Profissional (EMEP),<\/a> promovido pelo Centro Evang\u00e9lico de Miss\u00f5es (CEM), e que ocorrer\u00e1 no feriado de Carnaval (14 a 17 de fevereiro), no CEM, que fica ao lado da sede da Editora Ultimato, em Vi\u00e7osa (MG). O evento vai discutir o tema &#8220;Miss\u00e3o em contextos desafiadores&#8221;. O CEM \u00e9 uma reconhecida escola de miss\u00f5es que capacita crist\u00e3os a trabalharem em favor do reino de Deus, sejam eles pastores ou n\u00e3o, jovens ou velhos, mulheres ou homens.<\/p>\n<p>O pastor Elben C\u00e9sar, fundador da Ultimato, ser\u00e1 um dos preletores do Encontro. O EMEP, al\u00e9m de palestras, vai oferecer doze oficinas, conversas individuais sobre voca\u00e7\u00e3o e comunh\u00e3o com gente de v\u00e1rios lugares. <a href=\"http:\/\/www.cem.org.br\/site\/cursos\/curta-duracao\/emep\/ficha-de-inscricao\/\">Inscreva-se!<\/a><\/p>\n<p><a href=\"http:\/\/ultimato.com.br\/sites\/jovem\/files\/2015\/01\/emep2015-02web.jpg\" class=\"lightview\" data-lightview-group=\"group-3801\" data-lightview-options=\"skin: 'dark', controls: 'relative', padding: '10', shadow: { color: '#000000', opacity: 0.08, blur: 3 }\"><img loading=\"lazy\" decoding=\"async\" class=\"aligncenter size-full wp-image-3803\" src=\"http:\/\/ultimato.com.br\/sites\/jovem\/files\/2015\/01\/emep2015-02web.jpg\" alt=\"emep2015-02web\" width=\"498\" height=\"347\" srcset=\"https:\/\/ultimato.com.br\/sites\/jovem\/files\/2015\/01\/emep2015-02web.jpg 498w, https:\/\/ultimato.com.br\/sites\/jovem\/files\/2015\/01\/emep2015-02web-300x209.jpg 300w, https:\/\/ultimato.com.br\/sites\/jovem\/files\/2015\/01\/emep2015-02web-150x104.jpg 150w\" sizes=\"auto, (max-width: 498px) 100vw, 498px\" \/><\/a><\/p>\n<p><strong>MAIS<br \/>\n<\/strong>&gt;&gt; Conhe\u00e7a a <strong><a href=\"http:\/\/www.cem.org.br\/site\/cursos\/curta-duracao\/emep\/programa-do-emep-2013\/\">programa\u00e7\u00e3o<\/a><\/strong> do EMEP<br \/>\n&gt;&gt; Escolha as <strong><a href=\"http:\/\/www.cem.org.br\/site\/inicio\/oficinas-do-emep-2011\/\">oficinas<\/a><\/strong><br \/>\n&gt;&gt; Veja um <strong>v\u00eddeo<\/strong> sobre como foi o EMEP em 2009.<\/p>\n<p><iframe loading=\"lazy\" src=\"\/\/www.youtube.com\/embed\/CJ3dEMPrff4\" width=\"560\" height=\"315\" frameborder=\"0\" allowfullscreen=\"allowfullscreen\"><\/iframe><\/p>\n","protected":false},"excerpt":{"rendered":"<p>De tudo que voc\u00ea ouve, v\u00ea ou toca, escolha o desafio. N\u00e3o qualquer desafio, mas sim o desafio de participar da miss\u00e3o de Deus no mundo hoje. Esta decis\u00e3o n\u00e3o apenas ocupar\u00e1 sua rotina e sua mente, mas tamb\u00e9m abrir\u00e1 um caminho fascinante para voc\u00ea. Interessado? Ent\u00e3o que tal assumir realmente este compromisso? O blog [&hellip;]<\/p>\n","protected":false},"author":19,"featured_media":0,"comment_status":"open","ping_status":"open","sticky":false,"template":"","format":"standard","meta":{"ngg_post_thumbnail":0,"footnotes":""},"categories":[5152],"tags":[18331,91,5485,80,16533],"class_list":["post-3801","post","type-post","status-publish","format-standard","hentry","category-altas-indicacoes","tag-altas-indicacoes-2","tag-cem","tag-emep","tag-missoes","tag-vocacao"],"_links":{"self":[{"href":"https:\/\/ultimato.com.br\/sites\/jovem\/wp-json\/wp\/v2\/posts\/3801","targetHints":{"allow":["GET"]}}],"collection":[{"href":"https:\/\/ultimato.com.br\/sites\/jovem\/wp-json\/wp\/v2\/posts"}],"about":[{"href":"https:\/\/ultimato.com.br\/sites\/jovem\/wp-json\/wp\/v2\/types\/post"}],"author":[{"embeddable":true,"href":"https:\/\/ultimato.com.br\/sites\/jovem\/wp-json\/wp\/v2\/users\/19"}],"replies":[{"embeddable":true,"href":"https:\/\/ultimato.com.br\/sites\/jovem\/wp-json\/wp\/v2\/comments?post=3801"}],"version-history":[{"count":2,"href":"https:\/\/ultimato.com.br\/sites\/jovem\/wp-json\/wp\/v2\/posts\/3801\/revisions"}],"predecessor-version":[{"id":3805,"href":"https:\/\/ultimato.com.br\/sites\/jovem\/wp-json\/wp\/v2\/posts\/3801\/revisions\/3805"}],"wp:attachment":[{"href":"https:\/\/ultimato.com.br\/sites\/jovem\/wp-json\/wp\/v2\/media?parent=3801"}],"wp:term":[{"taxonomy":"category","embeddable":true,"href":"https:\/\/ultimato.com.br\/sites\/jovem\/wp-json\/wp\/v2\/categories?post=3801"},{"taxonomy":"post_tag","embeddable":true,"href":"https:\/\/ultimato.com.br\/sites\/jovem\/wp-json\/wp\/v2\/tags?post=3801"}],"curies":[{"name":"wp","href":"https:\/\/api.w.org\/{rel}","templated":true}]}}