{"id":38,"date":"2010-09-22T20:13:58","date_gmt":"2010-09-22T20:13:58","guid":{"rendered":"http:\/\/ultimato.com.br\/sites\/jovem\/?p=38"},"modified":"2011-11-03T14:57:40","modified_gmt":"2011-11-03T17:57:40","slug":"o-mundo-e-o-nosso-claustro","status":"publish","type":"post","link":"https:\/\/ultimato.com.br\/sites\/jovem\/2010\/09\/22\/o-mundo-e-o-nosso-claustro\/","title":{"rendered":"O mundo \u00e9 o nosso claustro"},"content":{"rendered":"<p><em><span><span style=\"font-size: small;\">Evangelize sempre, quando necess\u00e1rio, fale.<\/span><\/span><\/em><\/p>\n<p><span><span style=\"font-size: small;\">Praticamente todo evang\u00e9lico j\u00e1 ouviu afirmarem que Francisco de Assis disse essa frase. Alguns a atribuem a Agostinho de Hipona. Quanto ao bispo, me abstenho de comentar, pois n\u00e3o li muito a obra dele. Mas com rela\u00e7\u00e3o a Francisco, nunca a encontrei nos seus escritos. Na verdade, ele nos deixou pouca coisa escrita. Quase tudo que se conhece do <\/span><\/span><span><span style=\"font-size: small;\"><em>Poverello<\/em><\/span><\/span><span><span style=\"font-size: small;\"> (Pobrezinho, como ele, \u00e0s vezes, \u00e9 chamado em italiano) \u00e9 fruto dos seus hagi\u00f3grafos.<\/span><\/span><\/p>\n<p><span><span style=\"font-size: small;\"><!--more--><\/span><\/span><\/p>\n<p><span><span style=\"font-size: small;\">Embora tudo indique que Francisco n\u00e3o tenha deixado por escrito essa recomenda\u00e7\u00e3o, ela se aproxima do que os seus escritos e primeiros hagi\u00f3grafos nos ensinam sobre ele: que viveu e ensinou que a viv\u00eancia social n\u00e3o \u00e9 algo que o crist\u00e3o deve evitar, mas, pelo contr\u00e1rio, buscar. Mas Francisco n\u00e3o usaria essa frase para justificar a evangeliza\u00e7\u00e3o apenas como uma vida de exemplo, como se faz hoje, s\u00f3 que de forma velada. O exemplo, para ele, n\u00e3o anula a proclama\u00e7\u00e3o. <\/span><\/span><\/p>\n<p><span><span style=\"font-size: small;\">Francisco foi muito importante para que pud\u00e9ssemos entender que o mundo \u00e9 o nosso lugar de busca de santidade e o nosso lugar de servi\u00e7o, tanto por meio da palavra quanto por meio do exemplo. At\u00e9 o final do s\u00e9culo XI, a vida no claustro (<\/span><\/span><span><span style=\"font-size: small;\"><em>claustrum<\/em><\/span><\/span><span><span style=\"font-size: small;\">) era o ideal de santidade. S\u00f3 eram considerados crist\u00e3os de primeira categoria aqueles que viviam fora do mundo (sociedade). Ser monge era antecipar a vida no c\u00e9u.<\/span><\/span><\/p>\n<p><span><span style=\"font-size: small;\">O <\/span><\/span><span><span style=\"font-size: small;\"><em>Sacrum Commercium<\/em><\/span><\/span><span><span style=\"font-size: small;\"> (Santa Alian\u00e7a), documento do s\u00e9culo XIII, representa bem como era diferente a rela\u00e7\u00e3o de Francisco e dos menores com o mundo social. O Pobre de Assis e alguns companheiros tiveram um encontro com a Senhora Pobreza. Eis um dos di\u00e1logos:<\/span><\/span><\/p>\n<p>\u201c<span>Ela, [&#8230;] levantou-se ligeiramente, pedindo que se lhe mostrasse o claustro. Conduzindo-a a uma colina, mostraram-lhe todo o orbe [mundo] que podiam ver, dizendo: &#8216;Senhora, este \u00e9 o nosso Claustro&#8217;.\u201d<\/span><\/p>\n<p><span><span style=\"font-size: small;\">Embora o vocabul\u00e1rio da hist\u00f3ria nos soe muito estranho (\u201cSenhora Pobreza\u201d, \u201cclaustro\u201d, \u201corbe\u201d, \u201csono muito tranq\u00fcilo\u201d), ela nos ensina algo que a Reforma Protestante desenvolveu s\u00e9culos depois, ou seja, a id\u00e9ia de que a vida crist\u00e3, apesar de ser uma caminhada para a Eternidade, \u00e9 vivida na hist\u00f3ria. Essa par\u00e1bola \u00e9 um convite para deixarmos de olhar apenas para o C\u00e9u (que os monges pensavam estar no fundo escuro das celas mon\u00e1sticas) para direcionarmos nossos olhos para os homens e a cria\u00e7\u00e3o, isto \u00e9, o mundo, pois este revela a beleza do Criador. Para Francisco, \u201cn\u00e3o amar o mundo\u201d significava n\u00e3o amar o pecado e n\u00e3o se apegar a essa exist\u00eancia em detrimento da outra, pois defendia que o crist\u00e3o deve sair do mundo (a vida dominada pelo pecado) para pregar ao mundo (os homens) enquanto caminha para o mundo que \u00e9 bem melhor do que este (Vida Eterna). O Evangelho faz com que os homens sintam o cheirinho do banquete chamado Eternidade e desejem dele participar. <\/span><\/span><\/p>\n<p><span><span style=\"font-size: small;\">S\u00f3 que o pessoal gostou tanto da id\u00e9ia de olhar para a terra novamente (digo isso porque Cristo e os primeiros crist\u00e3os olharam) que parou de olhar para o c\u00e9u. Para alguns, o que a B\u00edblia chama de Eternidade \u00e9 uma sociedade justa; e \u201cVolta de Cristo\u201d nada mais \u00e9 do que os ensinos dele vividos aqui e agora. Outros, mais coerentes com o que realmente querem, n\u00e3o falam e cantam mais sobre o \u201cC\u00e9u, lindo C\u00e9u, C\u00e9u, lindo C\u00e9u\u201d ou sobre o \u201cDia Glorioso\u201d, pois querem as b\u00ean\u00e7\u00e3os, todas, nessa vida. Esqueceram-se de que o <\/span><\/span><span><span style=\"font-size: small;\"><em>Poverello<\/em><\/span><\/span><span><span style=\"font-size: small;\"> nos ensinou que o mundo \u00e9 o nosso lugar de busca de santidade e onde servimos; que podemos amar, sem sentimento de culpa, a vida na hist\u00f3ria, desde que sem preju\u00edzo do grande amor pela Vida Eterna.<\/span><\/span><\/p>\n<p><span><span style=\"font-size: small;\">_________<br \/>\n<\/span><\/span><\/p>\n<p><span><span style=\"font-size: small;\"><strong>Fl\u00e1vio Am\u00e9rico Dantas de Carvalho<\/strong>, 26, presidente da ABUB Natal, \u00e9 licenciado em hist\u00f3ria pela Universidade Federal do Rio Grande do Norte (UFRN) e mestrando em Hist\u00f3ria da Igreja Medieval pela UFRN (T\u00edtulo da Disserta\u00e7\u00e3o: <\/span><\/span><em><span style=\"font-size: small;\">Espelho Clar\u00edssimo da Bondade de Deus<\/span><\/em><span><span style=\"font-size: small;\">: S\u00e3o Francisco e o mundo na obra de Tom\u00e1s de Celano). Professor de Hist\u00f3ria da Igreja. Candidato ao Sagrado Minist\u00e9rio pela Igreja Presbiteriana de Cidade Sat\u00e9lite.<\/span><\/span><\/p>\n","protected":false},"excerpt":{"rendered":"<p>Francisco foi muito importante para que pud\u00e9ssemos entender que o mundo \u00e9 o nosso lugar de busca de santidade e o nosso lugar de servi\u00e7o, tanto por meio da palavra quanto por meio do exemplo.<\/p>\n","protected":false},"author":8,"featured_media":0,"comment_status":"open","ping_status":"open","sticky":false,"template":"","format":"standard","meta":{"ngg_post_thumbnail":0,"footnotes":""},"categories":[6054],"tags":[],"class_list":["post-38","post","type-post","status-publish","format-standard","hentry","category-textos"],"_links":{"self":[{"href":"https:\/\/ultimato.com.br\/sites\/jovem\/wp-json\/wp\/v2\/posts\/38","targetHints":{"allow":["GET"]}}],"collection":[{"href":"https:\/\/ultimato.com.br\/sites\/jovem\/wp-json\/wp\/v2\/posts"}],"about":[{"href":"https:\/\/ultimato.com.br\/sites\/jovem\/wp-json\/wp\/v2\/types\/post"}],"author":[{"embeddable":true,"href":"https:\/\/ultimato.com.br\/sites\/jovem\/wp-json\/wp\/v2\/users\/8"}],"replies":[{"embeddable":true,"href":"https:\/\/ultimato.com.br\/sites\/jovem\/wp-json\/wp\/v2\/comments?post=38"}],"version-history":[{"count":6,"href":"https:\/\/ultimato.com.br\/sites\/jovem\/wp-json\/wp\/v2\/posts\/38\/revisions"}],"predecessor-version":[{"id":1260,"href":"https:\/\/ultimato.com.br\/sites\/jovem\/wp-json\/wp\/v2\/posts\/38\/revisions\/1260"}],"wp:attachment":[{"href":"https:\/\/ultimato.com.br\/sites\/jovem\/wp-json\/wp\/v2\/media?parent=38"}],"wp:term":[{"taxonomy":"category","embeddable":true,"href":"https:\/\/ultimato.com.br\/sites\/jovem\/wp-json\/wp\/v2\/categories?post=38"},{"taxonomy":"post_tag","embeddable":true,"href":"https:\/\/ultimato.com.br\/sites\/jovem\/wp-json\/wp\/v2\/tags?post=38"}],"curies":[{"name":"wp","href":"https:\/\/api.w.org\/{rel}","templated":true}]}}