{"id":3795,"date":"2015-01-16T10:26:14","date_gmt":"2015-01-16T13:26:14","guid":{"rendered":"http:\/\/ultimato.com.br\/sites\/jovem\/?p=3795"},"modified":"2015-01-19T08:03:18","modified_gmt":"2015-01-19T11:03:18","slug":"seguindo-em-frente","status":"publish","type":"post","link":"https:\/\/ultimato.com.br\/sites\/jovem\/2015\/01\/16\/seguindo-em-frente\/","title":{"rendered":"Seguindo em frente"},"content":{"rendered":"<p>Por Jeverton \u201cMagr\u00e3o\u201d Ledo<\/p>\n<p><a href=\"http:\/\/ultimato.com.br\/sites\/jovem\/files\/2015\/01\/Ult_Jovem_16_01_15_Magrao1.jpg\" class=\"lightview\" data-lightview-group=\"group-3795\" data-lightview-options=\"skin: 'dark', controls: 'relative', padding: '10', shadow: { color: '#000000', opacity: 0.08, blur: 3 }\"><img loading=\"lazy\" decoding=\"async\" class=\"alignright size-medium wp-image-3797\" src=\"http:\/\/ultimato.com.br\/sites\/jovem\/files\/2015\/01\/Ult_Jovem_16_01_15_Magrao1-300x200.jpg\" alt=\"Ult_Jovem_16_01_15_Magrao\" width=\"300\" height=\"200\" srcset=\"https:\/\/ultimato.com.br\/sites\/jovem\/files\/2015\/01\/Ult_Jovem_16_01_15_Magrao1-300x200.jpg 300w, https:\/\/ultimato.com.br\/sites\/jovem\/files\/2015\/01\/Ult_Jovem_16_01_15_Magrao1-150x100.jpg 150w, https:\/\/ultimato.com.br\/sites\/jovem\/files\/2015\/01\/Ult_Jovem_16_01_15_Magrao1.jpg 448w\" sizes=\"auto, (max-width: 300px) 100vw, 300px\" \/><\/a>Sentado aqui agora, horas que se v\u00e3o ao rel\u00f3gio: tempo. Tempo que nos conduz para mais uma mudan\u00e7a rumo a um caminho que ainda reservar\u00e1 novos desafios, encontros e a inspira\u00e7\u00e3o que dar\u00e1 o tom, a continuidade de uma hist\u00f3ria e suas pinceladas em tons de cinza e cores vibrantes. As emo\u00e7\u00f5es e sentimentos v\u00e3o e vem trazendo lembran\u00e7as, reavivando sonhos e enchendo o cora\u00e7\u00e3o pulsante de esperan\u00e7a.<\/p>\n<p>O tempo tem se permitido abrir momentos onde experimentei alegrias de celebra\u00e7\u00f5es que uniram amigos queridos, encontros com uma juventude engajada no servir e desejando viver um Cristianismo de dentro para fora, visitas de pessoas queridas, amizades que apenas iniciaram uma constru\u00e7\u00e3o duradoura e o mais importante palavras inspiradoras e cheias de uma for\u00e7a bem desenhadas em pequenos peda\u00e7os de papel.<\/p>\n<p>A cada t\u00e9rmino e novo in\u00edcio \u00e9 tempo de parar, se autoanalisar, reafirmar convic\u00e7\u00f5es, desconstruir e perceber que a obra em nossa vida continuar\u00e1 sendo edificada em uma base s\u00f3lida: o amor. Amor que me guia, entende, respeita e impulsiona afinal de contas a vida continua. Continuar por continuar seria diminuir a vida a uma insignificante contagem de dias esperando o fim.<\/p>\n<p>N\u00e3o me permito dar um ponto final, no m\u00e1ximo umas interroga\u00e7\u00f5es frente \u00e0s perguntas respondendo com coragem, humildade e signific\u00e2ncia.<\/p>\n<p>Significado ao chamado que nos enxerga como pe\u00e7as importantes nesse tabuleiro onde caminhar e enfrentar advers\u00e1rios \u00e9 alcan\u00e7ar n\u00e3o a outra extremidade e a vit\u00f3ria pessoal, mas sim o cumprir do resgate pessoal e coletivo.<\/p>\n<p>Por fim, opa n\u00e3o seria recome\u00e7o? A vida tem me ensinado e me levado a me entender melhor a cada dia, a lutar contra meus pr\u00f3prios planos e constru\u00e7\u00f5es, percebendo o quanto fraco sou. N\u00e3o se intimide, n\u00e3o corra de voc\u00ea mesmo, a coragem est\u00e1 no ato de se desarmar, se reconhecer e se lan\u00e7ar a cada novo dia nesse tempo e nessa hist\u00f3ria, um mundo que precisa dos &#8220;fracos&#8221; para mostrar a fonte de todo poder.<\/p>\n<p>Quero e buscarei isso todos os dias at\u00e9 que as cortinas sejam fechadas, as luzes se apaguem e o amanh\u00e3 n\u00e3o me acorde com um novo desafio.<\/p>\n<p><strong><a href=\"http:\/\/ultimato.com.br\/sites\/jovem\/2014\/10\/13\/vivencia\/jeverton.ledo@gmail.com\">\u2022 Jeverton \u201cMagr\u00e3o\u201d Ledo<\/a><\/strong> \u00e9 mission\u00e1rio e pastor de jovens.<\/p>\n","protected":false},"excerpt":{"rendered":"<p>Por Jeverton \u201cMagr\u00e3o\u201d Ledo Sentado aqui agora, horas que se v\u00e3o ao rel\u00f3gio: tempo. Tempo que nos conduz para mais uma mudan\u00e7a rumo a um caminho que ainda reservar\u00e1 novos desafios, encontros e a inspira\u00e7\u00e3o que dar\u00e1 o tom, a continuidade de uma hist\u00f3ria e suas pinceladas em tons de cinza e cores vibrantes. As [&hellip;]<\/p>\n","protected":false},"author":19,"featured_media":0,"comment_status":"open","ping_status":"open","sticky":false,"template":"","format":"standard","meta":{"ngg_post_thumbnail":0,"footnotes":""},"categories":[5151],"tags":[],"class_list":["post-3795","post","type-post","status-publish","format-standard","hentry","category-outros-papos"],"_links":{"self":[{"href":"https:\/\/ultimato.com.br\/sites\/jovem\/wp-json\/wp\/v2\/posts\/3795","targetHints":{"allow":["GET"]}}],"collection":[{"href":"https:\/\/ultimato.com.br\/sites\/jovem\/wp-json\/wp\/v2\/posts"}],"about":[{"href":"https:\/\/ultimato.com.br\/sites\/jovem\/wp-json\/wp\/v2\/types\/post"}],"author":[{"embeddable":true,"href":"https:\/\/ultimato.com.br\/sites\/jovem\/wp-json\/wp\/v2\/users\/19"}],"replies":[{"embeddable":true,"href":"https:\/\/ultimato.com.br\/sites\/jovem\/wp-json\/wp\/v2\/comments?post=3795"}],"version-history":[{"count":2,"href":"https:\/\/ultimato.com.br\/sites\/jovem\/wp-json\/wp\/v2\/posts\/3795\/revisions"}],"predecessor-version":[{"id":3799,"href":"https:\/\/ultimato.com.br\/sites\/jovem\/wp-json\/wp\/v2\/posts\/3795\/revisions\/3799"}],"wp:attachment":[{"href":"https:\/\/ultimato.com.br\/sites\/jovem\/wp-json\/wp\/v2\/media?parent=3795"}],"wp:term":[{"taxonomy":"category","embeddable":true,"href":"https:\/\/ultimato.com.br\/sites\/jovem\/wp-json\/wp\/v2\/categories?post=3795"},{"taxonomy":"post_tag","embeddable":true,"href":"https:\/\/ultimato.com.br\/sites\/jovem\/wp-json\/wp\/v2\/tags?post=3795"}],"curies":[{"name":"wp","href":"https:\/\/api.w.org\/{rel}","templated":true}]}}