{"id":379,"date":"2011-01-19T15:03:55","date_gmt":"2011-01-19T18:03:55","guid":{"rendered":"http:\/\/ultimato.com.br\/sites\/jovem\/?p=379"},"modified":"2011-11-03T14:57:57","modified_gmt":"2011-11-03T17:57:57","slug":"pelas-ruas-com-os-marginalizados","status":"publish","type":"post","link":"https:\/\/ultimato.com.br\/sites\/jovem\/2011\/01\/19\/pelas-ruas-com-os-marginalizados\/","title":{"rendered":"Pelas ruas, com os marginalizados"},"content":{"rendered":"<p><span style=\"color: #008080;\"><strong><a href=\"http:\/\/ultimato.com.br\/sites\/jovem\/files\/2011\/01\/DSC093721.jpg\" class=\"lightview\" data-lightview-group=\"group-379\" data-lightview-options=\"skin: 'dark', controls: 'relative', padding: '10', shadow: { color: '#000000', opacity: 0.08, blur: 3 }\" data-lightview-title=\"DSC09372\"><img loading=\"lazy\" decoding=\"async\" class=\"alignright size-medium wp-image-381\" title=\"DSC09372\" src=\"http:\/\/ultimato.com.br\/sites\/jovem\/files\/2011\/01\/DSC093721-300x225.jpg\" alt=\"\" width=\"240\" height=\"180\" srcset=\"https:\/\/ultimato.com.br\/sites\/jovem\/files\/2011\/01\/DSC093721-300x225.jpg 300w, https:\/\/ultimato.com.br\/sites\/jovem\/files\/2011\/01\/DSC093721-150x112.jpg 150w, https:\/\/ultimato.com.br\/sites\/jovem\/files\/2011\/01\/DSC093721.jpg 640w\" sizes=\"auto, (max-width: 240px) 100vw, 240px\" \/><\/a><span style=\"color: #888888;\">Aqui est\u00e1 o \u00faltimo texto prometido na se\u00e7\u00e3o Altos Papos da edi\u00e7\u00e3o de Janeiro e Fevereiro da revista. <\/span><\/strong><\/span><\/p>\n<p><span style=\"color: #888888;\"><strong>Comentem!<\/strong><\/span><\/p>\n<p>Quase todas as sextas-feiras s\u00e3o iguais em Belo Horizonte, MG. Nas \u00e1reas nobres da cidade, jovens se aprontam para a balada em inferninhos, boates e bares chiques da zona sul. No Prado, Santa Tereza e Floresta, h\u00e1 espa\u00e7o para os bo\u00eamios ao som do samba e do chorinho. Mais ao norte, o forr\u00f3 e o black atraem para os bailes tanto dan\u00e7arinos jovens quanto os mais maduros.<!--more--> J\u00e1 o Centro \u00e9 o point dos botecos, que re\u00fanem pessoas de bairros populares da capital e cidades da regi\u00e3o metropolitana. \u00c9 ali tamb\u00e9m que est\u00e1 a maioria dos moradores de rua e prostitutas da cidade e, junto deles, um grupo de crist\u00e3os dispostos a cumprir o chamado de Mateus 28.19 e apresentar a mensagem do evangelho a quem quiser ouvir. O objetivo n\u00e3o \u00e9 acabar com a alegria fugaz dos festeiros da madrugada, mas lev\u00e1-los a conhecer um motivo permanente de felicidade: o carinho de Deus. Por isso, o nome da iniciativa \u00e9 Madrugada do Carinho com Deus.<\/p>\n<p>Organizada sempre na primeira sexta-feira do m\u00eas por, em m\u00e9dia, 65 volunt\u00e1rios vindos das mais diferentes denomina\u00e7\u00f5es evang\u00e9licas \u2013 contando, \u00e0s vezes, com alguns cat\u00f3licos \u2013, a Madrugada acontece desde 1996 nas principais avenidas do centro de BH. Seu foco, desde sempre, foi abra\u00e7ar os marginalizados, isto \u00e9, a popula\u00e7\u00e3o \u201cem situa\u00e7\u00e3o de rua\u201d, como define o atual coordenador, pastor Maur\u00edcio do Amor Divino Costa. \u201cNosso trabalho \u00e9 voltado para atender a mendigos, crian\u00e7as de rua, dependentes qu\u00edmicos, travestis, prostitutas, fam\u00edlias carentes da cidade, mas tamb\u00e9m pregamos para os transeuntes que cruzam conosco pela noite\u201d, informa.<\/p>\n<p><a href=\"http:\/\/ultimato.com.br\/sites\/jovem\/files\/2011\/01\/DSC09340.jpg\" class=\"lightview\" data-lightview-group=\"group-379\" data-lightview-options=\"skin: 'dark', controls: 'relative', padding: '10', shadow: { color: '#000000', opacity: 0.08, blur: 3 }\" data-lightview-title=\"DSC09340\"><img loading=\"lazy\" decoding=\"async\" class=\"aligncenter size-medium wp-image-383\" title=\"DSC09340\" src=\"http:\/\/ultimato.com.br\/sites\/jovem\/files\/2011\/01\/DSC09340-300x225.jpg\" alt=\"\" width=\"300\" height=\"225\" srcset=\"https:\/\/ultimato.com.br\/sites\/jovem\/files\/2011\/01\/DSC09340-300x225.jpg 300w, https:\/\/ultimato.com.br\/sites\/jovem\/files\/2011\/01\/DSC09340-150x112.jpg 150w, https:\/\/ultimato.com.br\/sites\/jovem\/files\/2011\/01\/DSC09340.jpg 640w\" sizes=\"auto, (max-width: 300px) 100vw, 300px\" \/><\/a><\/p>\n<p>Al\u00e9m da oportunidade de Salva\u00e7\u00e3o, os grupos que representam o projeto tamb\u00e9m carregam consigo p\u00e3o com manteiga e leite achocolatado, usados como \u201ccart\u00f5es de visita\u201d. Folhetos, roupas, prancheta para anotar informa\u00e7\u00f5es e alguns conselhos tamb\u00e9m s\u00e3o boas \u201carmas\u201d dos integrantes, que encontram uma infinidade de tipos urbanos com necessidades diversas em uma mesma noite.<\/p>\n<p>Maur\u00edcio esclarece que a principal preocupa\u00e7\u00e3o da Madrugada \u00e9 mostrar que a reinser\u00e7\u00e3o social \u00e9 poss\u00edvel. \u201cNossa perspectiva \u00e9 que a popula\u00e7\u00e3o em situa\u00e7\u00e3o de rua possa ser reintegrada \u00e0 sociedade, resgatando v\u00ednculos familiares e adquirindo ferramentas que a possibilite definir novas escolhas para sua vida\u201d, explica. Para isso, h\u00e1 uma equipe que trabalha al\u00e9m das sextas-feiras, recolhendo alimentos para cestas b\u00e1sicas, mantendo contato com as pessoas cadastradas no evangelismo e atendendo a moradores de rua e fam\u00edlias carentes todas as segundas-feiras, na Igreja Batista do Barro Preto, comunidade que abriu suas portas ao projeto.<\/p>\n<p><a href=\"http:\/\/ultimato.com.br\/sites\/jovem\/files\/2011\/01\/DSC06964.jpg\" class=\"lightview\" data-lightview-group=\"group-379\" data-lightview-options=\"skin: 'dark', controls: 'relative', padding: '10', shadow: { color: '#000000', opacity: 0.08, blur: 3 }\" data-lightview-title=\"DSC06964\"><img loading=\"lazy\" decoding=\"async\" class=\"aligncenter size-medium wp-image-384\" title=\"DSC06964\" src=\"http:\/\/ultimato.com.br\/sites\/jovem\/files\/2011\/01\/DSC06964-300x225.jpg\" alt=\"\" width=\"300\" height=\"225\" srcset=\"https:\/\/ultimato.com.br\/sites\/jovem\/files\/2011\/01\/DSC06964-300x225.jpg 300w, https:\/\/ultimato.com.br\/sites\/jovem\/files\/2011\/01\/DSC06964-150x112.jpg 150w, https:\/\/ultimato.com.br\/sites\/jovem\/files\/2011\/01\/DSC06964.jpg 640w\" sizes=\"auto, (max-width: 300px) 100vw, 300px\" \/><\/a><\/p>\n<p>Outra vertente do projeto \u00e9 o envio de dependentes qu\u00edmicos a cl\u00ednicas de reabilita\u00e7\u00e3o, onde s\u00e3o mantidos com ofertas recolhidas nos encontros mensais ou doa\u00e7\u00f5es via dep\u00f3sito banc\u00e1rio.<\/p>\n<p><strong>Mais do que carinho<\/strong><\/p>\n<p>Como muitos projetos sociais, a Madrugada do Carinho com Deus se v\u00ea \u00e0s voltas com muitos desafios. O primeiro \u00e9 a necessidade de volunt\u00e1rios fixos dispostos a ajudar as pessoas abordadas semanalmente, sendo facilitadores para o resgate dos v\u00ednculos familiares, comunit\u00e1rios e sociais. O segundo \u00e9 a busca por ferramentas que estimulem os atendidos a superar a discrimina\u00e7\u00e3o e se reinserir no mercado de trabalho. Mantenedores ,pessoas que queiram adotar, espiritual e financeiramente, aqueles que est\u00e3o em recupera\u00e7\u00e3o do v\u00edcio em drogas e \u00e1lcool em cl\u00ednicas, tamb\u00e9m s\u00e3o necess\u00e1rios:. O maior desafio, no entanto, segundo o pr. Maur\u00edcio, \u201cainda \u00e9 a busca por um local fixo para o funcionamento semanal do projeto. Precisamos de uma estrutura na \u00e1rea central para fazermos o atendimento e a triagem dos moradores de rua\u201d.<\/p>\n<blockquote><p><strong>Hist\u00f3rias de vida (por Let\u00edcia Bessa)<\/strong><\/p>\n<p><strong>Livre da prostitui\u00e7\u00e3o<\/strong> \u2013 Deusa de F\u00e1tima vivia nas ruas, durante as madrugadas, se prostituindo. Em uma das abordagens da Madrugada do Carinho, ela ouviu sobre o amor de Jesus e aceitou receber uma visita do grupo em sua casa, apesar de n\u00e3o acreditar que eles, de fato, fossem. Moradora de uma favela, ela nunca havia recebido visitas. Depois da primeira experi\u00eancia, Deusa, seus dois filhos e as pessoas do projeto passaram a fazer um estudo b\u00edblico uma vez por semana. Depois de algum tempo, ela se integrou integrada a uma igreja. Todavia, ainda n\u00e3o havia conseguido outro emprego. Sem marido, ela preferiu ir \u00e0s ruas catar pap\u00e9is e latas de alum\u00ednio para comprar alimento a voltar \u00e0 prostitui\u00e7\u00e3o.<\/p>\n<p><strong>Livre das drogas \u2013<\/strong> Anderson de Oliveira foi encontrado nas ruas da cidade totalmente drogado, mas disposto a mudar de vida. O jovem foi internado, pela Madrugada do Carinho em uma cl\u00ednica, onde permaneceu por nove meses em processo de recupera\u00e7\u00e3o. Hoje Anderson est\u00e1 empregado, voltou para a sua fam\u00edlia, est\u00e1 integrado a uma igreja evang\u00e9lica e cria seu filho de 12 anos.<\/p>\n<p><strong>Um casamento inesperado<\/strong> \u2013 Internado por causa do v\u00edcio em drogas, Fl\u00e1vio Benjamim ficou 11 meses em recupera\u00e7\u00e3o. Durante esse per\u00edodo, acabou se apaixonando pela jovem que fazia os estudos b\u00edblicos na cl\u00ednica. Ap\u00f3s deixar o processo, ele come\u00e7ou o relacionamento com a mo\u00e7a. \u201cTive o privil\u00e9gio de ser padrinho do seu casamento e de almo\u00e7ar em sua nova casa, que n\u00e3o era mais as ruas, mas sim um local digno, pois o Senhor faz do homem uma nova criatura, as coisas velhas passam\u201d, lembra o pastor Maur\u00edcio, coordenador da Madrugada do Carinho.<\/p><\/blockquote>\n<p>_________<br \/>\n<strong>Pabline Felix<\/strong> tem 23 anos e \u00e9 jornalista, graduada pela  UFMG. \u00c9 membro da Comunidade Caverna de Adul\u00e3o e apaixonada pela ABUB e  por Belo Horizonte.<\/p>\n","protected":false},"excerpt":{"rendered":"<p>Aqui est\u00e1 o \u00faltimo texto prometido na se\u00e7\u00e3o Altos Papos da edi\u00e7\u00e3o de Janeiro e Fevereiro da revista. Comentem! Quase todas as sextas-feiras s\u00e3o iguais em Belo Horizonte, MG. Nas \u00e1reas nobres da cidade, jovens se aprontam para a balada em inferninhos, boates e bares chiques da zona sul. No Prado, Santa Tereza e Floresta, [&hellip;]<\/p>\n","protected":false},"author":19,"featured_media":0,"comment_status":"open","ping_status":"open","sticky":false,"template":"","format":"standard","meta":{"ngg_post_thumbnail":0,"footnotes":""},"categories":[5151],"tags":[],"class_list":["post-379","post","type-post","status-publish","format-standard","hentry","category-outros-papos"],"_links":{"self":[{"href":"https:\/\/ultimato.com.br\/sites\/jovem\/wp-json\/wp\/v2\/posts\/379","targetHints":{"allow":["GET"]}}],"collection":[{"href":"https:\/\/ultimato.com.br\/sites\/jovem\/wp-json\/wp\/v2\/posts"}],"about":[{"href":"https:\/\/ultimato.com.br\/sites\/jovem\/wp-json\/wp\/v2\/types\/post"}],"author":[{"embeddable":true,"href":"https:\/\/ultimato.com.br\/sites\/jovem\/wp-json\/wp\/v2\/users\/19"}],"replies":[{"embeddable":true,"href":"https:\/\/ultimato.com.br\/sites\/jovem\/wp-json\/wp\/v2\/comments?post=379"}],"version-history":[{"count":10,"href":"https:\/\/ultimato.com.br\/sites\/jovem\/wp-json\/wp\/v2\/posts\/379\/revisions"}],"predecessor-version":[{"id":386,"href":"https:\/\/ultimato.com.br\/sites\/jovem\/wp-json\/wp\/v2\/posts\/379\/revisions\/386"}],"wp:attachment":[{"href":"https:\/\/ultimato.com.br\/sites\/jovem\/wp-json\/wp\/v2\/media?parent=379"}],"wp:term":[{"taxonomy":"category","embeddable":true,"href":"https:\/\/ultimato.com.br\/sites\/jovem\/wp-json\/wp\/v2\/categories?post=379"},{"taxonomy":"post_tag","embeddable":true,"href":"https:\/\/ultimato.com.br\/sites\/jovem\/wp-json\/wp\/v2\/tags?post=379"}],"curies":[{"name":"wp","href":"https:\/\/api.w.org\/{rel}","templated":true}]}}