{"id":3757,"date":"2014-12-24T08:01:39","date_gmt":"2014-12-24T11:01:39","guid":{"rendered":"http:\/\/ultimato.com.br\/sites\/jovem\/?p=3757"},"modified":"2014-12-24T08:01:39","modified_gmt":"2014-12-24T11:01:39","slug":"estao-abertas-as-inscricoes-para-o-treinamento-compacta-da-steiger-brasil","status":"publish","type":"post","link":"https:\/\/ultimato.com.br\/sites\/jovem\/2014\/12\/24\/estao-abertas-as-inscricoes-para-o-treinamento-compacta-da-steiger-brasil\/","title":{"rendered":"Est\u00e3o abertas as inscri\u00e7\u00f5es para o Treinamento Compacta da Steiger Brasil"},"content":{"rendered":"<p>&#8220;<a href=\"http:\/\/ultimato.com.br\/sites\/jovem\/files\/2014\/12\/Ult_Jovem_24_12_14_compacta.jpg\" class=\"lightview\" data-lightview-group=\"group-3757\" data-lightview-options=\"skin: 'dark', controls: 'relative', padding: '10', shadow: { color: '#000000', opacity: 0.08, blur: 3 }\"><img loading=\"lazy\" decoding=\"async\" class=\"alignright size-medium wp-image-3759\" src=\"http:\/\/ultimato.com.br\/sites\/jovem\/files\/2014\/12\/Ult_Jovem_24_12_14_compacta-300x200.jpg\" alt=\"Ult_Jovem_24_12_14_compacta\" width=\"300\" height=\"200\" srcset=\"https:\/\/ultimato.com.br\/sites\/jovem\/files\/2014\/12\/Ult_Jovem_24_12_14_compacta-300x200.jpg 300w, https:\/\/ultimato.com.br\/sites\/jovem\/files\/2014\/12\/Ult_Jovem_24_12_14_compacta-150x100.jpg 150w, https:\/\/ultimato.com.br\/sites\/jovem\/files\/2014\/12\/Ult_Jovem_24_12_14_compacta.jpg 900w\" sizes=\"auto, (max-width: 300px) 100vw, 300px\" \/><\/a>Cada gera\u00e7\u00e3o precisa ouvir de novo este convite: olha, voc\u00eas s\u00e3o chamados para a santidade porque o Deus de voc\u00eas \u00e9 santo&#8221;, afirmou Ziel Machado, historiador e professor seminarista, quando questionado sobre a import\u00e2ncia da Confer\u00eancia Steiger. Ziel havia acabado de falar sobre relev\u00e2ncia sem comprometimento ao abrir as prega\u00e7\u00f5es da manh\u00e3 de s\u00e1bado, 1 de novembro. &#8220;Um evento como esse faz com que a gente volte \u00e0 Escritura para definir estes conceitos de maneira apropriada e traduzi-los para esta gera\u00e7\u00e3o&#8221;, explica.<\/p>\n<p>Foi durante a segunda edi\u00e7\u00e3o da Confer\u00eancia Steiger, na Igreja Casa da Rocha, no bairro do Cambuci no centro de S\u00e3o Paulo, que foram abertas oficialmente as inscri\u00e7\u00f5es para o Treinamento Compacta que acontecer\u00e1 em janeiro de 2015. Com vagas limitadas, o treinamento oferecido pela Miss\u00e3o Steiger \u00e9 uma oportunidade de aprofundar em temas abordados durante a Confer\u00eancia Steiger e conta, inclusive, com a participa\u00e7\u00e3o de alguns dos mesmos palestrantes do evento.<\/p>\n<p>Com o tema &#8220;Relev\u00e2ncia e Rever\u00eancia&#8221;, a Confer\u00eancia, que aconteceu 31 de outubro e 1\u00ba de novembro, iniciou-se com, al\u00e9m do momento de louvor, a ministra\u00e7\u00e3o de David Pierce, fundador da Miss\u00e3o Steiger International, organiza\u00e7\u00e3o que visa alcan\u00e7ar a juventude global secularizada. A palavra que trouxe sobre santidade foi uma mostra das reflex\u00f5es que ainda viriam pela frente. David perguntou qual Jesus a Igreja quer servir. &#8220;O Jesus legal?&#8221;, questionou, &#8220;s\u00f3 se quiser ser irreverente&#8221;, disse.<\/p>\n<p>Quem \u00e9 de fora e observa a apar\u00eancia e o perfil moderno de quem organizou a Confer\u00eancia e de quem foi ouvir estas provoca\u00e7\u00f5es, pode se perguntar o que motiva cerca de 400 pessoas, em sua maioria jovem, se reunirem para ouvirem sobre a busca pela santidade, pela relev\u00e2ncia e pela rever\u00eancia a Deus. &#8220;Que Deus?&#8221;, podem at\u00e9 perguntar alguns. Sem querer querendo, Ziel explicou porque era importante falar sobre estas coisas ao final de sua prega\u00e7\u00e3o. Baseado nas cartas do Ap\u00f3stolo Paulo ele disse que \u00e9 &#8220;para fugir da ignor\u00e2ncia&#8221;.<\/p>\n<p>&#8220;Durante muito tempo a gente entendeu a santidade de uma forma negativa, como se Deus fosse algu\u00e9m que estraga o prazer das pessoas, como se a santidade Crist\u00e3 fosse uma nega\u00e7\u00e3o \u00e0 vida. E \u00e9 todo o contr\u00e1rio, ela \u00e9 a afirma\u00e7\u00e3o da verdadeira vida&#8221;, afirmou Ziel que acredita que a Igreja s\u00f3 pode ser relevante se for santa segundo os valores do Evangelho e vice-versa.<\/p>\n<p>Logo em seguida, Guilherme Carvalho, mestre em Teologia e em Ci\u00eancias da Religi\u00e3o, falou sobre rever\u00eancia e como manter-se firme em atuais tempos de relativismos. &#8220;A soberania de Deus \u00e9 absoluta e todas as coisas s\u00e3o relativas a Ele&#8221;, afirmou explicando que &#8220;as ideias mudam na medida em que o homem se aproxima de Cristo, a verdade absoluta&#8221;. Guilherme baseou seu serm\u00e3o nos tr\u00eas primeiros mandamentos de Deus ao povo de Israel, descritos no livro de \u00caxodo: n\u00e3o ter\u00e1s outros deuses; n\u00e3o far\u00e1 imagens de esculturas e; n\u00e3o tomar\u00e1s o nome de Deus em v\u00e3o. Ao final, resumiu que a forma de manter a rever\u00eancia \u00e9 &#8220;n\u00e3o matando a sede existencial em qualquer outro lugar a n\u00e3o ser em Deus&#8221;. Jonas Madureira, bacharel em Teologia, mestre e doutor em Filosofia, completou este racioc\u00ednio ap\u00f3s, explicando que ao inv\u00e9s do homem ter uma alma, o homem \u00e9 alma e feita insatisfeita pelo pr\u00f3prio Criador.<\/p>\n<p>Al\u00e9m de crer, \u00e9 necess\u00e1rio confessar a f\u00e9 e mant\u00ea-la p\u00fablica, mesmo em uma sociedade mundana. Jonas abordou que o secularismo n\u00e3o \u00e9 a forma como as pessoas se apresentam e que a divis\u00e3o entre o secular e o n\u00e3o secular surgiu na pr\u00f3pria Igreja. &#8220;Manchamos a soberania de Deus quando n\u00e3o admitimos que Ele existe em toda a esfera humana&#8221;, afirmou. A partir disso, a reflex\u00e3o foi focada no quanto Crist\u00e3os se recusam a levar o Evangelho em determinados lugares porque os consideram mundanos e o quanto \u00e9 poss\u00edvel apresentar de maneira relevante a palavra de Deus. Basta entender que o mais importante \u00e9 o que se pensa e n\u00e3o as apar\u00eancias.<\/p>\n<p><a href=\"http:\/\/ultimato.com.br\/sites\/jovem\/files\/2014\/12\/Ult_Jovem_24_12_14_compacta_2.jpg\" class=\"lightview\" data-lightview-group=\"group-3757\" data-lightview-options=\"skin: 'dark', controls: 'relative', padding: '10', shadow: { color: '#000000', opacity: 0.08, blur: 3 }\"><img loading=\"lazy\" decoding=\"async\" class=\"alignleft size-medium wp-image-3760\" src=\"http:\/\/ultimato.com.br\/sites\/jovem\/files\/2014\/12\/Ult_Jovem_24_12_14_compacta_2-300x200.jpg\" alt=\"Ult_Jovem_24_12_14_compacta_2\" width=\"300\" height=\"200\" srcset=\"https:\/\/ultimato.com.br\/sites\/jovem\/files\/2014\/12\/Ult_Jovem_24_12_14_compacta_2-300x200.jpg 300w, https:\/\/ultimato.com.br\/sites\/jovem\/files\/2014\/12\/Ult_Jovem_24_12_14_compacta_2-150x100.jpg 150w, https:\/\/ultimato.com.br\/sites\/jovem\/files\/2014\/12\/Ult_Jovem_24_12_14_compacta_2.jpg 960w\" sizes=\"auto, (max-width: 300px) 100vw, 300px\" \/><\/a>Muita informa\u00e7\u00e3o e muitas d\u00favidas a serem discutidas. Ap\u00f3s uma manh\u00e3 cheia de medita\u00e7\u00f5es e uma pausa para o almo\u00e7o, come\u00e7ou o M15, palestras de 15 minutos em um bate-papo com especialistas sobre temas espec\u00edficos. Com media\u00e7\u00e3o de Luke Greenwood, os palestrantes Sandro Baggio, Caio Peres, Pipe, Philip John Greenwood e Z\u00e9 Bruno abordaram assuntos que foram desde justi\u00e7a social crist\u00e3 ao rock ativismo e o punk apologeta, entre outros. Depois o p\u00fablico pode fazer perguntas diretas sobre cada abordagem. Z\u00e9 Bruno, vocalista da Banda Resgate e pastor da Igreja Casa da Rocha, achou incr\u00edvel a participa\u00e7\u00e3o dos jovens. &#8220;O legal \u00e9 que tem uma gente nova, gente que est\u00e1 come\u00e7ando a dar os passos ministeriais, mas j\u00e1 arejando a cabe\u00e7a com reflex\u00f5es profundas da f\u00e9 e da miss\u00e3o. Isto \u00e9 fant\u00e1stico&#8221;, afirmou.<\/p>\n<p>A Confer\u00eancia Steiger fechou a noite de s\u00e1bado com louvores e com mais uma ministra\u00e7\u00e3o de David Pierce que, ap\u00f3s uma encena\u00e7\u00e3o, contou alguns testemunhos e explicou porque \u00e0s vezes algumas coisas d\u00e3o errado na hora de cumprir o Ide de Jesus. &#8220;Estamos dando respostas para perguntas que as pessoas n\u00e3o est\u00e3o fazendo. O que as pessoas pensam sobre Deus precisa ser considerado antes de falar sobre Deus a elas&#8221;, disse.<\/p>\n<p>Ana Paula Peralva, 20, \u00e9 da PIB G\u00f3lgota em Curitiba (PR) e Crist\u00e3 h\u00e1 sete anos. Ela acha que os temas trabalhados no evento s\u00e3o poucos conversados na Igreja. &#8220;As pessoas querem saber muito da igreja para dentro e n\u00e3o da igreja para fora. Ningu\u00e9m quer ir onde est\u00e3o as pessoas e sim querem esperar que elas venham at\u00e9 elas&#8221;, falou.<\/p>\n<p>&#8220;Aprendi que o mundo precisa ouvir e n\u00e3o preciso falar de maneira t\u00e3o direta assim, mas que podemos nos expressar com arte e com m\u00fasica, algo que atrai de um jeito diferente&#8221;, explicou Daniela Sena, 26, que faz parte do Projeto 242 e nunca havia participado de um encontro como este. &#8220;Aprendi que o que faz a gente ser secular, ou n\u00e3o, n\u00e3o \u00e9 a forma como nos vestimos, mas a forma como pensamos&#8221;, concluiu.<\/p>\n<p>Luke Greenwood, membro da Miss\u00e3o Steiger e da Banda Aleg\u00f3rica, foi quem dirigiu toda a Confer\u00eancia e ao final estava muito cansado, por\u00e9m feliz. &#8220;Sinto que o objetivo foi cumprido. Para mim, o marco principal disso \u00e9 o n\u00famero de pessoas vindo e conversando interessados em miss\u00f5es, querendo se envolver oferecendo talentos e dons&#8221;, afirmou. O desejo \u00e9 de que em 2015 possa acontecer a terceira edi\u00e7\u00e3o do evento. &#8220;Vamos pensar em novos aspectos que precisamos falar e perceber as necessidades e as d\u00favidas que est\u00e3o nas igrejas em termos de entendimento e treinamento. Espero que haja mais oportunidades das pessoas se envolverem\u201d, disse.<\/p>\n<p>\u00c9 poss\u00edvel que o envolvimento aumente se o que foi entendido por Marcus Vin\u00edcius Vicente, 24, do Projeto 242, for colocado em pr\u00e1tica. &#8220;Eu tinha receio de trazer coisas do mundo para a Igreja e hoje eu entendi que a gente \u00e9 quem tem que ir para fora\u201d, comentou antes de ir embora ap\u00f3s o t\u00e9rmino da Confer\u00eancia Steiger 2014.<\/p>\n<p>Para participar do Treinamento Compacta e mergulhar nos temas miss\u00f5es urbanas, globaliza\u00e7\u00e3o, arte e secularismo \u00e9 necess\u00e1rio se inscrever pelo <a href=\"http:\/\/compacta.steiger.org\">site<\/a>. O treinamento acontece de 19 a 30 de janeiro de 2015 com palestras, louvor, ora\u00e7\u00f5es e pr\u00e1ticas de evangelismo. As v<em>agas s\u00e3o limitadas.<\/em><\/p>\n<p>&nbsp;<\/p>\n<p>Karol Coelho, 23, jornalista<\/p>\n<p>&nbsp;<\/p>\n","protected":false},"excerpt":{"rendered":"<p>&#8220;Cada gera\u00e7\u00e3o precisa ouvir de novo este convite: olha, voc\u00eas s\u00e3o chamados para a santidade porque o Deus de voc\u00eas \u00e9 santo&#8221;, afirmou Ziel Machado, historiador e professor seminarista, quando questionado sobre a import\u00e2ncia da Confer\u00eancia Steiger. Ziel havia acabado de falar sobre relev\u00e2ncia sem comprometimento ao abrir as prega\u00e7\u00f5es da manh\u00e3 de s\u00e1bado, 1 [&hellip;]<\/p>\n","protected":false},"author":19,"featured_media":0,"comment_status":"open","ping_status":"open","sticky":false,"template":"","format":"standard","meta":{"ngg_post_thumbnail":0,"footnotes":""},"categories":[172],"tags":[],"class_list":["post-3757","post","type-post","status-publish","format-standard","hentry","category-agenda"],"_links":{"self":[{"href":"https:\/\/ultimato.com.br\/sites\/jovem\/wp-json\/wp\/v2\/posts\/3757","targetHints":{"allow":["GET"]}}],"collection":[{"href":"https:\/\/ultimato.com.br\/sites\/jovem\/wp-json\/wp\/v2\/posts"}],"about":[{"href":"https:\/\/ultimato.com.br\/sites\/jovem\/wp-json\/wp\/v2\/types\/post"}],"author":[{"embeddable":true,"href":"https:\/\/ultimato.com.br\/sites\/jovem\/wp-json\/wp\/v2\/users\/19"}],"replies":[{"embeddable":true,"href":"https:\/\/ultimato.com.br\/sites\/jovem\/wp-json\/wp\/v2\/comments?post=3757"}],"version-history":[{"count":2,"href":"https:\/\/ultimato.com.br\/sites\/jovem\/wp-json\/wp\/v2\/posts\/3757\/revisions"}],"predecessor-version":[{"id":3761,"href":"https:\/\/ultimato.com.br\/sites\/jovem\/wp-json\/wp\/v2\/posts\/3757\/revisions\/3761"}],"wp:attachment":[{"href":"https:\/\/ultimato.com.br\/sites\/jovem\/wp-json\/wp\/v2\/media?parent=3757"}],"wp:term":[{"taxonomy":"category","embeddable":true,"href":"https:\/\/ultimato.com.br\/sites\/jovem\/wp-json\/wp\/v2\/categories?post=3757"},{"taxonomy":"post_tag","embeddable":true,"href":"https:\/\/ultimato.com.br\/sites\/jovem\/wp-json\/wp\/v2\/tags?post=3757"}],"curies":[{"name":"wp","href":"https:\/\/api.w.org\/{rel}","templated":true}]}}