{"id":3748,"date":"2014-12-19T10:30:44","date_gmt":"2014-12-19T13:30:44","guid":{"rendered":"http:\/\/ultimato.com.br\/sites\/jovem\/?p=3748"},"modified":"2014-12-19T10:32:10","modified_gmt":"2014-12-19T13:32:10","slug":"qual-o-sentido-do-natal","status":"publish","type":"post","link":"https:\/\/ultimato.com.br\/sites\/jovem\/2014\/12\/19\/qual-o-sentido-do-natal\/","title":{"rendered":"Qual o sentido do Natal?"},"content":{"rendered":"<div id=\"attachment_3749\" style=\"width: 410px\" class=\"wp-caption alignright\"><a href=\"http:\/\/ultimato.com.br\/sites\/jovem\/files\/2014\/12\/UltJovem_19_12_14_Natal.jpg\" class=\"lightview\" data-lightview-group=\"group-3748\" data-lightview-options=\"skin: 'dark', controls: 'relative', padding: '10', shadow: { color: '#000000', opacity: 0.08, blur: 3 }\"><img loading=\"lazy\" decoding=\"async\" aria-describedby=\"caption-attachment-3749\" class=\"wp-image-3749\" src=\"http:\/\/ultimato.com.br\/sites\/jovem\/files\/2014\/12\/UltJovem_19_12_14_Natal.jpg\" alt=\"Jos\u00e9 Cruz\/ABr\" width=\"400\" height=\"266\" srcset=\"https:\/\/ultimato.com.br\/sites\/jovem\/files\/2014\/12\/UltJovem_19_12_14_Natal.jpg 494w, https:\/\/ultimato.com.br\/sites\/jovem\/files\/2014\/12\/UltJovem_19_12_14_Natal-300x199.jpg 300w, https:\/\/ultimato.com.br\/sites\/jovem\/files\/2014\/12\/UltJovem_19_12_14_Natal-150x99.jpg 150w\" sizes=\"auto, (max-width: 400px) 100vw, 400px\" \/><\/a><p id=\"caption-attachment-3749\" class=\"wp-caption-text\">Jos\u00e9 Cruz\/ABr<\/p><\/div>\n<p>O tema (e a musiquinha!) est\u00e1 em todo lugar. Mas a pergunta que n\u00e3o quer calar \u00e9: diante de todo este bombardeio midi\u00e1tico, publicit\u00e1rio e religioso, afinal, <strong>qual o sentido do Natal?<\/strong><\/p>\n<p>Deixe aqui sua resposta, seu pensamento, sua provoca\u00e7\u00e3o.<\/p>\n<p>Para esquentar os motores, leia a seguir a opini\u00e3o de Thiago Paix\u00e3o, no blog <a href=\"http:\/\/thiagopx.blogspot.com.br\/2012\/12\/insigths-13-o-natal-do-sentido.html\" target=\"_blank\">PX Pensando Alto<\/a>:<\/p>\n<div class=\"post-header\"><\/div>\n<blockquote>\n<div id=\"post-body-76615070007233812\" class=\"post-body entry-content\">O Natal \u00e9 sempre igual. Os mesmo sentimentos, as mesmas mensagens, as mesmas m\u00fasicas, as mesmas mesmices. &#8220;Ent\u00e3o \u00e9 Natal, e o que voc\u00ea fez?&#8221;, diz a mesma m\u00fasica de sempre. \u00c9 aquela mesma pergunta que s\u00f3 se repetir\u00e1 um ano depois. Esse &#8220;Natal&#8221; \u00e9 uma tradi\u00e7\u00e3o vazia de sentido em um mundo vazio de Deus. O Natal em que acredito \u00e9 o Natal do sentido. \u00c9 Jesus que nasceu para morrer, e que, pela sua\u00a0ressurrei\u00e7\u00e3o,\u00a0 trouxe a n\u00f3s a possibilidade de uma vida plena de significado. N\u00e3o \u00e9 mais necess\u00e1rio carregar o pesado vazio existencial pois Ele tem \u00e1gua [viva] para encher o cora\u00e7\u00e3o de quem precisar. H\u00e1 sentido para a vida pois nasceu o sentido do Natal.<br \/>\n<strong>Thiago Paix\u00e3o<\/strong><\/div>\n<\/blockquote>\n","protected":false},"excerpt":{"rendered":"<p>O tema (e a musiquinha!) est\u00e1 em todo lugar. Mas a pergunta que n\u00e3o quer calar \u00e9: diante de todo este bombardeio midi\u00e1tico, publicit\u00e1rio e religioso, afinal, qual o sentido do Natal? Deixe aqui sua resposta, seu pensamento, sua provoca\u00e7\u00e3o. Para esquentar os motores, leia a seguir a opini\u00e3o de Thiago Paix\u00e3o, no blog PX [&hellip;]<\/p>\n","protected":false},"author":19,"featured_media":0,"comment_status":"open","ping_status":"open","sticky":false,"template":"","format":"standard","meta":{"ngg_post_thumbnail":0,"footnotes":""},"categories":[5151],"tags":[82],"class_list":["post-3748","post","type-post","status-publish","format-standard","hentry","category-outros-papos","tag-natal"],"_links":{"self":[{"href":"https:\/\/ultimato.com.br\/sites\/jovem\/wp-json\/wp\/v2\/posts\/3748","targetHints":{"allow":["GET"]}}],"collection":[{"href":"https:\/\/ultimato.com.br\/sites\/jovem\/wp-json\/wp\/v2\/posts"}],"about":[{"href":"https:\/\/ultimato.com.br\/sites\/jovem\/wp-json\/wp\/v2\/types\/post"}],"author":[{"embeddable":true,"href":"https:\/\/ultimato.com.br\/sites\/jovem\/wp-json\/wp\/v2\/users\/19"}],"replies":[{"embeddable":true,"href":"https:\/\/ultimato.com.br\/sites\/jovem\/wp-json\/wp\/v2\/comments?post=3748"}],"version-history":[{"count":2,"href":"https:\/\/ultimato.com.br\/sites\/jovem\/wp-json\/wp\/v2\/posts\/3748\/revisions"}],"predecessor-version":[{"id":3751,"href":"https:\/\/ultimato.com.br\/sites\/jovem\/wp-json\/wp\/v2\/posts\/3748\/revisions\/3751"}],"wp:attachment":[{"href":"https:\/\/ultimato.com.br\/sites\/jovem\/wp-json\/wp\/v2\/media?parent=3748"}],"wp:term":[{"taxonomy":"category","embeddable":true,"href":"https:\/\/ultimato.com.br\/sites\/jovem\/wp-json\/wp\/v2\/categories?post=3748"},{"taxonomy":"post_tag","embeddable":true,"href":"https:\/\/ultimato.com.br\/sites\/jovem\/wp-json\/wp\/v2\/tags?post=3748"}],"curies":[{"name":"wp","href":"https:\/\/api.w.org\/{rel}","templated":true}]}}