{"id":3742,"date":"2014-12-17T09:37:01","date_gmt":"2014-12-17T12:37:01","guid":{"rendered":"http:\/\/ultimato.com.br\/sites\/jovem\/?p=3742"},"modified":"2014-12-17T09:37:01","modified_gmt":"2014-12-17T12:37:01","slug":"o-que-realmente-importa-na-oracao","status":"publish","type":"post","link":"https:\/\/ultimato.com.br\/sites\/jovem\/2014\/12\/17\/o-que-realmente-importa-na-oracao\/","title":{"rendered":"O que realmente importa na ora\u00e7\u00e3o"},"content":{"rendered":"<div id=\"attachment_3743\" style=\"width: 518px\" class=\"wp-caption aligncenter\"><a href=\"http:\/\/ultimato.com.br\/sites\/jovem\/files\/2014\/12\/UltJovem_17_12_14_menina_orando_mod.jpg\" class=\"lightview\" data-lightview-group=\"group-3742\" data-lightview-options=\"skin: 'dark', controls: 'relative', padding: '10', shadow: { color: '#000000', opacity: 0.08, blur: 3 }\"><img loading=\"lazy\" decoding=\"async\" aria-describedby=\"caption-attachment-3743\" class=\"size-full wp-image-3743\" src=\"http:\/\/ultimato.com.br\/sites\/jovem\/files\/2014\/12\/UltJovem_17_12_14_menina_orando_mod.jpg\" alt=\"http:\/\/www.freeimages.com\/photo\/573765\" width=\"508\" height=\"444\" srcset=\"https:\/\/ultimato.com.br\/sites\/jovem\/files\/2014\/12\/UltJovem_17_12_14_menina_orando_mod.jpg 508w, https:\/\/ultimato.com.br\/sites\/jovem\/files\/2014\/12\/UltJovem_17_12_14_menina_orando_mod-300x262.jpg 300w, https:\/\/ultimato.com.br\/sites\/jovem\/files\/2014\/12\/UltJovem_17_12_14_menina_orando_mod-150x131.jpg 150w\" sizes=\"auto, (max-width: 508px) 100vw, 508px\" \/><\/a><p id=\"caption-attachment-3743\" class=\"wp-caption-text\">http:\/\/www.freeimages.com\/photo\/573765<\/p><\/div>\n<p>\u201cAs minhas ora\u00e7\u00f5es n\u00e3o mudam a Deus; mudam a mim mesmo\u201d (C.S. Lewis). N\u00e3o sei bem se entendi direito o que o autor quis dizer. Pude ler um pouco mais sobre o que Lewis disse sobre a ora\u00e7\u00e3o e tive que concordar; ali\u00e1s, a partir dos conceitos dele pude rever os meus. Eu j\u00e1 fiz algumas ora\u00e7\u00f5es a Deus, mas n\u00e3o sei ao certo quantas ora\u00e7\u00f5es foram atendidas. Se tivesse me colocado de joelhos a cada prece, certamente eles teriam calos agora. Mas esses calos n\u00e3o indicariam quanto eu fui atendido a cada prece; indicariam que dediquei algum tempo da minha vida para estar perto de Deus.<\/p>\n<p>Acho que seja essa a necessidade que tenho da ora\u00e7\u00e3o. Em alguma parte da B\u00edblia fui alertado que n\u00e3o sabia nem como pedir algo a Deus; que Ele faria isso por mim. Ent\u00e3o, na maioria das vezes, pelo menos na minha vida &#8211; isso devo dizer para n\u00e3o contrariar a f\u00e9 de ningu\u00e9m &#8211; quando orei, n\u00e3o importava muito o que pedia ou falava, mas o tempo que estava diante Dele.<\/p>\n<p>Quando temos um amigo que dedicamos certo tempo a estar com ele, passamos a ter certas atitudes, tiques e manias dele. Deve ser assim com Deus: quando oramos e dedicamos certo tempo a Ele podemos conhecer mais Dele e assim nos tornarmos, ainda que pouco, semelhantes a Ele.<\/p>\n<p>A palavra de Deus diz \u201cEsta \u00e9 a confian\u00e7a que temos ao nos aproximarmos de Deus: se pedirmos alguma coisa de acordo com a sua vontade, ele nos ouve.\u201d (1 Jo\u00e3o 5.14 ). Ou seja, h\u00e1 a necessidade de estar em sua vontade para que Ele nos atenda. A ideia de um Deus que sai da l\u00e2mpada e nos concede alguns desejos \u00e9 absurda. A ideia de que podemos nos tornar merecedores, bons filhos a fim de que tenhamos nossos pedidos realizados tamb\u00e9m.<\/p>\n<p>Estar na vontade de Deus necessita de ora\u00e7\u00e3o. Esse tipo de ora\u00e7\u00e3o em que pedir algo n\u00e3o importa, mas somente o fato de dedicar um pouco do meu tempo a Deus para que assim Ele manifeste seu amor em mim. Deus atender\u00e1 nosso clamor, mas saberemos quando o que pedimos faz parte do querer Dele em n\u00f3s.<\/p>\n<p>Quando parei para pensar um pouco nessa comunica\u00e7\u00e3o entre eu e Deus, vi que mais necess\u00e1rio que qualquer pedido \u00e9 estar com Ele e que, a partir disso, eu possa aprender a querer o que Ele quer, a desejar o que j\u00e1 est\u00e1 preparado por Ele.<\/p>\n<p>Que minha ora\u00e7\u00e3o n\u00e3o seja um ato de mendic\u00e2ncia para com Deus, mas a forma de dedicar meus joelhos, meu tempo, minha vida a estar com Ele.<\/p>\n<p>&nbsp;<\/p>\n<p><strong>&#8212; Gabriel Antunes Ferreira<\/strong> tem 27 anos e \u00e9 dentista em Montes Claros (MG).<\/p>\n<p>&nbsp;<\/p>\n","protected":false},"excerpt":{"rendered":"<p>\u201cAs minhas ora\u00e7\u00f5es n\u00e3o mudam a Deus; mudam a mim mesmo\u201d (C.S. Lewis). N\u00e3o sei bem se entendi direito o que o autor quis dizer. Pude ler um pouco mais sobre o que Lewis disse sobre a ora\u00e7\u00e3o e tive que concordar; ali\u00e1s, a partir dos conceitos dele pude rever os meus. Eu j\u00e1 fiz [&hellip;]<\/p>\n","protected":false},"author":19,"featured_media":0,"comment_status":"open","ping_status":"open","sticky":false,"template":"","format":"standard","meta":{"ngg_post_thumbnail":0,"footnotes":""},"categories":[6054],"tags":[],"class_list":["post-3742","post","type-post","status-publish","format-standard","hentry","category-textos"],"_links":{"self":[{"href":"https:\/\/ultimato.com.br\/sites\/jovem\/wp-json\/wp\/v2\/posts\/3742","targetHints":{"allow":["GET"]}}],"collection":[{"href":"https:\/\/ultimato.com.br\/sites\/jovem\/wp-json\/wp\/v2\/posts"}],"about":[{"href":"https:\/\/ultimato.com.br\/sites\/jovem\/wp-json\/wp\/v2\/types\/post"}],"author":[{"embeddable":true,"href":"https:\/\/ultimato.com.br\/sites\/jovem\/wp-json\/wp\/v2\/users\/19"}],"replies":[{"embeddable":true,"href":"https:\/\/ultimato.com.br\/sites\/jovem\/wp-json\/wp\/v2\/comments?post=3742"}],"version-history":[{"count":4,"href":"https:\/\/ultimato.com.br\/sites\/jovem\/wp-json\/wp\/v2\/posts\/3742\/revisions"}],"predecessor-version":[{"id":3747,"href":"https:\/\/ultimato.com.br\/sites\/jovem\/wp-json\/wp\/v2\/posts\/3742\/revisions\/3747"}],"wp:attachment":[{"href":"https:\/\/ultimato.com.br\/sites\/jovem\/wp-json\/wp\/v2\/media?parent=3742"}],"wp:term":[{"taxonomy":"category","embeddable":true,"href":"https:\/\/ultimato.com.br\/sites\/jovem\/wp-json\/wp\/v2\/categories?post=3742"},{"taxonomy":"post_tag","embeddable":true,"href":"https:\/\/ultimato.com.br\/sites\/jovem\/wp-json\/wp\/v2\/tags?post=3742"}],"curies":[{"name":"wp","href":"https:\/\/api.w.org\/{rel}","templated":true}]}}