{"id":3725,"date":"2014-11-28T14:01:40","date_gmt":"2014-11-28T17:01:40","guid":{"rendered":"http:\/\/ultimato.com.br\/sites\/jovem\/?p=3725"},"modified":"2014-11-28T14:01:40","modified_gmt":"2014-11-28T17:01:40","slug":"gente-acao","status":"publish","type":"post","link":"https:\/\/ultimato.com.br\/sites\/jovem\/2014\/11\/28\/gente-acao\/","title":{"rendered":"Gente em a\u00e7\u00e3o"},"content":{"rendered":"<p><a href=\"http:\/\/ultimato.com.br\/sites\/jovem\/files\/2014\/11\/gente.jpg\" class=\"lightview\" data-lightview-group=\"group-3725\" data-lightview-options=\"skin: 'dark', controls: 'relative', padding: '10', shadow: { color: '#000000', opacity: 0.08, blur: 3 }\"><img loading=\"lazy\" decoding=\"async\" class=\"alignright size-full wp-image-3727\" src=\"http:\/\/ultimato.com.br\/sites\/jovem\/files\/2014\/11\/gente.jpg\" alt=\"gente\" width=\"272\" height=\"245\" srcset=\"https:\/\/ultimato.com.br\/sites\/jovem\/files\/2014\/11\/gente.jpg 272w, https:\/\/ultimato.com.br\/sites\/jovem\/files\/2014\/11\/gente-150x135.jpg 150w\" sizes=\"auto, (max-width: 272px) 100vw, 272px\" \/><\/a>GENTE \u00e9 uma mobiliza\u00e7\u00e3o que nasceu no cora\u00e7\u00e3o de uma jovem que j\u00e1 engajada em projetos de responsabilidade social, resolveu iniciar sua pr\u00f3pria a\u00e7\u00e3o, por\u00e9m n\u00e3o sua, mas da GENTE.<\/p>\n<p>Danny Rodrigues, graduada em Organiza\u00e7\u00e3o e gest\u00e3o de eventos, atualmente enfrentando o desemprego, uma dificuldade de muitos dos que ela ajuda, com o engajamento de amigos est\u00e1 conseguindo cobrir os custos com doa\u00e7\u00f5es e levar esperan\u00e7a a outras hist\u00f3rias, enquanto escreve sua pr\u00f3pria hist\u00f3ria.<\/p>\n<p>Assim surgiu a oportunidade de incentivar e fomentar pequenos gestos que multiplicados geram enorme transforma\u00e7\u00e3o na comunidade. Nosso intuito \u00e9 ser uma ponte entre o problema e a solu\u00e7\u00e3o.<\/p>\n<p>Um destes gestos \u00e9 o \u201c<strong>A\u00e7\u00e3o da GENTE\u201d <\/strong>que est\u00e1 em sua segunda edi\u00e7\u00e3o, trata-se de um mutir\u00e3o de solidariedade que conta com a ajuda de volunt\u00e1rios, \u00f3rg\u00e3os p\u00fablicos, institui\u00e7\u00f5es privadas e ONGs.<\/p>\n<p>Somos cidad\u00e3os, somos amigos, somos GENTE com vontade de trabalhar por um mundo melhor, por GENTE mais consciente e participativa!<\/p>\n<p><strong>As seguintes atividades est\u00e3o confirmadas no \u201cII A\u00e7\u00e3o da GENTE\u201d deste ano: Sa\u00fade: <\/strong>Teste r\u00e1pido HIV e S\u00edfilis, Teste Glicemia e Press\u00e3o Arterial.<\/p>\n<p><strong>Cidadania: <\/strong>Orienta\u00e7\u00f5es jur\u00eddicas, Orienta\u00e7\u00f5es ao Consumidor, Regulariza\u00e7\u00e3o Migrat\u00f3ria, Emiss\u00e3o da 1\u00b0 via do RG para menores de 18 anos, Emiss\u00e3o de Carteira de Trabalho 1\u00b0 e 2\u00b0 via. Acompanhe nosso facebook e saiba o que deve levar para a emiss\u00e3o dos documentos. Teremos cabine de fotos 3&#215;4 a pre\u00e7o acess\u00edvel.<\/p>\n<p><strong>Infantil: <\/strong>Desenhos, Pintura de rosto, Cabine Fotogr\u00e1fica, Entrega de livros.<\/p>\n<p><strong>Oficinas: <\/strong>Workshop SENAI: Preparo e Decora\u00e7\u00e3o de Cupcake.<\/p>\n<p>1\u00b0 Turma: 10h &#8211; 12h | 2\u00b0 Turma: 14h &#8211; 16h 30 vagas por turma. A partir de 14 anos. Ficha de Inscri\u00e7\u00e3o na escola, ou: gente@outlook.com.br<\/p>\n<p><strong>Campanhas: <\/strong><\/p>\n<p><strong>&#8211; Escreva Cartas: <\/strong>Conhe\u00e7a a hist\u00f3ria de Idosos que moram em um asilo em MANAUS &#8211; AM, e escreva palavras de otimismo e carinho a eles, al\u00e9m de escrever cartas a seus amigos e parentes!<\/p>\n<p><strong>&#8211; Arrecada\u00e7\u00e3o de alimentos: <\/strong>Arrecada\u00e7\u00e3o de alimentos para fam\u00edlia, esposa gr\u00e1vida em situa\u00e7\u00e3o prec\u00e1ria na regi\u00e3o de Diadema. Leve 1kl de alimento, roupas no dia o A\u00e7\u00e3o da GENTE, e ajude-os.<\/p>\n<p>Apoio material impresso: Sebrae, SENAI e Procon.<\/p>\n<p>Acompanhe nossa rede social e nosso site para ficar por dentro da Programa\u00e7\u00e3o Completa: www.facebook.com\/acaodagente | <a href=\"http:\/\/acaodagente.wix.com\/gente\">http:\/\/acaodagente.wix.com\/gente<\/a><\/p>\n<p><strong>Servi\u00e7o:<br \/>\nA\u00e7\u00e3o da GENTE<br \/>\nData: <\/strong>29 de Novembro das 10h \u00e0s 16h<br \/>\n<strong>Local: <\/strong>E. E. Eduardo Prado \u2013 Rua Almirante Barroso, 225 \u2013 Br\u00e1s \\ SP.<\/p>\n<p>&nbsp;<\/p>\n<p><a href=\"http:\/\/ultimato.com.br\/sites\/jovem\/files\/2014\/11\/UltJovem_28_11_14_Acao_gente_prog.jpg\" class=\"lightview\" data-lightview-group=\"group-3725\" data-lightview-options=\"skin: 'dark', controls: 'relative', padding: '10', shadow: { color: '#000000', opacity: 0.08, blur: 3 }\"><img loading=\"lazy\" decoding=\"async\" class=\"aligncenter size-full wp-image-3726\" src=\"http:\/\/ultimato.com.br\/sites\/jovem\/files\/2014\/11\/UltJovem_28_11_14_Acao_gente_prog.jpg\" alt=\"UltJovem_28_11_14_Acao_gente_prog\" width=\"524\" height=\"739\" srcset=\"https:\/\/ultimato.com.br\/sites\/jovem\/files\/2014\/11\/UltJovem_28_11_14_Acao_gente_prog.jpg 524w, https:\/\/ultimato.com.br\/sites\/jovem\/files\/2014\/11\/UltJovem_28_11_14_Acao_gente_prog-212x300.jpg 212w, https:\/\/ultimato.com.br\/sites\/jovem\/files\/2014\/11\/UltJovem_28_11_14_Acao_gente_prog-106x150.jpg 106w\" sizes=\"auto, (max-width: 524px) 100vw, 524px\" \/><\/a><\/p>\n","protected":false},"excerpt":{"rendered":"<p>GENTE \u00e9 uma mobiliza\u00e7\u00e3o que nasceu no cora\u00e7\u00e3o de uma jovem que j\u00e1 engajada em projetos de responsabilidade social, resolveu iniciar sua pr\u00f3pria a\u00e7\u00e3o, por\u00e9m n\u00e3o sua, mas da GENTE. Danny Rodrigues, graduada em Organiza\u00e7\u00e3o e gest\u00e3o de eventos, atualmente enfrentando o desemprego, uma dificuldade de muitos dos que ela ajuda, com o engajamento de [&hellip;]<\/p>\n","protected":false},"author":19,"featured_media":0,"comment_status":"open","ping_status":"open","sticky":false,"template":"","format":"standard","meta":{"ngg_post_thumbnail":0,"footnotes":""},"categories":[172,5152],"tags":[5168,14173],"class_list":["post-3725","post","type-post","status-publish","format-standard","hentry","category-agenda","category-altas-indicacoes","tag-acao","tag-solidariedade"],"_links":{"self":[{"href":"https:\/\/ultimato.com.br\/sites\/jovem\/wp-json\/wp\/v2\/posts\/3725","targetHints":{"allow":["GET"]}}],"collection":[{"href":"https:\/\/ultimato.com.br\/sites\/jovem\/wp-json\/wp\/v2\/posts"}],"about":[{"href":"https:\/\/ultimato.com.br\/sites\/jovem\/wp-json\/wp\/v2\/types\/post"}],"author":[{"embeddable":true,"href":"https:\/\/ultimato.com.br\/sites\/jovem\/wp-json\/wp\/v2\/users\/19"}],"replies":[{"embeddable":true,"href":"https:\/\/ultimato.com.br\/sites\/jovem\/wp-json\/wp\/v2\/comments?post=3725"}],"version-history":[{"count":1,"href":"https:\/\/ultimato.com.br\/sites\/jovem\/wp-json\/wp\/v2\/posts\/3725\/revisions"}],"predecessor-version":[{"id":3728,"href":"https:\/\/ultimato.com.br\/sites\/jovem\/wp-json\/wp\/v2\/posts\/3725\/revisions\/3728"}],"wp:attachment":[{"href":"https:\/\/ultimato.com.br\/sites\/jovem\/wp-json\/wp\/v2\/media?parent=3725"}],"wp:term":[{"taxonomy":"category","embeddable":true,"href":"https:\/\/ultimato.com.br\/sites\/jovem\/wp-json\/wp\/v2\/categories?post=3725"},{"taxonomy":"post_tag","embeddable":true,"href":"https:\/\/ultimato.com.br\/sites\/jovem\/wp-json\/wp\/v2\/tags?post=3725"}],"curies":[{"name":"wp","href":"https:\/\/api.w.org\/{rel}","templated":true}]}}