{"id":3684,"date":"2014-11-06T16:01:22","date_gmt":"2014-11-06T19:01:22","guid":{"rendered":"http:\/\/ultimato.com.br\/sites\/jovem\/?p=3684"},"modified":"2014-11-06T16:01:55","modified_gmt":"2014-11-06T19:01:55","slug":"arte-de-proposito-o-multiartista-alcio-lins","status":"publish","type":"post","link":"https:\/\/ultimato.com.br\/sites\/jovem\/2014\/11\/06\/arte-de-proposito-o-multiartista-alcio-lins\/","title":{"rendered":"Arte de Prop\u00f3sito: o multiartista \u00c1lcio Lins"},"content":{"rendered":"<p><a href=\"http:\/\/ultimato.com.br\/sites\/jovem\/files\/2014\/11\/5.jpg\" class=\"lightview\" data-lightview-group=\"group-3684\" data-lightview-options=\"skin: 'dark', controls: 'relative', padding: '10', shadow: { color: '#000000', opacity: 0.08, blur: 3 }\"><img loading=\"lazy\" decoding=\"async\" class=\"aligncenter size-full wp-image-3685\" src=\"http:\/\/ultimato.com.br\/sites\/jovem\/files\/2014\/11\/5.jpg\" alt=\"5\" width=\"518\" height=\"346\" srcset=\"https:\/\/ultimato.com.br\/sites\/jovem\/files\/2014\/11\/5.jpg 518w, https:\/\/ultimato.com.br\/sites\/jovem\/files\/2014\/11\/5-300x200.jpg 300w, https:\/\/ultimato.com.br\/sites\/jovem\/files\/2014\/11\/5-150x100.jpg 150w\" sizes=\"auto, (max-width: 518px) 100vw, 518px\" \/><\/a><\/p>\n<p>Ol\u00e1, pessoal! Como t\u00e1 essa vida de artista? Nesse tempo sem postar recebi e-mails com trabalhos muito legais, de v\u00e1rios artistas do Brasil, portf\u00f3lios, sugest\u00f5es de bandas, grupos, festivais de arte, etc. Fiquei muito feliz com o que tem sido feito por a\u00ed e quero compartilhar com voc\u00eas um pouco do que tenho conhecido.<\/p>\n<p>Na coluna deste m\u00eas pe\u00e7o licen\u00e7a pra come\u00e7ar falando de um artista desse Nordeste, que \u00e9 ber\u00e7o de tanta arte e tem sido t\u00e3o injusti\u00e7ado por a\u00ed:<\/p>\n<p><strong>\u00c1lcio Lins Macei\u00f3- AL<br \/>\n40 anos, crist\u00e3o, multiartista<\/strong><\/p>\n<p>Ele\u00a0\u00e9 formado em psicologia e artes pl\u00e1sticas, mas a paix\u00e3o mesmo \u00e9 pela arte. Tem sempre os dedos manchados de tinta e anda pelas ruas olhando as tralhas deixadas por l\u00e1, afinal, aquela gaveta velha, aquele cabide quebrado ou m\u00f3vel usado, podem se transformar em alguma obra.<\/p>\n<p>A despeito do diploma, sua produ\u00e7\u00e3o n\u00e3o se limita \u00e0s artes pl\u00e1sticas, apesar de ocuparem uma grande parte do seu tempo e serem a sua verdadeira paix\u00e3o. \u00c1lcio \u00e9 tamb\u00e9m ator, diretor, bonequeiro, figurinista, aderecista, maquiador, ilustrador, dramaturgo. E exerce tudo isso com afinco.<\/p>\n<p>Foi integrante durante 20 anos do grupo <strong>Evanarte<\/strong>, minist\u00e9rio de artes da Igreja Presbiteriana das Gra\u00e7as, no Recife (PE), e l\u00e1 ocupou as mais diversas fun\u00e7\u00f5es, mas ao longo do processo foi encarando a arte de maneira profissional e hoje vive da sua pr\u00f3pria criatividade. Ainda tentou exercer a psicologia, mas acabou se tornando professor de arte e aos 34 anos resolveu prestar vestibular para Artes Pl\u00e1sticas, a voca\u00e7\u00e3o da qual nunca conseguiu fugir. Hoje \u00e9 um dos artistas mais requisitados do Recife, cidade em que veio morar ainda crian\u00e7a, quando confeccionava seus pr\u00f3prios brinquedos com caixa de ovo, de leite e outros \u201crestos\u201d.<\/p>\n<p>Para \u00c1lcio, ser artista e crist\u00e3o nunca foi um conflito. \u201cA arte \u00e9 um processo natural da minha vida. N\u00e3o me vejo n\u00e3o fazendo arte.\u201d.<\/p>\n<p>***<\/p>\n<p><strong>!<\/strong> Quem tiver interessado em conhecer mais o trabalho de \u00c1lcio \u00e9 s\u00f3 entrar no seu <a href=\"https:\/\/www.facebook.com\/alcio.soareslins?fref=ts\" target=\"_blank\">perfil<\/a> do Facebook ou entrar em contato pelo e-mail <a href=\"mailto:alcio.lins@gmail.com\">alcio.lins@gmail.com<\/a><\/p>\n<p><strong>!\u00a0<\/strong>Mandem sugest\u00f5es de artistas e trabalhos criativos para o meu e-mail:\u00a0<a href=\"mailto:artedeproposito@gmail.com\">artedeproposito@gmail.com<\/a><\/p>\n<p><strong>!<\/strong>\u00a0No Instagram podem marcar perfis, fotos e posts relacionados ao tema usando a hashtag <strong>#artedeproposito<\/strong> Eles podem virar pauta para um post meu aqui.<\/p>\n<p>&nbsp;<\/p>\n<p style=\"text-align: left;\">\u2022 <strong>Duda Martins<\/strong>\u00a0tem 26 anos, \u00e9 crist\u00e3, jornalista, atriz e diretora da \u201cDispersos Cia de Teatro em Pernambuco\u201d. \u00c9 apaixonada pela palavra \u201carte\u201d e o que ela representa.<\/p>\n<p>&nbsp;<\/p>\n\n\t\t<style type=\"text\/css\">\n\t\t\t#gallery-1 {\n\t\t\t\tmargin: auto;\n\t\t\t}\n\t\t\t#gallery-1 .gallery-item {\n\t\t\t\tfloat: left;\n\t\t\t\tmargin-top: 10px;\n\t\t\t\ttext-align: center;\n\t\t\t\twidth: 33%;\n\t\t\t}\n\t\t\t#gallery-1 img {\n\t\t\t\tborder: 2px solid #cfcfcf;\n\t\t\t}\n\t\t\t#gallery-1 .gallery-caption {\n\t\t\t\tmargin-left: 0;\n\t\t\t}\n\t\t\t\/* see gallery_shortcode() in wp-includes\/media.php *\/\n\t\t<\/style>\n\t\t<div id='gallery-1' class='gallery galleryid-3684 gallery-columns-3 gallery-size-thumbnail'><dl class='gallery-item'>\n\t\t\t<dt class='gallery-icon landscape'>\n\t\t\t\t<a href='https:\/\/ultimato.com.br\/sites\/jovem\/files\/2014\/11\/1.jpg#main'><img loading=\"lazy\" decoding=\"async\" width=\"150\" height=\"150\" src=\"https:\/\/ultimato.com.br\/sites\/jovem\/files\/2014\/11\/1-150x150.jpg\" class=\"attachment-thumbnail size-thumbnail\" alt=\"\" aria-describedby=\"gallery-1-3686\" srcset=\"https:\/\/ultimato.com.br\/sites\/jovem\/files\/2014\/11\/1-150x150.jpg 150w, https:\/\/ultimato.com.br\/sites\/jovem\/files\/2014\/11\/1-80x80.jpg 80w\" sizes=\"auto, (max-width: 150px) 100vw, 150px\" \/><\/a>\n\t\t\t<\/dt>\n\t\t\t\t<dd class='wp-caption-text gallery-caption' id='gallery-1-3686'>\n\t\t\t\t\u00c1lcio e a Burrica, personagem do espet\u00e1culo \u201c\u00c1gua da Vida\n\t\t\t\t<\/dd><\/dl><dl class='gallery-item'>\n\t\t\t<dt class='gallery-icon portrait'>\n\t\t\t\t<a href='https:\/\/ultimato.com.br\/sites\/jovem\/files\/2014\/11\/2.jpg#main'><img loading=\"lazy\" decoding=\"async\" width=\"150\" height=\"150\" src=\"https:\/\/ultimato.com.br\/sites\/jovem\/files\/2014\/11\/2-150x150.jpg\" class=\"attachment-thumbnail size-thumbnail\" alt=\"\" aria-describedby=\"gallery-1-3687\" srcset=\"https:\/\/ultimato.com.br\/sites\/jovem\/files\/2014\/11\/2-150x150.jpg 150w, https:\/\/ultimato.com.br\/sites\/jovem\/files\/2014\/11\/2-80x80.jpg 80w\" sizes=\"auto, (max-width: 150px) 100vw, 150px\" \/><\/a>\n\t\t\t<\/dt>\n\t\t\t\t<dd class='wp-caption-text gallery-caption' id='gallery-1-3687'>\n\t\t\t\tMarionete\n\t\t\t\t<\/dd><\/dl><dl class='gallery-item'>\n\t\t\t<dt class='gallery-icon portrait'>\n\t\t\t\t<a href='https:\/\/ultimato.com.br\/sites\/jovem\/files\/2014\/11\/3.jpg#main'><img loading=\"lazy\" decoding=\"async\" width=\"150\" height=\"150\" src=\"https:\/\/ultimato.com.br\/sites\/jovem\/files\/2014\/11\/3-150x150.jpg\" class=\"attachment-thumbnail size-thumbnail\" alt=\"\" aria-describedby=\"gallery-1-3688\" srcset=\"https:\/\/ultimato.com.br\/sites\/jovem\/files\/2014\/11\/3-150x150.jpg 150w, https:\/\/ultimato.com.br\/sites\/jovem\/files\/2014\/11\/3-80x80.jpg 80w\" sizes=\"auto, (max-width: 150px) 100vw, 150px\" \/><\/a>\n\t\t\t<\/dt>\n\t\t\t\t<dd class='wp-caption-text gallery-caption' id='gallery-1-3688'>\n\t\t\t\tMaquiando o personagem \u201cCalango\u201d, do espet\u00e1culo \u00c1gua da Vida\n\t\t\t\t<\/dd><\/dl><br style=\"clear: both\" \/><dl class='gallery-item'>\n\t\t\t<dt class='gallery-icon landscape'>\n\t\t\t\t<a href='https:\/\/ultimato.com.br\/sites\/jovem\/files\/2014\/11\/4.jpg#main'><img loading=\"lazy\" decoding=\"async\" width=\"150\" height=\"150\" src=\"https:\/\/ultimato.com.br\/sites\/jovem\/files\/2014\/11\/4-150x150.jpg\" class=\"attachment-thumbnail size-thumbnail\" alt=\"\" aria-describedby=\"gallery-1-3689\" srcset=\"https:\/\/ultimato.com.br\/sites\/jovem\/files\/2014\/11\/4-150x150.jpg 150w, https:\/\/ultimato.com.br\/sites\/jovem\/files\/2014\/11\/4-80x80.jpg 80w\" sizes=\"auto, (max-width: 150px) 100vw, 150px\" \/><\/a>\n\t\t\t<\/dt>\n\t\t\t\t<dd class='wp-caption-text gallery-caption' id='gallery-1-3689'>\n\t\t\t\tAdere\u00e7os do espet\u00e1culo \u201cHaru \u2013 A primavera do aprendiz\u201d\n\t\t\t\t<\/dd><\/dl><dl class='gallery-item'>\n\t\t\t<dt class='gallery-icon landscape'>\n\t\t\t\t<a href='https:\/\/ultimato.com.br\/sites\/jovem\/files\/2014\/11\/51.jpg#main'><img loading=\"lazy\" decoding=\"async\" width=\"150\" height=\"150\" src=\"https:\/\/ultimato.com.br\/sites\/jovem\/files\/2014\/11\/51-150x150.jpg\" class=\"attachment-thumbnail size-thumbnail\" alt=\"\" aria-describedby=\"gallery-1-3690\" srcset=\"https:\/\/ultimato.com.br\/sites\/jovem\/files\/2014\/11\/51-150x150.jpg 150w, https:\/\/ultimato.com.br\/sites\/jovem\/files\/2014\/11\/51-80x80.jpg 80w\" sizes=\"auto, (max-width: 150px) 100vw, 150px\" \/><\/a>\n\t\t\t<\/dt>\n\t\t\t\t<dd class='wp-caption-text gallery-caption' id='gallery-1-3690'>\n\t\t\t\tCroqui e execu\u00e7\u00e3o de maquiagem\n\t\t\t\t<\/dd><\/dl><dl class='gallery-item'>\n\t\t\t<dt class='gallery-icon landscape'>\n\t\t\t\t<a href='https:\/\/ultimato.com.br\/sites\/jovem\/files\/2014\/11\/6.jpg#main'><img loading=\"lazy\" decoding=\"async\" width=\"150\" height=\"150\" src=\"https:\/\/ultimato.com.br\/sites\/jovem\/files\/2014\/11\/6-150x150.jpg\" class=\"attachment-thumbnail size-thumbnail\" alt=\"\" aria-describedby=\"gallery-1-3691\" srcset=\"https:\/\/ultimato.com.br\/sites\/jovem\/files\/2014\/11\/6-150x150.jpg 150w, https:\/\/ultimato.com.br\/sites\/jovem\/files\/2014\/11\/6-80x80.jpg 80w\" sizes=\"auto, (max-width: 150px) 100vw, 150px\" \/><\/a>\n\t\t\t<\/dt>\n\t\t\t\t<dd class='wp-caption-text gallery-caption' id='gallery-1-3691'>\n\t\t\t\t\u00c1lcio atuando na pe\u00e7a Estranhamente Azul\n\t\t\t\t<\/dd><\/dl><br style=\"clear: both\" \/><dl class='gallery-item'>\n\t\t\t<dt class='gallery-icon landscape'>\n\t\t\t\t<a href='https:\/\/ultimato.com.br\/sites\/jovem\/files\/2014\/11\/7.jpg#main'><img loading=\"lazy\" decoding=\"async\" width=\"150\" height=\"150\" src=\"https:\/\/ultimato.com.br\/sites\/jovem\/files\/2014\/11\/7-150x150.jpg\" class=\"attachment-thumbnail size-thumbnail\" alt=\"\" aria-describedby=\"gallery-1-3692\" srcset=\"https:\/\/ultimato.com.br\/sites\/jovem\/files\/2014\/11\/7-150x150.jpg 150w, https:\/\/ultimato.com.br\/sites\/jovem\/files\/2014\/11\/7-80x80.jpg 80w\" sizes=\"auto, (max-width: 150px) 100vw, 150px\" \/><\/a>\n\t\t\t<\/dt>\n\t\t\t\t<dd class='wp-caption-text gallery-caption' id='gallery-1-3692'>\n\t\t\t\tInterpretando o personagem J\u00f3, no espet\u00e1culo Jota-\u00d3\n\t\t\t\t<\/dd><\/dl><dl class='gallery-item'>\n\t\t\t<dt class='gallery-icon landscape'>\n\t\t\t\t<a href='https:\/\/ultimato.com.br\/sites\/jovem\/files\/2014\/11\/8.jpg#main'><img loading=\"lazy\" decoding=\"async\" width=\"150\" height=\"150\" src=\"https:\/\/ultimato.com.br\/sites\/jovem\/files\/2014\/11\/8-150x150.jpg\" class=\"attachment-thumbnail size-thumbnail\" alt=\"\" srcset=\"https:\/\/ultimato.com.br\/sites\/jovem\/files\/2014\/11\/8-150x150.jpg 150w, https:\/\/ultimato.com.br\/sites\/jovem\/files\/2014\/11\/8-80x80.jpg 80w\" sizes=\"auto, (max-width: 150px) 100vw, 150px\" \/><\/a>\n\t\t\t<\/dt><\/dl><dl class='gallery-item'>\n\t\t\t<dt class='gallery-icon landscape'>\n\t\t\t\t<a href='https:\/\/ultimato.com.br\/sites\/jovem\/files\/2014\/11\/9.jpg#main'><img loading=\"lazy\" decoding=\"async\" width=\"150\" height=\"150\" src=\"https:\/\/ultimato.com.br\/sites\/jovem\/files\/2014\/11\/9-150x150.jpg\" class=\"attachment-thumbnail size-thumbnail\" alt=\"\" aria-describedby=\"gallery-1-3694\" srcset=\"https:\/\/ultimato.com.br\/sites\/jovem\/files\/2014\/11\/9-150x150.jpg 150w, https:\/\/ultimato.com.br\/sites\/jovem\/files\/2014\/11\/9-80x80.jpg 80w\" sizes=\"auto, (max-width: 150px) 100vw, 150px\" \/><\/a>\n\t\t\t<\/dt>\n\t\t\t\t<dd class='wp-caption-text gallery-caption' id='gallery-1-3694'>\n\t\t\t\tAdere\u00e7os do \u201cAuto de Natal\u201d\n\t\t\t\t<\/dd><\/dl><br style=\"clear: both\" \/>\n\t\t<\/div>\n\n<p>&nbsp;<\/p>\n","protected":false},"excerpt":{"rendered":"<p>Ol\u00e1, pessoal! Como t\u00e1 essa vida de artista? Nesse tempo sem postar recebi e-mails com trabalhos muito legais, de v\u00e1rios artistas do Brasil, portf\u00f3lios, sugest\u00f5es de bandas, grupos, festivais de arte, etc. Fiquei muito feliz com o que tem sido feito por a\u00ed e quero compartilhar com voc\u00eas um pouco do que tenho conhecido. Na [&hellip;]<\/p>\n","protected":false},"author":19,"featured_media":0,"comment_status":"open","ping_status":"open","sticky":false,"template":"","format":"standard","meta":{"ngg_post_thumbnail":0,"footnotes":""},"categories":[22216],"tags":[33,22217,22218,22219],"class_list":["post-3684","post","type-post","status-publish","format-standard","hentry","category-arte-de-proposito","tag-arte","tag-artedeproposito","tag-duda","tag-dudamartins"],"_links":{"self":[{"href":"https:\/\/ultimato.com.br\/sites\/jovem\/wp-json\/wp\/v2\/posts\/3684","targetHints":{"allow":["GET"]}}],"collection":[{"href":"https:\/\/ultimato.com.br\/sites\/jovem\/wp-json\/wp\/v2\/posts"}],"about":[{"href":"https:\/\/ultimato.com.br\/sites\/jovem\/wp-json\/wp\/v2\/types\/post"}],"author":[{"embeddable":true,"href":"https:\/\/ultimato.com.br\/sites\/jovem\/wp-json\/wp\/v2\/users\/19"}],"replies":[{"embeddable":true,"href":"https:\/\/ultimato.com.br\/sites\/jovem\/wp-json\/wp\/v2\/comments?post=3684"}],"version-history":[{"count":2,"href":"https:\/\/ultimato.com.br\/sites\/jovem\/wp-json\/wp\/v2\/posts\/3684\/revisions"}],"predecessor-version":[{"id":3696,"href":"https:\/\/ultimato.com.br\/sites\/jovem\/wp-json\/wp\/v2\/posts\/3684\/revisions\/3696"}],"wp:attachment":[{"href":"https:\/\/ultimato.com.br\/sites\/jovem\/wp-json\/wp\/v2\/media?parent=3684"}],"wp:term":[{"taxonomy":"category","embeddable":true,"href":"https:\/\/ultimato.com.br\/sites\/jovem\/wp-json\/wp\/v2\/categories?post=3684"},{"taxonomy":"post_tag","embeddable":true,"href":"https:\/\/ultimato.com.br\/sites\/jovem\/wp-json\/wp\/v2\/tags?post=3684"}],"curies":[{"name":"wp","href":"https:\/\/api.w.org\/{rel}","templated":true}]}}