{"id":3586,"date":"2014-09-29T00:01:37","date_gmt":"2014-09-29T03:01:37","guid":{"rendered":"http:\/\/ultimato.com.br\/sites\/jovem\/?p=3586"},"modified":"2014-09-22T14:10:58","modified_gmt":"2014-09-22T17:10:58","slug":"vem-ai-conferencia-missionaria-steiger","status":"publish","type":"post","link":"https:\/\/ultimato.com.br\/sites\/jovem\/2014\/09\/29\/vem-ai-conferencia-missionaria-steiger\/","title":{"rendered":"Vem a\u00ed! Confer\u00eancia Mission\u00e1ria Steiger"},"content":{"rendered":"<p>&nbsp;<\/p>\n<p><a href=\"http:\/\/ultimato.com.br\/sites\/jovem\/files\/2014\/09\/UltJovem_29_09_14_Conferencia_Steiger.jpg\" class=\"lightview\" data-lightview-group=\"group-3586\" data-lightview-options=\"skin: 'dark', controls: 'relative', padding: '10', shadow: { color: '#000000', opacity: 0.08, blur: 3 }\"><img loading=\"lazy\" decoding=\"async\" class=\"aligncenter size-full wp-image-3587\" src=\"http:\/\/ultimato.com.br\/sites\/jovem\/files\/2014\/09\/UltJovem_29_09_14_Conferencia_Steiger.jpg\" alt=\"UltJovem_29_09_14_Conferencia_Steiger\" width=\"599\" height=\"332\" srcset=\"https:\/\/ultimato.com.br\/sites\/jovem\/files\/2014\/09\/UltJovem_29_09_14_Conferencia_Steiger.jpg 599w, https:\/\/ultimato.com.br\/sites\/jovem\/files\/2014\/09\/UltJovem_29_09_14_Conferencia_Steiger-300x166.jpg 300w, https:\/\/ultimato.com.br\/sites\/jovem\/files\/2014\/09\/UltJovem_29_09_14_Conferencia_Steiger-150x83.jpg 150w\" sizes=\"auto, (max-width: 599px) 100vw, 599px\" \/><\/a><\/p>\n<p>&nbsp;<\/p>\n<p><strong>Tema:<br \/>\n<\/strong>O pluralismo e consequente relativismo representam um dos maiores desafios para a Igreja desta gera\u00e7\u00e3o. Para cumprir sua miss\u00e3o, a Igreja precisa aprender a vivenciar uma f\u00e9 viva e genu\u00edna sem que isso represente o perigo de perder sua identidade em meio \u00e0s ideologias vigentes. Jesus inseriu-se no contexto social de seu tempo, mas nunca se conformou com ele. Ao contr\u00e1rio, constantemente o desafiou, com ousadia. Da mesma forma, n\u00f3s, como seus disc\u00edpulos, precisamos ser relevantes na sociedade secularizada, sem perder a rever\u00eancia pelo Deus Santo e por sua Palavra.<\/p>\n<p><strong>Preletores:<\/strong> David Pierce, Ziel Machado, Jonas Madureira e Guilherme de Carvalho<\/p>\n<p><strong>Programa\u00e7\u00e3o:<\/strong> <a href=\"http:\/\/conferencia.steiger.org\/#schedule\">aqui<\/a><\/p>\n<p><strong>Local:<\/strong> A Casa da Rocha &#8211; S\u00e3o Paulo (SP)<\/p>\n<p><strong>Inscri\u00e7\u00f5es:<\/strong> <a href=\"http:\/\/conferencia.steiger.org\/#price\" target=\"_blank\">aqui<\/a><\/p>\n","protected":false},"excerpt":{"rendered":"<p>&nbsp; &nbsp; Tema: O pluralismo e consequente relativismo representam um dos maiores desafios para a Igreja desta gera\u00e7\u00e3o. Para cumprir sua miss\u00e3o, a Igreja precisa aprender a vivenciar uma f\u00e9 viva e genu\u00edna sem que isso represente o perigo de perder sua identidade em meio \u00e0s ideologias vigentes. Jesus inseriu-se no contexto social de seu [&hellip;]<\/p>\n","protected":false},"author":19,"featured_media":0,"comment_status":"open","ping_status":"open","sticky":false,"template":"","format":"standard","meta":{"ngg_post_thumbnail":0,"footnotes":""},"categories":[172],"tags":[10179,80,16533],"class_list":["post-3586","post","type-post","status-publish","format-standard","hentry","category-agenda","tag-agenda-2","tag-missoes","tag-vocacao"],"_links":{"self":[{"href":"https:\/\/ultimato.com.br\/sites\/jovem\/wp-json\/wp\/v2\/posts\/3586","targetHints":{"allow":["GET"]}}],"collection":[{"href":"https:\/\/ultimato.com.br\/sites\/jovem\/wp-json\/wp\/v2\/posts"}],"about":[{"href":"https:\/\/ultimato.com.br\/sites\/jovem\/wp-json\/wp\/v2\/types\/post"}],"author":[{"embeddable":true,"href":"https:\/\/ultimato.com.br\/sites\/jovem\/wp-json\/wp\/v2\/users\/19"}],"replies":[{"embeddable":true,"href":"https:\/\/ultimato.com.br\/sites\/jovem\/wp-json\/wp\/v2\/comments?post=3586"}],"version-history":[{"count":1,"href":"https:\/\/ultimato.com.br\/sites\/jovem\/wp-json\/wp\/v2\/posts\/3586\/revisions"}],"predecessor-version":[{"id":3588,"href":"https:\/\/ultimato.com.br\/sites\/jovem\/wp-json\/wp\/v2\/posts\/3586\/revisions\/3588"}],"wp:attachment":[{"href":"https:\/\/ultimato.com.br\/sites\/jovem\/wp-json\/wp\/v2\/media?parent=3586"}],"wp:term":[{"taxonomy":"category","embeddable":true,"href":"https:\/\/ultimato.com.br\/sites\/jovem\/wp-json\/wp\/v2\/categories?post=3586"},{"taxonomy":"post_tag","embeddable":true,"href":"https:\/\/ultimato.com.br\/sites\/jovem\/wp-json\/wp\/v2\/tags?post=3586"}],"curies":[{"name":"wp","href":"https:\/\/api.w.org\/{rel}","templated":true}]}}