{"id":356,"date":"2011-01-12T13:58:21","date_gmt":"2011-01-12T16:58:21","guid":{"rendered":"http:\/\/ultimato.com.br\/sites\/jovem\/?p=356"},"modified":"2011-01-12T14:00:54","modified_gmt":"2011-01-12T17:00:54","slug":"a-grande-onda","status":"publish","type":"post","link":"https:\/\/ultimato.com.br\/sites\/jovem\/2011\/01\/12\/a-grande-onda\/","title":{"rendered":"A grande onda"},"content":{"rendered":"<p style=\"text-align: left;\"><span style=\"color: #008080;\"><strong><a href=\"http:\/\/ultimato.com.br\/sites\/jovem\/files\/2011\/01\/onda.jpg\" class=\"lightview\" data-lightview-group=\"group-356\" data-lightview-options=\"skin: 'dark', controls: 'relative', padding: '10', shadow: { color: '#000000', opacity: 0.08, blur: 3 }\" data-lightview-title=\"onda\"><img loading=\"lazy\" decoding=\"async\" class=\"alignright size-full wp-image-363\" title=\"onda\" src=\"http:\/\/ultimato.com.br\/sites\/jovem\/files\/2011\/01\/onda.jpg\" alt=\"\" width=\"320\" height=\"240\" srcset=\"https:\/\/ultimato.com.br\/sites\/jovem\/files\/2011\/01\/onda.jpg 320w, https:\/\/ultimato.com.br\/sites\/jovem\/files\/2011\/01\/onda-300x225.jpg 300w, https:\/\/ultimato.com.br\/sites\/jovem\/files\/2011\/01\/onda-150x112.jpg 150w\" sizes=\"auto, (max-width: 320px) 100vw, 320px\" \/><\/a>Oi pessoal,<\/strong><\/span><\/p>\n<p style=\"text-align: left;\"><span style=\"color: #008080;\"><strong>O blog Ultimato Jovem est\u00e1 de volta a pleno vapor. Esta semana vamos publicar aqui os textos prometidos na edi\u00e7\u00e3o de janeiro\/fevereiro da revista Ultimato, na se\u00e7\u00e3o Altos Papos. Se voc\u00ea ainda n\u00e3o leu, n\u00e3o sabe o que est\u00e1 perdendo&#8230;que tal se tornar um assinante? (<a href=\"http:\/\/www.ultimato.com.br\/boletim\/2009\/juventudes\/\" target=\"_blank\">Confira o pre\u00e7o super especial da assinatura jovem<\/a>).<\/strong><\/span><\/p>\n<p style=\"text-align: left;\"><span style=\"color: #008080;\"><strong>Come\u00e7amos pelo texto do nosso sempre colaborador Magr\u00e3o. <\/strong><\/span><\/p>\n<p style=\"text-align: left;\"><span style=\"color: #008080;\"><strong>Boa leitura!<\/strong><\/span><\/p>\n<p style=\"text-align: right;\"><em><br \/>\n<\/em><\/p>\n<p>Lembro-me da primeira vez que me encontrei com o mar.<!--more--> Seus tons de azul causaram em mim uma sensa\u00e7\u00e3o de liberdade e paz que nunca havia experimentado. Sua imensid\u00e3o despertou no menino que eu era um desejo imenso de explorar, conhecer e morar naquele mar.<\/p>\n<p>H\u00e1 anos sou apaixonado pelas ondas! Como bom morador de litoral, surfei pela primeira vez aos 10 anos. Foi algo inexplic\u00e1vel, s\u00f3 experimentando para saber a real sensa\u00e7\u00e3o.<\/p>\n<p>Liberdade, adrenalina, prazer. Ao surfar experimentei a conex\u00e3o do homem com a natureza. Por\u00e9m, assim como todo surfista, eu sonhava com a onda perfeita. Um apaixonado \u00e0s vezes passa uma vida toda correndo atr\u00e1s dessa onda. Ele viaja em busca dos melhores picos, gasta dinheiro, investe tempo e muitas pranchas antes de encontrar a tal onda.<\/p>\n<p>Recordo-me bem do dia em que encontrei a grande onda. Sou fruto do minist\u00e9rio dos Surfistas de Cristo e me lembro a primeira vez em que fui a uma reuni\u00e3o. Eu tinha um \u201cbrother\u201d insepar\u00e1vel que tinha encontrado algo diferente e vivia me convidando para uma tal reuni\u00e3o da galera do surfe. Depois de muito insist\u00eancia, acabei aceitando o convite, mas sem muitas expectativas.<\/p>\n<p>Botei uma bermuda, um chinelo e apenas meio sorriso. Quando cheguei, fiquei um pouco \u201cbolado\u201d, mas logo come\u00e7ou a tocar um som maneiro. Depois chamaram o pregador, ou melhor, \u201co cara que ia trocar uma ideia com a galera\u201d.<\/p>\n<p>Ele pegou o microfone, se apresentou e come\u00e7ou a falar sobre Cristo, sobre a vida, indecis\u00f5es e d\u00favidas. Em certo momento, foi como se estivesse sozinho naquele lugar. Parece que as coisas come\u00e7aram a fazer sentido, mas eu n\u00e3o entendi o que estava acontecendo. No final, ele fez um apelo e eu aceitei. O clich\u00ea \u201ca vida sem Cristo \u00e9 o mesmo que um mar sem onda\u201d \u00e9 a mais pura verdade e faz todo sentido para a galera do surfe.<\/p>\n<p>Essa miss\u00e3o n\u00e3o existe apenas pra galera surfar e se divertir, mas tamb\u00e9m porque n\u00f3s, surfistas, somos uma tribo, temos um jeito pr\u00f3prio de nos comunicarmos, uma linguagem pr\u00f3pria e sonhos em comum que podem parecer loucura para outra tribo. Os Surfistas de Cristo trouxeram Cristo para a areia, para a praia, habitat favorito dessa galera. Eles colocaram Cristo sentado ao nosso lado falando de mar, de vento, de ondula\u00e7\u00e3o e, enfim, de vida eterna.<\/p>\n<p>Os Surfistas de Cristo tiveram seu in\u00edcio na d\u00e9cada de 70, na Austr\u00e1lia. Na d\u00e9cada de 80, o Christian Surfer International (CSI) j\u00e1 surfava sua primeira onda no Brasil. Hoje existem trabalhos em todo litoral e essa galera de bermud\u00f5es coloridos, cabelos parafinados e uma linguagem cheia de atitude tem sido transformada pelo evangelho e pelo testemunho de outros surfistas.<\/p>\n<p>J\u00e1 se passaram vinte anos desde aquela reuni\u00e3o, mas foi um dia inesquec\u00edvel, pois a busca tinha acabado. Tive um encontro com a onda perfeita! Muita coisa mudou nesses anos. Eu mudei, mas muitos ainda continuam correndo atr\u00e1s da grande onda.<\/p>\n<p>N\u00e3o importa a sua tribo, o seu estilo ou o som que voc\u00ea curte. O Criador das ondas fala a sua l\u00edngua. Atualmente, mesmo morando no interior de Minas Gerais e longe do azul, do cheiro e do som do mar, a onda perfeita est\u00e1 aqui.<\/p>\n<p>Boas ondas.<\/p>\n<p>\u2022 <strong>Jeverton \u201cMagr\u00e3o\u201d Ledo<\/strong> \u00e9 autor de \u201cMinha Escolha Profissional &#8212; o que Deus tem a ver com isso?\u201d (Editora Vida). jeverton.ledo@gmail.com<\/p>\n","protected":false},"excerpt":{"rendered":"<p>Oi pessoal, O blog Ultimato Jovem est\u00e1 de volta a pleno vapor. Esta semana vamos publicar aqui os textos prometidos na edi\u00e7\u00e3o de janeiro\/fevereiro da revista Ultimato, na se\u00e7\u00e3o Altos Papos. Se voc\u00ea ainda n\u00e3o leu, n\u00e3o sabe o que est\u00e1 perdendo&#8230;que tal se tornar um assinante? (Confira o pre\u00e7o super especial da assinatura jovem). [&hellip;]<\/p>\n","protected":false},"author":19,"featured_media":0,"comment_status":"open","ping_status":"open","sticky":false,"template":"","format":"standard","meta":{"ngg_post_thumbnail":0,"footnotes":""},"categories":[5151],"tags":[],"class_list":["post-356","post","type-post","status-publish","format-standard","hentry","category-outros-papos"],"_links":{"self":[{"href":"https:\/\/ultimato.com.br\/sites\/jovem\/wp-json\/wp\/v2\/posts\/356","targetHints":{"allow":["GET"]}}],"collection":[{"href":"https:\/\/ultimato.com.br\/sites\/jovem\/wp-json\/wp\/v2\/posts"}],"about":[{"href":"https:\/\/ultimato.com.br\/sites\/jovem\/wp-json\/wp\/v2\/types\/post"}],"author":[{"embeddable":true,"href":"https:\/\/ultimato.com.br\/sites\/jovem\/wp-json\/wp\/v2\/users\/19"}],"replies":[{"embeddable":true,"href":"https:\/\/ultimato.com.br\/sites\/jovem\/wp-json\/wp\/v2\/comments?post=356"}],"version-history":[{"count":4,"href":"https:\/\/ultimato.com.br\/sites\/jovem\/wp-json\/wp\/v2\/posts\/356\/revisions"}],"predecessor-version":[{"id":365,"href":"https:\/\/ultimato.com.br\/sites\/jovem\/wp-json\/wp\/v2\/posts\/356\/revisions\/365"}],"wp:attachment":[{"href":"https:\/\/ultimato.com.br\/sites\/jovem\/wp-json\/wp\/v2\/media?parent=356"}],"wp:term":[{"taxonomy":"category","embeddable":true,"href":"https:\/\/ultimato.com.br\/sites\/jovem\/wp-json\/wp\/v2\/categories?post=356"},{"taxonomy":"post_tag","embeddable":true,"href":"https:\/\/ultimato.com.br\/sites\/jovem\/wp-json\/wp\/v2\/tags?post=356"}],"curies":[{"name":"wp","href":"https:\/\/api.w.org\/{rel}","templated":true}]}}