{"id":3462,"date":"2014-07-21T00:05:55","date_gmt":"2014-07-21T03:05:55","guid":{"rendered":"http:\/\/ultimato.com.br\/sites\/jovem\/?p=3462"},"modified":"2014-07-18T11:19:35","modified_gmt":"2014-07-18T14:19:35","slug":"de-volta-do-quenia","status":"publish","type":"post","link":"https:\/\/ultimato.com.br\/sites\/jovem\/2014\/07\/21\/de-volta-do-quenia\/","title":{"rendered":"De volta do Qu\u00eania"},"content":{"rendered":"<p>(parte 3)<\/p>\n<p><em>Por B\u00e1rbara Almeida<br \/>\n<\/em><\/p>\n<div id=\"attachment_3463\" style=\"width: 304px\" class=\"wp-caption alignright\"><a href=\"http:\/\/ultimato.com.br\/sites\/jovem\/files\/2014\/07\/UltJovem_18_07_14_Foto_queniano.jpg\" class=\"lightview\" data-lightview-group=\"group-3462\" data-lightview-options=\"skin: 'dark', controls: 'relative', padding: '10', shadow: { color: '#000000', opacity: 0.08, blur: 3 }\"><img loading=\"lazy\" decoding=\"async\" aria-describedby=\"caption-attachment-3463\" class=\"size-full wp-image-3463\" alt=\"Foto de crian\u00e7a queniana\" src=\"http:\/\/ultimato.com.br\/sites\/jovem\/files\/2014\/07\/UltJovem_18_07_14_Foto_queniano.jpg\" width=\"294\" height=\"392\" srcset=\"https:\/\/ultimato.com.br\/sites\/jovem\/files\/2014\/07\/UltJovem_18_07_14_Foto_queniano.jpg 294w, https:\/\/ultimato.com.br\/sites\/jovem\/files\/2014\/07\/UltJovem_18_07_14_Foto_queniano-225x300.jpg 225w, https:\/\/ultimato.com.br\/sites\/jovem\/files\/2014\/07\/UltJovem_18_07_14_Foto_queniano-112x150.jpg 112w\" sizes=\"auto, (max-width: 294px) 100vw, 294px\" \/><\/a><p id=\"caption-attachment-3463\" class=\"wp-caption-text\">Foto de crian\u00e7a queniana<\/p><\/div>\n<p>Deixei o Qu\u00eania em novembro de 2013&#8230; h\u00e1 5 meses. O tempo que fiquei l\u00e1, j\u00e1 \u00e9 igual ao tempo que estou de volta. E isso me d\u00f3i. D\u00f3i porque o tempo passa <em>r\u00e1pido<\/em>. D\u00f3i porque sinto saudades.<\/p>\n<p>Sinto saudade de me preocupar apenas que o que \u00e9 mais b\u00e1sico: se <em>ter\u00edamos<\/em> \u00e1gua. Sinto saudade de quando assistir um filme era um evento realmente especial. Sinto saudade de cumprimentar as mesmas pessoas todos os dias e de, <em>\u00e0s<\/em> vezes, ouvir algum desconhecido me cumprimentando pelo meu nome.\u00a0 Sinto saudade de um amigo me convidar pra subir as montanhas. Sinto saudade dos meus <em>bra\u00e7o<\/em>s fortes de tanto carregar \u00e1gua. Sinto saudade at\u00e9 da mancha de sol que estava na minha perna.<\/p>\n<p>Quando me perguntam se eu vi muita pobreza l\u00e1, eu digo que depende do conceito de pobreza. Eu n\u00e3o tinha d\u00f3 dos quenianos. Eles pareciam muito bem vivendo do jeito deles, com poucos bens materiais e com alimento cultivado em seus <em>pr\u00f3prios<\/em> terrenos. E isso pra mim \u00e9 uma riqueza. Ver crian\u00e7as que ainda brincam de roda \u00e9 encantador.<\/p>\n<p>De volta, muita coisa do que vivi se perdeu. Como morei 23 anos no Brasil e apenas meio ano na \u00c1frica, muitos <em>h\u00e1bito<\/em>s retornaram. Voltei a acordar tarde, voltei a tomar banho quente e a gastar horas na internet. Sinto-me uma <em>pregui\u00e7osa<\/em>.<\/p>\n<p>Por\u00e9m estou mais grata. Eu consigo ser mais grata pela \u00e1gua corrente, e a confiar que Deus vai providenciar a \u00e1gua mesmo nessa seca. Eu consigo ser grata pela cama quente. Eu <em>agrade\u00e7o<\/em> pela comida gostosa. E pela <em>sa\u00fade<\/em>. E n\u00e3o paro de agradecer a Deus pelo tempo que vivi no Qu\u00eania (mesmo recebendo <em>liga\u00e7\u00f5es<\/em> insistentes de madrugada dos meus amigos quenianos).<\/p>\n<p>Passei a admirar as pessoas que continuam felizes buscando \u00e1gua diariamente, os volunt\u00e1rios que todo dia tentam melhorar a <em>sa\u00fade<\/em> e <em>educa\u00e7\u00e3o<\/em> de quem n\u00e3o tem <em>condi\u00e7\u00f5es<\/em>, os <em>mission\u00e1rios<\/em> que aceitam morar em <em>pa\u00edses<\/em> com cultura completamente diferente, os crist\u00e3os que no dia a dia desafiam a sociedade afirmando que pessoas s\u00e3o mais importantes que coisas.<\/p>\n<p>Aquela foto do menininho africano continua a enfeitar a parede de meu quarto. E sem ter notado, acabei realizando um sonho.<\/p>\n<p>Obrigada, Deus!<\/p>\n<p>&nbsp;<\/p>\n<p><b>\u2022 B\u00e1rbara Craveiro de Almeida<\/b> tem 24 anos e \u00e9 formada em servi\u00e7o social. Mora em Vinhedo, SP, e trabalha na \u00e1rea social, mas eventualmente se aventura na \u00e1rea art\u00edstica.<\/p>\n<p>&nbsp;<\/p>\n<p><b>Leia tamb\u00e9m<br \/>\n<\/b><a href=\"http:\/\/ultimato.com.br\/sites\/jovem\/?p=3456\" target=\"_blank\">Quase no Qu\u00eania<b> <\/b>(parte 1)<\/a><br \/>\n<a href=\"http:\/\/ultimato.com.br\/sites\/jovem\/?p=3459\">J\u00e1 no Qu\u00eania (parte 2)<\/a><\/p>\n<p><b>V\u00eddeo<br \/>\n<\/b>Convido <em>voc\u00eas<\/em> a partilharem um pouco desta <em>experi\u00eancia<\/em> comigo neste videoclipe: \u201cTake your time \u2013 Sly Shy\u201d<\/p>\n<p><iframe loading=\"lazy\" src=\"\/\/www.youtube.com\/embed\/Z4mafeV-2ck\" height=\"315\" width=\"560\" allowfullscreen=\"\" frameborder=\"0\"><\/iframe><\/p>\n","protected":false},"excerpt":{"rendered":"<p>(parte 3) Por B\u00e1rbara Almeida Deixei o Qu\u00eania em novembro de 2013&#8230; h\u00e1 5 meses. O tempo que fiquei l\u00e1, j\u00e1 \u00e9 igual ao tempo que estou de volta. E isso me d\u00f3i. D\u00f3i porque o tempo passa r\u00e1pido. D\u00f3i porque sinto saudades. Sinto saudade de me preocupar apenas que o que \u00e9 mais b\u00e1sico: [&hellip;]<\/p>\n","protected":false},"author":19,"featured_media":0,"comment_status":"open","ping_status":"open","sticky":false,"template":"","format":"standard","meta":{"ngg_post_thumbnail":0,"footnotes":""},"categories":[6093],"tags":[9833,104,26,22198,16533],"class_list":["post-3462","post","type-post","status-publish","format-standard","hentry","category-viagens","tag-africa","tag-missao","tag-missao-integral","tag-quenia","tag-vocacao"],"_links":{"self":[{"href":"https:\/\/ultimato.com.br\/sites\/jovem\/wp-json\/wp\/v2\/posts\/3462","targetHints":{"allow":["GET"]}}],"collection":[{"href":"https:\/\/ultimato.com.br\/sites\/jovem\/wp-json\/wp\/v2\/posts"}],"about":[{"href":"https:\/\/ultimato.com.br\/sites\/jovem\/wp-json\/wp\/v2\/types\/post"}],"author":[{"embeddable":true,"href":"https:\/\/ultimato.com.br\/sites\/jovem\/wp-json\/wp\/v2\/users\/19"}],"replies":[{"embeddable":true,"href":"https:\/\/ultimato.com.br\/sites\/jovem\/wp-json\/wp\/v2\/comments?post=3462"}],"version-history":[{"count":1,"href":"https:\/\/ultimato.com.br\/sites\/jovem\/wp-json\/wp\/v2\/posts\/3462\/revisions"}],"predecessor-version":[{"id":3464,"href":"https:\/\/ultimato.com.br\/sites\/jovem\/wp-json\/wp\/v2\/posts\/3462\/revisions\/3464"}],"wp:attachment":[{"href":"https:\/\/ultimato.com.br\/sites\/jovem\/wp-json\/wp\/v2\/media?parent=3462"}],"wp:term":[{"taxonomy":"category","embeddable":true,"href":"https:\/\/ultimato.com.br\/sites\/jovem\/wp-json\/wp\/v2\/categories?post=3462"},{"taxonomy":"post_tag","embeddable":true,"href":"https:\/\/ultimato.com.br\/sites\/jovem\/wp-json\/wp\/v2\/tags?post=3462"}],"curies":[{"name":"wp","href":"https:\/\/api.w.org\/{rel}","templated":true}]}}