{"id":3456,"date":"2014-07-21T00:30:29","date_gmt":"2014-07-21T03:30:29","guid":{"rendered":"http:\/\/ultimato.com.br\/sites\/jovem\/?p=3456"},"modified":"2014-07-22T10:50:52","modified_gmt":"2014-07-22T13:50:52","slug":"quase-no-quenia","status":"publish","type":"post","link":"https:\/\/ultimato.com.br\/sites\/jovem\/2014\/07\/21\/quase-no-quenia\/","title":{"rendered":"Quase no Qu\u00eania"},"content":{"rendered":"<p>(parte 1)<\/p>\n<p><em>Por B\u00e1rbara Almeida<\/em><\/p>\n<p><a href=\"http:\/\/ultimato.com.br\/sites\/jovem\/files\/2014\/07\/UltJovem_18_07_14_Quase_Quenia.jpg\" class=\"lightview\" data-lightview-group=\"group-3456\" data-lightview-options=\"skin: 'dark', controls: 'relative', padding: '10', shadow: { color: '#000000', opacity: 0.08, blur: 3 }\"><img loading=\"lazy\" decoding=\"async\" class=\"alignright size-full wp-image-3457\" alt=\"UltJovem_18_07_14_Quase_Quenia\" src=\"http:\/\/ultimato.com.br\/sites\/jovem\/files\/2014\/07\/UltJovem_18_07_14_Quase_Quenia.jpg\" width=\"419\" height=\"315\" srcset=\"https:\/\/ultimato.com.br\/sites\/jovem\/files\/2014\/07\/UltJovem_18_07_14_Quase_Quenia.jpg 419w, https:\/\/ultimato.com.br\/sites\/jovem\/files\/2014\/07\/UltJovem_18_07_14_Quase_Quenia-300x225.jpg 300w, https:\/\/ultimato.com.br\/sites\/jovem\/files\/2014\/07\/UltJovem_18_07_14_Quase_Quenia-150x112.jpg 150w\" sizes=\"auto, (max-width: 419px) 100vw, 419px\" \/><\/a>Acho que n\u00e3o sou do tipo de pessoa que se esfor\u00e7a para conquistar seus sonhos. Sonhadora sim, mas n\u00e3o realizadora. Sonho muito de noite, de madrugada. Mas quando acordo qualquer passo na dire\u00e7\u00e3o do sonho parece ser dif\u00edcil.<\/p>\n<p>Tamb\u00e9m n\u00e3o sou daquelas pessoas cujo maior sonho \u00e9 morar fora do <em>pa\u00eds<\/em>. Quando adolescente, eu n\u00e3o sonhava em fazer interc\u00e2mbio no exterior. Por\u00e9m algo que me chamava a aten\u00e7\u00e3o era a \u00c1frica. Sonhei em ir um dia como volunt\u00e1ria pra l\u00e1. Isso foi no ensino m\u00e9dio, quando decidi prestar vestibular para Servi\u00e7o Social. Acabei deixando o sonho de lado e durante a faculdade j\u00e1 n\u00e3o pensava nisso. Mas uma foto de um garotinho africano passou a enfeitar a parede de meu quarto, como um lembrete de um sonho adormecido.<!--more--><\/p>\n<p>Um ano depois de formada, minha irm\u00e3 e minha amiga me incentivaram a passar um tempo fora do Brasil. Percebi que talvez fosse o momento certo (solteira, emprego estagnado, faculdade conclu\u00edda) e comecei a fazer pesquisas na internet. Procurei por todo tipo de oportunidade: trabalho, p\u00f3s-gradua\u00e7\u00e3o, curso de ingl\u00eas, curso de arte e voluntariado.<\/p>\n<p>A coisa come\u00e7ou a afunilar para trabalho volunt\u00e1rio, o que me fez lembrar da vontade de conhecer a \u00c1frica. Mas as ag\u00eancias de interc\u00e2mbio oferecem oportunidades caras e limitadas. Ent\u00e3o, atrav\u00e9s de minha m\u00e3e, descobri o site <a href=\"http:\/\/www.the7interchange.com\/\">www.the7interchange.com<\/a><i> <\/i>onde organiza\u00e7\u00f5es e volunt\u00e1rios do mundo todo criam perfis para se acharem. Resolvi me cadastrar. No in\u00edcio meu interesse era especificamente na \u00c1frica do Sul. Mas n\u00e3o sei por que coloquei interesse no Qu\u00eania tamb\u00e9m.<\/p>\n<p>Foi uma organiza\u00e7\u00e3o do Qu\u00eania quem primeiro fez contato comigo. Como o site <i>the7interchange<\/i> n\u00e3o garante a idoneidade das organiza\u00e7\u00f5es, tomei alguns cuidados. Troquei v\u00e1rios e-mails com o coordenador Julius, pesquisei sobre a organiza\u00e7\u00e3o e entrei em contato com as embaixadas queniana e brasileira. Somente depois de 6 meses decidi a data de embarque.<\/p>\n<p>E morri de medo. Fiquei praticamente desesperada. Pensei at\u00e9 em desistir.<\/p>\n<p>Mas eu fui&#8230; Gra\u00e7as a Deus que fui&#8230;<\/p>\n<p><b>\u2022 B\u00e1rbara Craveiro de Almeida<\/b> tem 24 anos e \u00e9 formada em servi\u00e7o social. Mora em Vinhedo, SP, e trabalha na \u00e1rea social, mas eventualmente se aventura na \u00e1rea art\u00edstica.<\/p>\n<p><b><br \/>\nLeia tamb\u00e9m<br \/>\n<\/b><a href=\"http:\/\/ultimato.com.br\/sites\/jovem\/?p=3459\" target=\"_blank\">J\u00e1 no Qu\u00eania (parte 2)<\/a><br \/>\n<a href=\"http:\/\/ultimato.com.br\/sites\/jovem\/?p=3462\" target=\"_blank\">De volta do Qu\u00eania (parte 3)<\/a><\/p>\n<p><b>V\u00eddeo<br \/>\n<\/b>Convido voc\u00eas a partilharem um pouco desta <em>experi\u00eancia<\/em> comigo neste videoclipe: \u201cTake your time \u2013 Sly Shy\u201d<\/p>\n<p><iframe loading=\"lazy\" src=\"\/\/www.youtube.com\/embed\/Z4mafeV-2ck\" height=\"315\" width=\"560\" allowfullscreen=\"\" frameborder=\"0\"><\/iframe><\/p>\n","protected":false},"excerpt":{"rendered":"<p>(parte 1) Por B\u00e1rbara Almeida Acho que n\u00e3o sou do tipo de pessoa que se esfor\u00e7a para conquistar seus sonhos. Sonhadora sim, mas n\u00e3o realizadora. Sonho muito de noite, de madrugada. Mas quando acordo qualquer passo na dire\u00e7\u00e3o do sonho parece ser dif\u00edcil. Tamb\u00e9m n\u00e3o sou daquelas pessoas cujo maior sonho \u00e9 morar fora do [&hellip;]<\/p>\n","protected":false},"author":19,"featured_media":0,"comment_status":"open","ping_status":"open","sticky":false,"template":"","format":"standard","meta":{"ngg_post_thumbnail":0,"footnotes":""},"categories":[8040],"tags":[9833,4227,104,26,22198,107],"class_list":["post-3456","post","type-post","status-publish","format-standard","hentry","category-bios","tag-africa","tag-bio","tag-missao","tag-missao-integral","tag-quenia","tag-testemunho"],"_links":{"self":[{"href":"https:\/\/ultimato.com.br\/sites\/jovem\/wp-json\/wp\/v2\/posts\/3456","targetHints":{"allow":["GET"]}}],"collection":[{"href":"https:\/\/ultimato.com.br\/sites\/jovem\/wp-json\/wp\/v2\/posts"}],"about":[{"href":"https:\/\/ultimato.com.br\/sites\/jovem\/wp-json\/wp\/v2\/types\/post"}],"author":[{"embeddable":true,"href":"https:\/\/ultimato.com.br\/sites\/jovem\/wp-json\/wp\/v2\/users\/19"}],"replies":[{"embeddable":true,"href":"https:\/\/ultimato.com.br\/sites\/jovem\/wp-json\/wp\/v2\/comments?post=3456"}],"version-history":[{"count":4,"href":"https:\/\/ultimato.com.br\/sites\/jovem\/wp-json\/wp\/v2\/posts\/3456\/revisions"}],"predecessor-version":[{"id":3468,"href":"https:\/\/ultimato.com.br\/sites\/jovem\/wp-json\/wp\/v2\/posts\/3456\/revisions\/3468"}],"wp:attachment":[{"href":"https:\/\/ultimato.com.br\/sites\/jovem\/wp-json\/wp\/v2\/media?parent=3456"}],"wp:term":[{"taxonomy":"category","embeddable":true,"href":"https:\/\/ultimato.com.br\/sites\/jovem\/wp-json\/wp\/v2\/categories?post=3456"},{"taxonomy":"post_tag","embeddable":true,"href":"https:\/\/ultimato.com.br\/sites\/jovem\/wp-json\/wp\/v2\/tags?post=3456"}],"curies":[{"name":"wp","href":"https:\/\/api.w.org\/{rel}","templated":true}]}}