{"id":344,"date":"2010-12-14T14:53:49","date_gmt":"2010-12-14T17:53:49","guid":{"rendered":"http:\/\/ultimato.com.br\/sites\/jovem\/?p=344"},"modified":"2010-12-16T09:34:45","modified_gmt":"2010-12-16T12:34:45","slug":"voce-ja-leu-nosso-caderno-jovem-ta-esperando-o-que","status":"publish","type":"post","link":"https:\/\/ultimato.com.br\/sites\/jovem\/2010\/12\/14\/voce-ja-leu-nosso-caderno-jovem-ta-esperando-o-que\/","title":{"rendered":"Voc\u00ea j\u00e1 leu nosso Caderno Jovem? T\u00e1 esperando o qu\u00ea?"},"content":{"rendered":"<p><a href=\"http:\/\/ultimato.com.br\/sites\/jovem\/files\/2010\/12\/caderno-jovem.jpg\" class=\"lightview\" data-lightview-group=\"group-344\" data-lightview-options=\"skin: 'dark', controls: 'relative', padding: '10', shadow: { color: '#000000', opacity: 0.08, blur: 3 }\" data-lightview-title=\"caderno jovem\"><img loading=\"lazy\" decoding=\"async\" class=\"alignleft size-full wp-image-345\" title=\"caderno jovem\" src=\"http:\/\/ultimato.com.br\/sites\/jovem\/files\/2010\/12\/caderno-jovem.jpg\" alt=\"\" width=\"320\" height=\"214\" srcset=\"https:\/\/ultimato.com.br\/sites\/jovem\/files\/2010\/12\/caderno-jovem.jpg 320w, https:\/\/ultimato.com.br\/sites\/jovem\/files\/2010\/12\/caderno-jovem-300x200.jpg 300w, https:\/\/ultimato.com.br\/sites\/jovem\/files\/2010\/12\/caderno-jovem-150x100.jpg 150w\" sizes=\"auto, (max-width: 320px) 100vw, 320px\" \/><\/a><\/p>\n<p><span style=\"color: #008080;\"><strong>E a\u00ed? Voc\u00ea j\u00e1 conhece nosso <a href=\"http:\/\/www.ultimato.com.br\/loja\/produtos\/caderno-jovem-ultimato\">Caderno Jovem<\/a>? N\u00e3o?! Ent\u00e3o n\u00e3o perca tempo, escreva para juventudes@ultimato.com.br e saiba como receber exemplares na sua cidade. <\/strong><\/span><\/p>\n<p><span style=\"color: #008080;\"><strong>A Editora Ultimato est\u00e1 fazendo parceria com eventos jovens em todo o Brasil. N\u00e3o fique de fora!<\/strong><\/span><\/p>\n<p><span style=\"color: #008080;\"><em>&#8220;O Caderno Jovem teve um receptividade muito boa por aqui, gostaria de elogi\u00e1-los muito por essa iniciativa. O conte\u00fado est\u00e1 excelente e acho que esse material vai ser muito importante na forma\u00e7\u00e3o de uma mentalidade nova sobre a juventude brasileira dentro das igrejas.&#8221; \u00a0Josu\u00e9, de S\u00e3o Carlos, SP<\/em><\/span><\/p>\n","protected":false},"excerpt":{"rendered":"<p>E a\u00ed? Voc\u00ea j\u00e1 conhece nosso Caderno Jovem? N\u00e3o?! Ent\u00e3o n\u00e3o perca tempo, escreva para juventudes@ultimato.com.br e saiba como receber exemplares na sua cidade. A Editora Ultimato est\u00e1 fazendo parceria com eventos jovens em todo o Brasil. N\u00e3o fique de fora! &#8220;O Caderno Jovem teve um receptividade muito boa por aqui, gostaria de elogi\u00e1-los muito [&hellip;]<\/p>\n","protected":false},"author":19,"featured_media":0,"comment_status":"open","ping_status":"open","sticky":false,"template":"","format":"standard","meta":{"ngg_post_thumbnail":0,"footnotes":""},"categories":[5152,7],"tags":[],"class_list":["post-344","post","type-post","status-publish","format-standard","hentry","category-altas-indicacoes","category-noticias"],"_links":{"self":[{"href":"https:\/\/ultimato.com.br\/sites\/jovem\/wp-json\/wp\/v2\/posts\/344","targetHints":{"allow":["GET"]}}],"collection":[{"href":"https:\/\/ultimato.com.br\/sites\/jovem\/wp-json\/wp\/v2\/posts"}],"about":[{"href":"https:\/\/ultimato.com.br\/sites\/jovem\/wp-json\/wp\/v2\/types\/post"}],"author":[{"embeddable":true,"href":"https:\/\/ultimato.com.br\/sites\/jovem\/wp-json\/wp\/v2\/users\/19"}],"replies":[{"embeddable":true,"href":"https:\/\/ultimato.com.br\/sites\/jovem\/wp-json\/wp\/v2\/comments?post=344"}],"version-history":[{"count":4,"href":"https:\/\/ultimato.com.br\/sites\/jovem\/wp-json\/wp\/v2\/posts\/344\/revisions"}],"predecessor-version":[{"id":347,"href":"https:\/\/ultimato.com.br\/sites\/jovem\/wp-json\/wp\/v2\/posts\/344\/revisions\/347"}],"wp:attachment":[{"href":"https:\/\/ultimato.com.br\/sites\/jovem\/wp-json\/wp\/v2\/media?parent=344"}],"wp:term":[{"taxonomy":"category","embeddable":true,"href":"https:\/\/ultimato.com.br\/sites\/jovem\/wp-json\/wp\/v2\/categories?post=344"},{"taxonomy":"post_tag","embeddable":true,"href":"https:\/\/ultimato.com.br\/sites\/jovem\/wp-json\/wp\/v2\/tags?post=344"}],"curies":[{"name":"wp","href":"https:\/\/api.w.org\/{rel}","templated":true}]}}