{"id":3395,"date":"2014-06-18T16:02:00","date_gmt":"2014-06-18T19:02:00","guid":{"rendered":"http:\/\/ultimato.com.br\/sites\/jovem\/?p=3395"},"modified":"2014-06-18T16:07:24","modified_gmt":"2014-06-18T19:07:24","slug":"boto-fe-na-livre-cultura","status":"publish","type":"post","link":"https:\/\/ultimato.com.br\/sites\/jovem\/2014\/06\/18\/boto-fe-na-livre-cultura\/","title":{"rendered":"Boto f\u00e9 na Livre Cultura"},"content":{"rendered":"<p><a href=\"http:\/\/ultimato.com.br\/sites\/jovem\/files\/2014\/06\/UltJovem_18_06_14_Boto_fe.jpg\" class=\"lightview\" data-lightview-group=\"group-3395\" data-lightview-options=\"skin: 'dark', controls: 'relative', padding: '10', shadow: { color: '#000000', opacity: 0.08, blur: 3 }\"><img loading=\"lazy\" decoding=\"async\" class=\"aligncenter size-full wp-image-3396\" alt=\"UltJovem_18_06_14_Boto_fe\" src=\"http:\/\/ultimato.com.br\/sites\/jovem\/files\/2014\/06\/UltJovem_18_06_14_Boto_fe.jpg\" width=\"664\" height=\"425\" srcset=\"https:\/\/ultimato.com.br\/sites\/jovem\/files\/2014\/06\/UltJovem_18_06_14_Boto_fe.jpg 664w, https:\/\/ultimato.com.br\/sites\/jovem\/files\/2014\/06\/UltJovem_18_06_14_Boto_fe-300x192.jpg 300w, https:\/\/ultimato.com.br\/sites\/jovem\/files\/2014\/06\/UltJovem_18_06_14_Boto_fe-150x96.jpg 150w\" sizes=\"auto, (max-width: 664px) 100vw, 664px\" \/><\/a><\/p>\n<p>Gostaria de compartilhar com voc\u00eas o projeto de um casal de amigos que tenho. Eles come\u00e7aram algo super do bem aqui em nossa cidade. \u00c9 uma mistura boa de cidadania e propaga\u00e7\u00e3o do Evangelho.<\/p>\n<p>\u201cLivre Cultura\u201d \u00e9 muito mais que uma marca, \u00e9 um princ\u00edpio de vida. Seus fundadores visam o bem e o desejo \u00e9 promover a f\u00e9 atrav\u00e9s de suas camisetas, sempre com frases impactantes e que remetem a f\u00e9 que temos em Deus e o amor que temos ao pr\u00f3ximo.<\/p>\n<p>Dou a maior for\u00e7a para voc\u00eas verificarem a p\u00e1gina deles no <a href=\"https:\/\/www.facebook.com\/LivreCultura\" target=\"_blank\">Facebook<\/a> e tamb\u00e9m o <a href=\"http:\/\/www.livrecultura.com.br\/\" target=\"_blank\">site<\/a>. Curte a\u00ed que \u00e9 bacana demais o projeto! Boto f\u00e9 na Livre Cultura!!<\/p>\n<p><b>\u2022 Lee Jeanny Martins,<\/b> 33 anos de idade, \u00e9 assistente financeiro em uma Escola, e estudante de P\u00f3s-gradua\u00e7\u00e3o em Finan\u00e7as Corporativas e Controladoria.<\/p>\n<p>&nbsp;<\/p>\n<p><b>Nota da reda\u00e7\u00e3o:<br \/>\n<\/b>O Livre Cultura tamb\u00e9m desenvolve o projeto \u201cFazer versus Falar\u201d. Trata-se de um circuito de encontros, como uma tentativa de mover as pessoas. A m\u00fasica e uma conversa fazem parte da programa\u00e7\u00e3o, porque ambos t\u00eam a capacidade de nos trazer vida. Mais do que tudo, queremos que as pessoas saibam que existem muitas causas pelas quais elas podem se envolver. As a\u00e7\u00f5es s\u00e3o acompanhadas por amigos, professores, te\u00f3logos e profissionais de diversas \u00e1reas. A cada m\u00eas, um novo encontro.<\/p>\n","protected":false},"excerpt":{"rendered":"<p>Gostaria de compartilhar com voc\u00eas o projeto de um casal de amigos que tenho. Eles come\u00e7aram algo super do bem aqui em nossa cidade. \u00c9 uma mistura boa de cidadania e propaga\u00e7\u00e3o do Evangelho. \u201cLivre Cultura\u201d \u00e9 muito mais que uma marca, \u00e9 um princ\u00edpio de vida. Seus fundadores visam o bem e o desejo [&hellip;]<\/p>\n","protected":false},"author":19,"featured_media":0,"comment_status":"open","ping_status":"open","sticky":false,"template":"","format":"standard","meta":{"ngg_post_thumbnail":0,"footnotes":""},"categories":[10182],"tags":[18330,51,176,98],"class_list":["post-3395","post","type-post","status-publish","format-standard","hentry","category-boto-fe","tag-boto-fe-2","tag-cultura","tag-evangelismo","tag-evangelizacao"],"_links":{"self":[{"href":"https:\/\/ultimato.com.br\/sites\/jovem\/wp-json\/wp\/v2\/posts\/3395","targetHints":{"allow":["GET"]}}],"collection":[{"href":"https:\/\/ultimato.com.br\/sites\/jovem\/wp-json\/wp\/v2\/posts"}],"about":[{"href":"https:\/\/ultimato.com.br\/sites\/jovem\/wp-json\/wp\/v2\/types\/post"}],"author":[{"embeddable":true,"href":"https:\/\/ultimato.com.br\/sites\/jovem\/wp-json\/wp\/v2\/users\/19"}],"replies":[{"embeddable":true,"href":"https:\/\/ultimato.com.br\/sites\/jovem\/wp-json\/wp\/v2\/comments?post=3395"}],"version-history":[{"count":2,"href":"https:\/\/ultimato.com.br\/sites\/jovem\/wp-json\/wp\/v2\/posts\/3395\/revisions"}],"predecessor-version":[{"id":3398,"href":"https:\/\/ultimato.com.br\/sites\/jovem\/wp-json\/wp\/v2\/posts\/3395\/revisions\/3398"}],"wp:attachment":[{"href":"https:\/\/ultimato.com.br\/sites\/jovem\/wp-json\/wp\/v2\/media?parent=3395"}],"wp:term":[{"taxonomy":"category","embeddable":true,"href":"https:\/\/ultimato.com.br\/sites\/jovem\/wp-json\/wp\/v2\/categories?post=3395"},{"taxonomy":"post_tag","embeddable":true,"href":"https:\/\/ultimato.com.br\/sites\/jovem\/wp-json\/wp\/v2\/tags?post=3395"}],"curies":[{"name":"wp","href":"https:\/\/api.w.org\/{rel}","templated":true}]}}