{"id":3275,"date":"2014-03-24T11:03:22","date_gmt":"2014-03-24T14:03:22","guid":{"rendered":"http:\/\/ultimato.com.br\/sites\/jovem\/?p=3275"},"modified":"2014-03-24T11:04:32","modified_gmt":"2014-03-24T14:04:32","slug":"blog-ultimato-jovem-recomenda","status":"publish","type":"post","link":"https:\/\/ultimato.com.br\/sites\/jovem\/2014\/03\/24\/blog-ultimato-jovem-recomenda\/","title":{"rendered":"Blog Ultimato Jovem recomenda"},"content":{"rendered":"<p style=\"text-align: center;\"><img loading=\"lazy\" decoding=\"async\" class=\"wp-image-3276 aligncenter\" alt=\"sim_banner\" src=\"http:\/\/ultimato.com.br\/sites\/jovem\/files\/2014\/03\/sim_banner.jpg\" width=\"481\" height=\"672\" srcset=\"https:\/\/ultimato.com.br\/sites\/jovem\/files\/2014\/03\/sim_banner.jpg 687w, https:\/\/ultimato.com.br\/sites\/jovem\/files\/2014\/03\/sim_banner-214x300.jpg 214w, https:\/\/ultimato.com.br\/sites\/jovem\/files\/2014\/03\/sim_banner-107x150.jpg 107w\" sizes=\"auto, (max-width: 481px) 100vw, 481px\" \/><\/p>\n<p>Recomendamos o \u201cSIM, todos somos vocacionados\u201d, um evento organizado pelos batistas que vai reunir jovens de todo o Brasil para falarem sobre voca\u00e7\u00e3o. O tema deste ano \u00e9 \u201cVoca\u00e7\u00e3o 4D\u201d e vai acontecer de 1 a 3 de maio na Primeira Igreja Batista do Rio de Janeiro. Ariovaldo Ramos, Ed Ren\u00e9 Kivitz, Neil Barreto, Paulo C\u00e9sar Baruk, Resgate e Alexandre Magnani tamb\u00e9m estar\u00e3o l\u00e1. Organiza\u00e7\u00e3o de primeira e tema para l\u00e1 de importante!<\/p>\n<p>Inscri\u00e7\u00f5es:\u00a0<a href=\"www.vocacao4d.com.br\" target=\"_blank\">www.vocacao4d.com.br<\/a>\u00a0<!--more--><br \/>\n<img loading=\"lazy\" decoding=\"async\" class=\"alignright size-full wp-image-3277\" alt=\"sim_programa\" src=\"http:\/\/ultimato.com.br\/sites\/jovem\/files\/2014\/03\/sim_programa.png\" width=\"601\" height=\"562\" srcset=\"https:\/\/ultimato.com.br\/sites\/jovem\/files\/2014\/03\/sim_programa.png 601w, https:\/\/ultimato.com.br\/sites\/jovem\/files\/2014\/03\/sim_programa-300x280.png 300w, https:\/\/ultimato.com.br\/sites\/jovem\/files\/2014\/03\/sim_programa-150x140.png 150w\" sizes=\"auto, (max-width: 601px) 100vw, 601px\" \/><\/p>\n","protected":false},"excerpt":{"rendered":"<p>Recomendamos o \u201cSIM, todos somos vocacionados\u201d, um evento organizado pelos batistas que vai reunir jovens de todo o Brasil para falarem sobre voca\u00e7\u00e3o. O tema deste ano \u00e9 \u201cVoca\u00e7\u00e3o 4D\u201d e vai acontecer de 1 a 3 de maio na Primeira Igreja Batista do Rio de Janeiro. Ariovaldo Ramos, Ed Ren\u00e9 Kivitz, Neil Barreto, Paulo [&hellip;]<\/p>\n","protected":false},"author":19,"featured_media":0,"comment_status":"open","ping_status":"open","sticky":false,"template":"","format":"standard","meta":{"ngg_post_thumbnail":0,"footnotes":""},"categories":[5152],"tags":[18331,16533],"class_list":["post-3275","post","type-post","status-publish","format-standard","hentry","category-altas-indicacoes","tag-altas-indicacoes-2","tag-vocacao"],"_links":{"self":[{"href":"https:\/\/ultimato.com.br\/sites\/jovem\/wp-json\/wp\/v2\/posts\/3275","targetHints":{"allow":["GET"]}}],"collection":[{"href":"https:\/\/ultimato.com.br\/sites\/jovem\/wp-json\/wp\/v2\/posts"}],"about":[{"href":"https:\/\/ultimato.com.br\/sites\/jovem\/wp-json\/wp\/v2\/types\/post"}],"author":[{"embeddable":true,"href":"https:\/\/ultimato.com.br\/sites\/jovem\/wp-json\/wp\/v2\/users\/19"}],"replies":[{"embeddable":true,"href":"https:\/\/ultimato.com.br\/sites\/jovem\/wp-json\/wp\/v2\/comments?post=3275"}],"version-history":[{"count":3,"href":"https:\/\/ultimato.com.br\/sites\/jovem\/wp-json\/wp\/v2\/posts\/3275\/revisions"}],"predecessor-version":[{"id":3280,"href":"https:\/\/ultimato.com.br\/sites\/jovem\/wp-json\/wp\/v2\/posts\/3275\/revisions\/3280"}],"wp:attachment":[{"href":"https:\/\/ultimato.com.br\/sites\/jovem\/wp-json\/wp\/v2\/media?parent=3275"}],"wp:term":[{"taxonomy":"category","embeddable":true,"href":"https:\/\/ultimato.com.br\/sites\/jovem\/wp-json\/wp\/v2\/categories?post=3275"},{"taxonomy":"post_tag","embeddable":true,"href":"https:\/\/ultimato.com.br\/sites\/jovem\/wp-json\/wp\/v2\/tags?post=3275"}],"curies":[{"name":"wp","href":"https:\/\/api.w.org\/{rel}","templated":true}]}}