{"id":3219,"date":"2014-02-21T08:00:11","date_gmt":"2014-02-21T11:00:11","guid":{"rendered":"http:\/\/ultimato.com.br\/sites\/jovem\/?p=3219"},"modified":"2014-02-12T14:49:29","modified_gmt":"2014-02-12T17:49:29","slug":"licoes-alpinismo","status":"publish","type":"post","link":"https:\/\/ultimato.com.br\/sites\/jovem\/2014\/02\/21\/licoes-alpinismo\/","title":{"rendered":"Li\u00e7\u00f5es do alpinismo"},"content":{"rendered":"<p><a href=\"http:\/\/ultimato.com.br\/sites\/jovem\/files\/2014\/02\/UltJovem_12_02_14_Alpinista.jpg\" class=\"lightview\" data-lightview-group=\"group-3219\" data-lightview-options=\"skin: 'dark', controls: 'relative', padding: '10', shadow: { color: '#000000', opacity: 0.08, blur: 3 }\"><img loading=\"lazy\" decoding=\"async\" class=\"alignright size-full wp-image-3220\" alt=\"UltJovem_12_02_14_Alpinista\" src=\"http:\/\/ultimato.com.br\/sites\/jovem\/files\/2014\/02\/UltJovem_12_02_14_Alpinista.jpg\" width=\"307\" height=\"347\" srcset=\"https:\/\/ultimato.com.br\/sites\/jovem\/files\/2014\/02\/UltJovem_12_02_14_Alpinista.jpg 307w, https:\/\/ultimato.com.br\/sites\/jovem\/files\/2014\/02\/UltJovem_12_02_14_Alpinista-265x300.jpg 265w, https:\/\/ultimato.com.br\/sites\/jovem\/files\/2014\/02\/UltJovem_12_02_14_Alpinista-132x150.jpg 132w\" sizes=\"auto, (max-width: 307px) 100vw, 307px\" \/><\/a>Ontem n\u00e3o conseguia dormir. Abri um livro qualquer. Era a hist\u00f3ria de dois alpinistas em sua jornada rumo ao topo de uma montanha. Reconto aqui o que li:<\/p>\n<p>Os dois jovens come\u00e7aram a escalada no mesmo dia. Fizeram grande parte do trajeto juntos. Enfrentaram ventos e tempestades, o frio insuport\u00e1vel, o isolamento da montanha; perderam equipamentos no meio de uma nevasca e ficaram feridos pelas muitas quedas. No fim de cada dia, um deles afastava-se do acampamento e, por alguns minutos, ficava parado no frio, contemplando a beleza das cadeias de montanhas, a majestade da cria\u00e7\u00e3o e seu Criador. Tamb\u00e9m para agradecer pelas conquistas at\u00e9 ali. O outro se alimentava rapidamente e corria para esconder-se do vento e descansar, pois levantaria cedo no dia seguinte para fazer render sua jornada. Chegar ao topo ocupava seus pensamentos todo o tempo e o mantinha andando quando chegava o des\u00e2nimo.<!--more--><\/p>\n<p>Ao fim de uma semana, os dois completaram o desafio. Venceram todas as dificuldades e chegaram ao cume, vitoriosos. Tempos depois, ao serem questionados sobre a experi\u00eancia, o primeiro deles disse:<\/p>\n<p>&#8211; Foi incr\u00edvel! Poder contemplar a beleza da cria\u00e7\u00e3o l\u00e1 de cima n\u00e3o tem pre\u00e7o! Uma das melhores experi\u00eancias que tive na vida, com certeza. N\u00e3o me importaria passar tudo de novo s\u00f3 pra ter aquela vista e reviver as boas li\u00e7\u00f5es aprendidas ali.<\/p>\n<p>O outro homem, irritado com a pergunta que o faria relembrar dias dif\u00edceis, suspirou e disse:<\/p>\n<p>&#8211; A pior experi\u00eancia de todas. Aquele vento cortante deixando-me congelado e sem ar! Meu corpo do\u00eda, estava cansado e com fome, sozinho naquele inferno! Quando chegamos ao topo, n\u00e3o via a hora de sair dali e acabar logo com tudo. Que perda de tempo! E, antes de perguntar se faria isso outra vez, j\u00e1 respondo: n\u00e3o!<\/p>\n<p>Ainda agora e n\u00e3o posso parar de pensar nos dois alpinistas. Na jornada em dire\u00e7\u00e3o a cada conquista que almejo, nos longos dias de espera para estar no cume, enfrentando o frio e as tempestades, a forte motiva\u00e7\u00e3o de chegar \u00e9 o que me mant\u00e9m andando. Ser\u00e1 que sou tamb\u00e9m t\u00e3o cega para ela ao ponto de n\u00e3o conseguir olhar ao redor e desfrutar a jornada? E no dia a dia da caminhada, com que esp\u00edrito encaro as tempestades, quedas, nevascas e perdas? Foco mais meus olhos nas circunst\u00e2ncias ou no plano geral?<\/p>\n<p>Ainda agora eu n\u00e3o paro de perguntar: com qual dos alpinistas me pare\u00e7o mais?<\/p>\n<p>\u2022 <b>Eliceli Katia Bonan,<\/b> jornalista e mission\u00e1ria de JOCUM.<\/p>\n<p>&nbsp;<\/p>\n","protected":false},"excerpt":{"rendered":"<p>Ontem n\u00e3o conseguia dormir. Abri um livro qualquer. Era a hist\u00f3ria de dois alpinistas em sua jornada rumo ao topo de uma montanha. Reconto aqui o que li: Os dois jovens come\u00e7aram a escalada no mesmo dia. Fizeram grande parte do trajeto juntos. Enfrentaram ventos e tempestades, o frio insuport\u00e1vel, o isolamento da montanha; perderam [&hellip;]<\/p>\n","protected":false},"author":19,"featured_media":0,"comment_status":"open","ping_status":"open","sticky":false,"template":"","format":"standard","meta":{"ngg_post_thumbnail":0,"footnotes":""},"categories":[5151],"tags":[6095],"class_list":["post-3219","post","type-post","status-publish","format-standard","hentry","category-outros-papos","tag-vida"],"_links":{"self":[{"href":"https:\/\/ultimato.com.br\/sites\/jovem\/wp-json\/wp\/v2\/posts\/3219","targetHints":{"allow":["GET"]}}],"collection":[{"href":"https:\/\/ultimato.com.br\/sites\/jovem\/wp-json\/wp\/v2\/posts"}],"about":[{"href":"https:\/\/ultimato.com.br\/sites\/jovem\/wp-json\/wp\/v2\/types\/post"}],"author":[{"embeddable":true,"href":"https:\/\/ultimato.com.br\/sites\/jovem\/wp-json\/wp\/v2\/users\/19"}],"replies":[{"embeddable":true,"href":"https:\/\/ultimato.com.br\/sites\/jovem\/wp-json\/wp\/v2\/comments?post=3219"}],"version-history":[{"count":1,"href":"https:\/\/ultimato.com.br\/sites\/jovem\/wp-json\/wp\/v2\/posts\/3219\/revisions"}],"predecessor-version":[{"id":3221,"href":"https:\/\/ultimato.com.br\/sites\/jovem\/wp-json\/wp\/v2\/posts\/3219\/revisions\/3221"}],"wp:attachment":[{"href":"https:\/\/ultimato.com.br\/sites\/jovem\/wp-json\/wp\/v2\/media?parent=3219"}],"wp:term":[{"taxonomy":"category","embeddable":true,"href":"https:\/\/ultimato.com.br\/sites\/jovem\/wp-json\/wp\/v2\/categories?post=3219"},{"taxonomy":"post_tag","embeddable":true,"href":"https:\/\/ultimato.com.br\/sites\/jovem\/wp-json\/wp\/v2\/tags?post=3219"}],"curies":[{"name":"wp","href":"https:\/\/api.w.org\/{rel}","templated":true}]}}