{"id":3211,"date":"2014-02-19T08:00:04","date_gmt":"2014-02-19T11:00:04","guid":{"rendered":"http:\/\/ultimato.com.br\/sites\/jovem\/?p=3211"},"modified":"2022-03-14T10:43:50","modified_gmt":"2022-03-14T13:43:50","slug":"bike-e-oracao","status":"publish","type":"post","link":"https:\/\/ultimato.com.br\/sites\/jovem\/2014\/02\/19\/bike-e-oracao\/","title":{"rendered":"Bike e ora\u00e7\u00e3o"},"content":{"rendered":"<p>Por Jeferson Cristianini<\/p>\n<p><a href=\"http:\/\/ultimato.com.br\/sites\/jovem\/files\/2014\/02\/UltJovem_12_02_14_Bike.jpg\" class=\"lightview\" data-lightview-group=\"group-3211\" data-lightview-options=\"skin: 'dark', controls: 'relative', padding: '10', shadow: { color: '#000000', opacity: 0.08, blur: 3 }\"><img loading=\"lazy\" decoding=\"async\" class=\"alignright size-full wp-image-3212\" src=\"http:\/\/ultimato.com.br\/sites\/jovem\/files\/2014\/02\/UltJovem_12_02_14_Bike.jpg\" alt=\"UltJovem_12_02_14_Bike\" width=\"428\" height=\"285\" srcset=\"https:\/\/ultimato.com.br\/sites\/jovem\/files\/2014\/02\/UltJovem_12_02_14_Bike.jpg 428w, https:\/\/ultimato.com.br\/sites\/jovem\/files\/2014\/02\/UltJovem_12_02_14_Bike-300x199.jpg 300w, https:\/\/ultimato.com.br\/sites\/jovem\/files\/2014\/02\/UltJovem_12_02_14_Bike-150x99.jpg 150w\" sizes=\"auto, (max-width: 428px) 100vw, 428px\" \/><\/a>Ontem resolvi sair dar um role de bicicleta. Em um raro momento de folga, decidi rodar um pouco. A Nathy ia para a igreja na reuni\u00e3o das mulheres e eu n\u00e3o quis ficar em casa. Decidi sair. Coloquei um short, t\u00eanis, camiseta e l\u00e1 fui. Enchi os pneus e parti para o asfalto. Era quase oito horas da noite, mas ainda estava claro. Sa\u00ed com as palavras de Jesus \u201cide por todo mundo\u201d na cabe\u00e7a. Pensei muito nesse texto, mas n\u00e3o nos sentido de sair (ide) para evangelizar, mas pensei em sair para conhecer minha cidade, e ao conhecer minha cidade orar pelas pessoas e por mim mesmo. Sa\u00ed com o desejo de orar e pedalar. A cada pedalada eu fui tentando lembrar-me das pessoas que pediram que orasse por elas, tentando lembrar-me dos pacientes do hospital em que trabalho, tentando lembrar-me dos dependentes qu\u00edmicos que est\u00e3o lutando para se libertarem dos v\u00edcios. Fui tentando lembrar-me das pessoas que marcaram minha vida, das igrejas por onde passei. Agradeci muito.<!--more--><\/p>\n<p>Orei muito e quando me toquei j\u00e1 estava no ped\u00e1gio que divide Rio Claro de Araras. Parei no ped\u00e1gio, onde pude ver parte de Rio Claro e orei por minha cidade natal. No ped\u00e1gio lembrei-me do fil\u00f3sofo Walter Benjamim, que estou lendo e gostando muito de suas abordagens e reflex\u00f5es. Ele fala em seus textos que um fil\u00f3sofo tem que saber ser um \u201cfl\u00e2nuer\u201d (express\u00e3o francesa) para designar uma pessoa sem compromisso com um roteiro que sai vagando observando a cidade. No portugu\u00eas usamos a express\u00e3o \u201cflanar\u201d para \u201ccaminhar sem destino\u201d ou \u201candar sem rumo\u201d. Para Benjamim precisamos sair pela cidade flanando, observando a nossa cidade de forma despreocupada. Precisamos olhar para a cidade onde vivemos como se f\u00f4ssemos visitantes e estiv\u00e9ssemos vendo-a pela primeira vez. Retornei do ped\u00e1gio \u00e0 cidade de Araras e fui andando pelas ruas orando. Por onde passava lembrava-me dos irm\u00e3os (\u00e3s) da igreja que moram naquela regi\u00e3o. Orei pelas fam\u00edlias da igreja, orei pelos dependentes qu\u00edmicos da cidade, orei pelos moradores de rua, orei pelos idosos, orei pelos jovens. Ao passar pelas faculdades orei por nossa juventude, ao passar perto dos hospitais orei pelos enfermos e acompanhantes, ao passar pelas escolas orei pelos professores e alunos.<\/p>\n<p>Ao sair de casa pensando no \u201cide\u201d de Jesus pensava em sair ao mundo de forma diferente. Sempre saio pela manh\u00e3 com a miss\u00e3o pastoral de cuidar das ovelhas e de alcan\u00e7ar novas vidas para o aprisco do Senhor. S\u00f3 fa\u00e7o isso porque oro muito. Ontem sa\u00ed n\u00e3o para evangelizar e cuidar, mas para orar. E ao sair para orar aprendi a flanar. Sa\u00ed orando e pude ver outra realidade. Vi outra cidade. Vi onde ficam as profissionais do sexo, onde os dependentes usam drogas, vi homens abarrotando os bares de esquina, vi muitas pessoas embriagadas em plena segunda-feira, vi garotas novas com trajes sensuais querendo olhares e buzinadas andando ao redor do lago. Vi muitas pessoas preocupadas com a sa\u00fade fazendo caminhadas, vi pessoas sedent\u00e1rias comendo mais do que precisam nas lanchonetes. Vi e conheci o seu Gilberto, catador de materiais reciclados, feliz por receber um lanche. Vi os carros luxuosos passando com o ar condicionado, mas tamb\u00e9m vi garotos andando de chinelos velhos na periferia. Vi outra cidade e suas reais necessidades. Rodei mais de 40 km, voltei com as pernas doendo, com o corpo suado e com o esp\u00edrito renovado. Como aprendi com Rubem Alves levei meus olhos para passear, mas n\u00e3o gostei muito do que vi, por isso orei mais e voltei com o<br \/>\ndesafio de orar mais e mais.<\/p>\n<p>Sa\u00ed para orar e de fato orei muito, mas ao flanar vi que preciso trabalhar mais para levar o evangelho que cura e restaura a alma a tantas vidas. Hoje ao sair, e durante a semana quero que as imagens do meu role fiquem em minha mente me lembrando de tudo, para que eu n\u00e3o me esque\u00e7a de divulgar a mensagem da salva\u00e7\u00e3o, que \u00e9 o rem\u00e9dio para todas as mazelas humanas. Preciso usar mais minha bike para perder calorias e ganhar mais entusiasmo para a ora\u00e7\u00e3o e ganhar mais desejo de alcan\u00e7ar as almas perdidas. Quando eu come\u00e7ar a ficar estagnado vou precisar lembrar-me da minha bike. Ela est\u00e1 me esperando, eu \u00e9 que n\u00e3o tenho tempo para flanar pela cidade. Oro para poder ter tempo para andar de bike e para poder orar pedalando. B\u00f3ra pedalar gente!<\/p>\n<p><strong>\u00a0<\/strong><\/p>\n<p><strong>\u2022 Jeferson Rodolfo Cristianini<\/strong> \u00e9 pastor batista voltado para o minist\u00e9rio com juventude. Texto publicado em seu <a href=\"http:\/\/www.jefersoncristianini.com.br\/\" target=\"_blank\" rel=\"noopener\">blog<\/a> pessoal.<\/p>\n","protected":false},"excerpt":{"rendered":"<p>Por Jeferson Cristianini Ontem resolvi sair dar um role de bicicleta. Em um raro momento de folga, decidi rodar um pouco. A Nathy ia para a igreja na reuni\u00e3o das mulheres e eu n\u00e3o quis ficar em casa. Decidi sair. Coloquei um short, t\u00eanis, camiseta e l\u00e1 fui. Enchi os pneus e parti para o [&hellip;]<\/p>\n","protected":false},"author":19,"featured_media":0,"comment_status":"open","ping_status":"open","sticky":false,"template":"","format":"standard","meta":{"ngg_post_thumbnail":0,"footnotes":""},"categories":[6093],"tags":[36328,124],"class_list":["post-3211","post","type-post","status-publish","format-standard","hentry","category-viagens","tag-jeferson-cristianini","tag-oracao"],"_links":{"self":[{"href":"https:\/\/ultimato.com.br\/sites\/jovem\/wp-json\/wp\/v2\/posts\/3211","targetHints":{"allow":["GET"]}}],"collection":[{"href":"https:\/\/ultimato.com.br\/sites\/jovem\/wp-json\/wp\/v2\/posts"}],"about":[{"href":"https:\/\/ultimato.com.br\/sites\/jovem\/wp-json\/wp\/v2\/types\/post"}],"author":[{"embeddable":true,"href":"https:\/\/ultimato.com.br\/sites\/jovem\/wp-json\/wp\/v2\/users\/19"}],"replies":[{"embeddable":true,"href":"https:\/\/ultimato.com.br\/sites\/jovem\/wp-json\/wp\/v2\/comments?post=3211"}],"version-history":[{"count":2,"href":"https:\/\/ultimato.com.br\/sites\/jovem\/wp-json\/wp\/v2\/posts\/3211\/revisions"}],"predecessor-version":[{"id":9028,"href":"https:\/\/ultimato.com.br\/sites\/jovem\/wp-json\/wp\/v2\/posts\/3211\/revisions\/9028"}],"wp:attachment":[{"href":"https:\/\/ultimato.com.br\/sites\/jovem\/wp-json\/wp\/v2\/media?parent=3211"}],"wp:term":[{"taxonomy":"category","embeddable":true,"href":"https:\/\/ultimato.com.br\/sites\/jovem\/wp-json\/wp\/v2\/categories?post=3211"},{"taxonomy":"post_tag","embeddable":true,"href":"https:\/\/ultimato.com.br\/sites\/jovem\/wp-json\/wp\/v2\/tags?post=3211"}],"curies":[{"name":"wp","href":"https:\/\/api.w.org\/{rel}","templated":true}]}}