{"id":3124,"date":"2014-01-13T13:49:54","date_gmt":"2014-01-13T16:49:54","guid":{"rendered":"http:\/\/ultimato.com.br\/sites\/jovem\/?p=3124"},"modified":"2014-01-13T13:59:26","modified_gmt":"2014-01-13T16:59:26","slug":"ainda-nascem-protestando-antologia-de-poetas-evangelicos","status":"publish","type":"post","link":"https:\/\/ultimato.com.br\/sites\/jovem\/2014\/01\/13\/ainda-nascem-protestando-antologia-de-poetas-evangelicos\/","title":{"rendered":"Ainda nascem protestando &#8211; Antologia de Poetas Evang\u00e9licos"},"content":{"rendered":"<p>Ou\u00e7a a poesia &#8220;Ainda nascem protestando&#8221;, de \u00c9zio Pires, na voz do jovem Guilherme Scardini. O texto faz parte da colet\u00e2nea <a href=\"http:\/\/ultimato.com.br\/sites\/antologia-de-poetas-evangelicos\/\" target=\"_blank\">Antologia de Poetas Evang\u00e9licos<\/a>, o lan\u00e7amento de janeiro da Ultimato.<\/p>\n<p><iframe loading=\"lazy\" src=\"\/\/www.youtube.com\/embed\/UX3r8SzqYS0\" height=\"315\" width=\"560\" allowfullscreen=\"\" frameborder=\"0\"><\/iframe><\/p>\n","protected":false},"excerpt":{"rendered":"<p>Ou\u00e7a a poesia &#8220;Ainda nascem protestando&#8221;, de \u00c9zio Pires, na voz do jovem Guilherme Scardini. O texto faz parte da colet\u00e2nea Antologia de Poetas Evang\u00e9licos, o lan\u00e7amento de janeiro da Ultimato.<\/p>\n","protected":false},"author":19,"featured_media":0,"comment_status":"open","ping_status":"open","sticky":false,"template":"","format":"standard","meta":{"ngg_post_thumbnail":0,"footnotes":""},"categories":[115],"tags":[5701,160],"class_list":["post-3124","post","type-post","status-publish","format-standard","hentry","category-videos","tag-literatura","tag-poesia"],"_links":{"self":[{"href":"https:\/\/ultimato.com.br\/sites\/jovem\/wp-json\/wp\/v2\/posts\/3124","targetHints":{"allow":["GET"]}}],"collection":[{"href":"https:\/\/ultimato.com.br\/sites\/jovem\/wp-json\/wp\/v2\/posts"}],"about":[{"href":"https:\/\/ultimato.com.br\/sites\/jovem\/wp-json\/wp\/v2\/types\/post"}],"author":[{"embeddable":true,"href":"https:\/\/ultimato.com.br\/sites\/jovem\/wp-json\/wp\/v2\/users\/19"}],"replies":[{"embeddable":true,"href":"https:\/\/ultimato.com.br\/sites\/jovem\/wp-json\/wp\/v2\/comments?post=3124"}],"version-history":[{"count":3,"href":"https:\/\/ultimato.com.br\/sites\/jovem\/wp-json\/wp\/v2\/posts\/3124\/revisions"}],"predecessor-version":[{"id":3127,"href":"https:\/\/ultimato.com.br\/sites\/jovem\/wp-json\/wp\/v2\/posts\/3124\/revisions\/3127"}],"wp:attachment":[{"href":"https:\/\/ultimato.com.br\/sites\/jovem\/wp-json\/wp\/v2\/media?parent=3124"}],"wp:term":[{"taxonomy":"category","embeddable":true,"href":"https:\/\/ultimato.com.br\/sites\/jovem\/wp-json\/wp\/v2\/categories?post=3124"},{"taxonomy":"post_tag","embeddable":true,"href":"https:\/\/ultimato.com.br\/sites\/jovem\/wp-json\/wp\/v2\/tags?post=3124"}],"curies":[{"name":"wp","href":"https:\/\/api.w.org\/{rel}","templated":true}]}}