{"id":3084,"date":"2013-12-04T10:21:09","date_gmt":"2013-12-04T13:21:09","guid":{"rendered":"http:\/\/ultimato.com.br\/sites\/jovem\/?p=3084"},"modified":"2013-12-04T10:21:09","modified_gmt":"2013-12-04T13:21:09","slug":"a-espera","status":"publish","type":"post","link":"https:\/\/ultimato.com.br\/sites\/jovem\/2013\/12\/04\/a-espera\/","title":{"rendered":"A espera"},"content":{"rendered":"<p><a href=\"http:\/\/ultimato.com.br\/sites\/jovem\/files\/2013\/12\/ultjovem_4_12_13_espera.jpg\" class=\"lightview\" data-lightview-group=\"group-3084\" data-lightview-options=\"skin: 'dark', controls: 'relative', padding: '10', shadow: { color: '#000000', opacity: 0.08, blur: 3 }\"><img loading=\"lazy\" decoding=\"async\" class=\"alignright size-full wp-image-3087\" alt=\"ultjovem_4_12_13_espera\" src=\"http:\/\/ultimato.com.br\/sites\/jovem\/files\/2013\/12\/ultjovem_4_12_13_espera.jpg\" width=\"307\" height=\"279\" srcset=\"https:\/\/ultimato.com.br\/sites\/jovem\/files\/2013\/12\/ultjovem_4_12_13_espera.jpg 307w, https:\/\/ultimato.com.br\/sites\/jovem\/files\/2013\/12\/ultjovem_4_12_13_espera-300x272.jpg 300w, https:\/\/ultimato.com.br\/sites\/jovem\/files\/2013\/12\/ultjovem_4_12_13_espera-150x136.jpg 150w\" sizes=\"auto, (max-width: 307px) 100vw, 307px\" \/><\/a>Ao come\u00e7ar a escrever, n\u00e3o consigo deixar de colocar minhas pr\u00f3prias indaga\u00e7\u00f5es e questionamentos quanto ao momento no qual me encontro.<\/p>\n<p>N\u00e3o seria diferente agora, onde a \u201cdor\u201d da espera toma o meu ser, e faz com que eu perceba minha fragilidade e impot\u00eancia diante das adversidades da vida. Esperamos muitas vezes por uma resposta, um milagre.<\/p>\n<p>Chegamos ao ponto de crer que tudo acabou e que agora \u00e9 o fim, mas o fim de qu\u00ea, na verdade? Somos tomados e enredados nas situa\u00e7\u00f5es que perdemos a no\u00e7\u00e3o, o equil\u00edbrio e a certeza do olhar atento do \u201cAba Pai\u201d.<\/p>\n<p>Com certeza, voc\u00ea j\u00e1 enfrentou uma situa\u00e7\u00e3o onde se viu sem sa\u00edda, sem saber para onde ir, e pensou: \u201conde est\u00e1 Deus? Ser\u00e1 que Ele se esqueceu de mim? N\u00e3o estaria ele t\u00e3o distante ao ponto de escutar meu clamor, e perceber meu desespero?\u201d.<\/p>\n<p>\u00c9 engra\u00e7ado como nos esquecemos dos livramentos di\u00e1rios, por vezes impercept\u00edveis, das alegrias vividas, das pessoas que est\u00e3o ao nosso lado. Achamos que nossa caminhada \u00e9 solit\u00e1ria.<\/p>\n<p>Esperar \u00e9 um exerc\u00edcio dif\u00edcil. Vivenciar esse tempo nos exige exercitar nossa f\u00e9, nos desarmarmos e, por fim, nos entregarmos. Parece f\u00e1cil n\u00e3o \u00e9 mesmo? Como eu queria que fosse&#8230;<\/p>\n<p>Permitir expor nossa situa\u00e7\u00e3o \u00e9 o \u201cstart\u201d que todos precisamos para recobrar a lucidez, perceber que a vida n\u00e3o acabou e continuar a caminhada.<\/p>\n<p>Em algum momento isso tudo vai passar e, ap\u00f3s o vendaval, nos restar\u00e1 a convic\u00e7\u00e3o de que o sofrimento nos amadureceu, fortaleceu e mostrou que Deus sempre esteve perto, velando por n\u00f3s.<\/p>\n<p>Enfrente esse seu momento, n\u00e3o tente se esconder, fingir que nada est\u00e1 acontecendo. Fa\u00e7a aquilo que s\u00f3 voc\u00ea pode fazer e nunca se esque\u00e7a de agradecer pelo fato de poder esperar, pois a revela\u00e7\u00e3o da parte de Deus para mim e para voc\u00ea chegar\u00e1 no momento certo. O rel\u00f3gio de Deus nunca informa a hora errada.<\/p>\n<p>________<\/p>\n<p><a href=\"http:\/\/ultimato.com.br\/sites\/jovem\/2013\/09\/02\/dias\/jeverton.ledo@gmail.com\">Jeverton \u201cMagr\u00e3o\u201d Ledo<\/a> \u00e9 mission\u00e1rio e capel\u00e3o escolar.<\/p>\n","protected":false},"excerpt":{"rendered":"<p>Ao come\u00e7ar a escrever, n\u00e3o consigo deixar de colocar minhas pr\u00f3prias indaga\u00e7\u00f5es e questionamentos quanto ao momento no qual me encontro. N\u00e3o seria diferente agora, onde a \u201cdor\u201d da espera toma o meu ser, e faz com que eu perceba minha fragilidade e impot\u00eancia diante das adversidades da vida. Esperamos muitas vezes por uma resposta, [&hellip;]<\/p>\n","protected":false},"author":19,"featured_media":0,"comment_status":"open","ping_status":"open","sticky":false,"template":"","format":"standard","meta":{"ngg_post_thumbnail":0,"footnotes":""},"categories":[8039],"tags":[],"class_list":["post-3084","post","type-post","status-publish","format-standard","hentry","category-altas-devocionais"],"_links":{"self":[{"href":"https:\/\/ultimato.com.br\/sites\/jovem\/wp-json\/wp\/v2\/posts\/3084","targetHints":{"allow":["GET"]}}],"collection":[{"href":"https:\/\/ultimato.com.br\/sites\/jovem\/wp-json\/wp\/v2\/posts"}],"about":[{"href":"https:\/\/ultimato.com.br\/sites\/jovem\/wp-json\/wp\/v2\/types\/post"}],"author":[{"embeddable":true,"href":"https:\/\/ultimato.com.br\/sites\/jovem\/wp-json\/wp\/v2\/users\/19"}],"replies":[{"embeddable":true,"href":"https:\/\/ultimato.com.br\/sites\/jovem\/wp-json\/wp\/v2\/comments?post=3084"}],"version-history":[{"count":1,"href":"https:\/\/ultimato.com.br\/sites\/jovem\/wp-json\/wp\/v2\/posts\/3084\/revisions"}],"predecessor-version":[{"id":3088,"href":"https:\/\/ultimato.com.br\/sites\/jovem\/wp-json\/wp\/v2\/posts\/3084\/revisions\/3088"}],"wp:attachment":[{"href":"https:\/\/ultimato.com.br\/sites\/jovem\/wp-json\/wp\/v2\/media?parent=3084"}],"wp:term":[{"taxonomy":"category","embeddable":true,"href":"https:\/\/ultimato.com.br\/sites\/jovem\/wp-json\/wp\/v2\/categories?post=3084"},{"taxonomy":"post_tag","embeddable":true,"href":"https:\/\/ultimato.com.br\/sites\/jovem\/wp-json\/wp\/v2\/tags?post=3084"}],"curies":[{"name":"wp","href":"https:\/\/api.w.org\/{rel}","templated":true}]}}