{"id":3058,"date":"2013-11-22T08:50:58","date_gmt":"2013-11-22T11:50:58","guid":{"rendered":"http:\/\/ultimato.com.br\/sites\/jovem\/?p=3058"},"modified":"2013-11-22T07:50:15","modified_gmt":"2013-11-22T10:50:15","slug":"subvertendo-o-subversivo","status":"publish","type":"post","link":"https:\/\/ultimato.com.br\/sites\/jovem\/2013\/11\/22\/subvertendo-o-subversivo\/","title":{"rendered":"Subvertendo o subversivo"},"content":{"rendered":"<p><em><span style=\"font-size: 13px;\">Por Daniela Campos<\/span><\/em><\/p>\n<p>&nbsp;<\/p>\n<p><a href=\"http:\/\/ultimato.com.br\/sites\/jovem\/files\/2013\/11\/ultjovem_21_11_13_cavaleiro.jpg\" class=\"lightview\" data-lightview-group=\"group-3058\" data-lightview-options=\"skin: 'dark', controls: 'relative', padding: '10', shadow: { color: '#000000', opacity: 0.08, blur: 3 }\"><img loading=\"lazy\" decoding=\"async\" class=\"alignright size-full wp-image-3059\" alt=\"ultjovem_21_11_13_cavaleiro\" src=\"http:\/\/ultimato.com.br\/sites\/jovem\/files\/2013\/11\/ultjovem_21_11_13_cavaleiro.jpg\" width=\"347\" height=\"264\" srcset=\"https:\/\/ultimato.com.br\/sites\/jovem\/files\/2013\/11\/ultjovem_21_11_13_cavaleiro.jpg 347w, https:\/\/ultimato.com.br\/sites\/jovem\/files\/2013\/11\/ultjovem_21_11_13_cavaleiro-300x228.jpg 300w, https:\/\/ultimato.com.br\/sites\/jovem\/files\/2013\/11\/ultjovem_21_11_13_cavaleiro-150x114.jpg 150w\" sizes=\"auto, (max-width: 347px) 100vw, 347px\" \/><\/a>Gosto da palavra &#8220;subvers\u00e3o&#8221;. Comecei a prestar aten\u00e7\u00e3o a ela quando entrevistei minha professora de psicomotricidade (para um trabalho de est\u00e1gio na Cl\u00ednica de Psicologia da PUC, mais ou menos em 2006).<\/p>\n<p>Ela me disse naquela ocasi\u00e3o que o trabalho do psic\u00f3logo \u00e9 subversivo &#8211; desconstr\u00f3i uma estrutura e ajuda os sujeitos na reinven\u00e7\u00e3o de sua hist\u00f3ria.<\/p>\n<p>Se for pensar na minha vida, o conceito ou os exemplos de pessoas consideradas subversivas apareceram antes desta professora. Posso citar duas pessoas como exemplo do meu gosto pela &#8220;subvers\u00e3o&#8221;.<\/p>\n<p><span style=\"font-size: 13px;\">A primeira pessoa que me vem \u00e0 cabe\u00e7a \u00e9 o camarada Che Guevara. Em minha adolesc\u00eancia o achava simplesmente incr\u00edvel &#8211; &#8220;Nem a morte p\u00f4de fechar seus olhos&#8221;- frase que foi estampada, desenhada com capricho na contracapa de todos os meus cadernos do ensino m\u00e9dio. O Che era, para mim, o s\u00edmbolo da luta do &#8220;bem&#8221; contra a injusti\u00e7a, contra o sistema capitalista imoral e sujo&#8230; o cara lutava por seu povo, por sua gente e deu sua vida por uma causa. Al\u00e9m de tudo, eu o achava lindo de viver.<\/span><\/p>\n<p><span style=\"font-size: 13px;\">A segunda pessoa subversiva, na minha lista \u00e9 o Marighella. Carlos Marighella &#8211; o guerrilheiro urbano brasileiro (um cara de intelig\u00eancia not\u00e1vel); seu poema sobre liberdade tamb\u00e9m estampou muitos dos meus cadernos (j\u00e1 no ensino superior) e lembro que alguns amigos pegavam estes cadernos para lerem as m\u00fasicas e textos que escrevia nas capas. E Marighella estava ali presente, mais uma vez representando a luta contra um sistema &#8220;nojento&#8221; de governo. Contra o militarismo que calava a voz de um povo. A luta era pela democracia, pela liberdade e por uma justi\u00e7a (ainda que ut\u00f3pica) que era o motor das a\u00e7\u00f5es (muitas vezes consideradas &#8220;criminosas&#8221;).<\/span><\/p>\n<p><span style=\"font-size: 13px;\">O que eu buscava lendo esses caras? O que me atraia? Por que posturas e a\u00e7\u00f5es &#8220;subversivas&#8221; me eram (e ainda s\u00e3o) t\u00e3o chamativas?<\/span><\/p>\n<p><span style=\"font-size: 13px;\">O porqu\u00ea est\u00e1 no cansa\u00e7o, na indigna\u00e7\u00e3o, na raiva em ver pessoas honestas e trabalhadoras sendo humilhadas. E tendo seu valor humano denegrido. Hoje sei que buscava mesmo era a pessoa de Cristo &#8211; verdadeiro revolucion\u00e1rio, guerrilheiro e subversivo de todos os tempos. Este Homem \/ Deus\/ Rei \/ Mestre\/ Salvador tamb\u00e9m deu sua vida por uma causa: pela nossa causa! Pela humanidade inteira &#8211; por mim, por voc\u00ea e pelo japon\u00eas l\u00e1 do outro lado do mundo.<\/span><\/p>\n<p><span style=\"font-size: 13px;\">A morte parou o Che, a morte parou o Marighella. Certamente seus nomes ficar\u00e3o na hist\u00f3ria, mas eles n\u00e3o podem mudar mais nada &#8211; ficou o exemplo. Por\u00e9m Jesus, a morte n\u00e3o p\u00f4de par\u00e1-Lo. N\u00e3o p\u00f4de segur\u00e1-Lo&#8230; Ele venceu! Ele ressuscitou! Ele est\u00e1 vivo e \u00e9 capaz de mudar o rumo de toda hist\u00f3ria, ainda hoje. Ele transforma vidas, sonhos, pa\u00edses, pol\u00edticas&#8230; Ele reina sobre todas as coisas, subverte a ordem, reordena as situa\u00e7\u00f5es.<\/span><\/p>\n<p><span style=\"font-size: 13px;\">O que aprendi na teoria com minha professora de psicomotricidade e o que admirei em Che e Marighella com seus atos de coragem, posso ver em Cristo (tudo isso e muito mais) em a\u00e7\u00e3o e amor, e em tempo real. Jesus Cristo, o maior revolucion\u00e1rio e subversivo de todos os tempos! Mais que uma estampa no caderno e uma frase de efeito&#8230; \u00e9 antes, uma op\u00e7\u00e3o de vida, uma entrega e uma confiss\u00e3o de que Ele \u00e9 o \u00fanico Senhor e Salvador da minha vida.<\/span><\/p>\n<p><span style=\"font-size: 13px;\">\u00a0<\/span><\/p>\n<p>&#8220;Ningu\u00e9m tem maior amor do que aquele que d\u00e1 a sua vida pelos seus amigos&#8221;. (Jo\u00e3o 15.13)<\/p>\n<p><span style=\"font-size: 13px;\">__________<\/span><\/p>\n<p><strong>Daniela Campos<\/strong> tem quase 31 anos, \u00e9 psic\u00f3loga e faz parte da Igreja Batista da Lagoinha, em Belo Horizonte (MG). Participa de um grupo que visita creches, escolas e asilos da cidade.<\/p>\n","protected":false},"excerpt":{"rendered":"<p>Por Daniela Campos &nbsp; Gosto da palavra &#8220;subvers\u00e3o&#8221;. Comecei a prestar aten\u00e7\u00e3o a ela quando entrevistei minha professora de psicomotricidade (para um trabalho de est\u00e1gio na Cl\u00ednica de Psicologia da PUC, mais ou menos em 2006). Ela me disse naquela ocasi\u00e3o que o trabalho do psic\u00f3logo \u00e9 subversivo &#8211; desconstr\u00f3i uma estrutura e ajuda os [&hellip;]<\/p>\n","protected":false},"author":19,"featured_media":0,"comment_status":"open","ping_status":"open","sticky":false,"template":"","format":"standard","meta":{"ngg_post_thumbnail":0,"footnotes":""},"categories":[6054],"tags":[],"class_list":["post-3058","post","type-post","status-publish","format-standard","hentry","category-textos"],"_links":{"self":[{"href":"https:\/\/ultimato.com.br\/sites\/jovem\/wp-json\/wp\/v2\/posts\/3058","targetHints":{"allow":["GET"]}}],"collection":[{"href":"https:\/\/ultimato.com.br\/sites\/jovem\/wp-json\/wp\/v2\/posts"}],"about":[{"href":"https:\/\/ultimato.com.br\/sites\/jovem\/wp-json\/wp\/v2\/types\/post"}],"author":[{"embeddable":true,"href":"https:\/\/ultimato.com.br\/sites\/jovem\/wp-json\/wp\/v2\/users\/19"}],"replies":[{"embeddable":true,"href":"https:\/\/ultimato.com.br\/sites\/jovem\/wp-json\/wp\/v2\/comments?post=3058"}],"version-history":[{"count":5,"href":"https:\/\/ultimato.com.br\/sites\/jovem\/wp-json\/wp\/v2\/posts\/3058\/revisions"}],"predecessor-version":[{"id":3064,"href":"https:\/\/ultimato.com.br\/sites\/jovem\/wp-json\/wp\/v2\/posts\/3058\/revisions\/3064"}],"wp:attachment":[{"href":"https:\/\/ultimato.com.br\/sites\/jovem\/wp-json\/wp\/v2\/media?parent=3058"}],"wp:term":[{"taxonomy":"category","embeddable":true,"href":"https:\/\/ultimato.com.br\/sites\/jovem\/wp-json\/wp\/v2\/categories?post=3058"},{"taxonomy":"post_tag","embeddable":true,"href":"https:\/\/ultimato.com.br\/sites\/jovem\/wp-json\/wp\/v2\/tags?post=3058"}],"curies":[{"name":"wp","href":"https:\/\/api.w.org\/{rel}","templated":true}]}}