{"id":3032,"date":"2013-11-01T10:53:21","date_gmt":"2013-11-01T13:53:21","guid":{"rendered":"http:\/\/ultimato.com.br\/sites\/jovem\/?p=3032"},"modified":"2013-11-01T10:53:21","modified_gmt":"2013-11-01T13:53:21","slug":"usina-21-jovens-ideias-e-transformacao-social","status":"publish","type":"post","link":"https:\/\/ultimato.com.br\/sites\/jovem\/2013\/11\/01\/usina-21-jovens-ideias-e-transformacao-social\/","title":{"rendered":"Usina 21: jovens, ideias e transforma\u00e7\u00e3o social"},"content":{"rendered":"<p>Participe do Usina 21, um encontro de jovens sobre jovens e o mundo que nos cerca. O evento, que acontece no dia 09 de novembro em S\u00e3o Paulo (SP), chega \u00e0 9\u00aa edi\u00e7\u00e3o. Palestrantes internacionais, ativistas sociais, jornalistas, pastores, te\u00f3logos, escritores, marqueteiros, e muita, mas muita m\u00fasica. Os principais shows deste ano ficam por conta de tr\u00eas bandas: o Palavrantiga, o Coral Resgate e Daniela Ara\u00fajo.<\/p>\n<p>Que tal trocar ideias que nos fazem colocar as m\u00e3os na massa em favor do reino de Deus? Veja a programa\u00e7\u00e3o abaixo.<\/p>\n<p><a href=\"http:\/\/ultimato.com.br\/sites\/jovem\/files\/2013\/11\/ProgramacaoUsina21.jpg\" class=\"lightview\" data-lightview-group=\"group-3032\" data-lightview-options=\"skin: 'dark', controls: 'relative', padding: '10', shadow: { color: '#000000', opacity: 0.08, blur: 3 }\"><img loading=\"lazy\" decoding=\"async\" class=\"aligncenter size-full wp-image-3033\" alt=\"ProgramacaoUsina21\" src=\"http:\/\/ultimato.com.br\/sites\/jovem\/files\/2013\/11\/ProgramacaoUsina21.jpg\" width=\"600\" height=\"849\" srcset=\"https:\/\/ultimato.com.br\/sites\/jovem\/files\/2013\/11\/ProgramacaoUsina21.jpg 600w, https:\/\/ultimato.com.br\/sites\/jovem\/files\/2013\/11\/ProgramacaoUsina21-212x300.jpg 212w, https:\/\/ultimato.com.br\/sites\/jovem\/files\/2013\/11\/ProgramacaoUsina21-106x150.jpg 106w\" sizes=\"auto, (max-width: 600px) 100vw, 600px\" \/><\/a><\/p>\n<p>&nbsp;<\/p>\n<p><strong>Mais informa\u00e7\u00f5es<\/strong><br \/>\nVisite o site do evento: <a href=\"http:\/\/usina21.com.br\" target=\"_blank\">http:\/\/usina21.com.br<\/a><\/p>\n<p>&nbsp;<\/p>\n","protected":false},"excerpt":{"rendered":"<p>Participe do Usina 21, um encontro de jovens sobre jovens e o mundo que nos cerca. O evento, que acontece no dia 09 de novembro em S\u00e3o Paulo (SP), chega \u00e0 9\u00aa edi\u00e7\u00e3o. Palestrantes internacionais, ativistas sociais, jornalistas, pastores, te\u00f3logos, escritores, marqueteiros, e muita, mas muita m\u00fasica. Os principais shows deste ano ficam por conta [&hellip;]<\/p>\n","protected":false},"author":19,"featured_media":0,"comment_status":"open","ping_status":"open","sticky":false,"template":"","format":"standard","meta":{"ngg_post_thumbnail":0,"footnotes":""},"categories":[172],"tags":[18401,18402,5675,6080],"class_list":["post-3032","post","type-post","status-publish","format-standard","hentry","category-agenda","tag-discussao","tag-evangelho-social","tag-jovens","tag-usina-21"],"_links":{"self":[{"href":"https:\/\/ultimato.com.br\/sites\/jovem\/wp-json\/wp\/v2\/posts\/3032","targetHints":{"allow":["GET"]}}],"collection":[{"href":"https:\/\/ultimato.com.br\/sites\/jovem\/wp-json\/wp\/v2\/posts"}],"about":[{"href":"https:\/\/ultimato.com.br\/sites\/jovem\/wp-json\/wp\/v2\/types\/post"}],"author":[{"embeddable":true,"href":"https:\/\/ultimato.com.br\/sites\/jovem\/wp-json\/wp\/v2\/users\/19"}],"replies":[{"embeddable":true,"href":"https:\/\/ultimato.com.br\/sites\/jovem\/wp-json\/wp\/v2\/comments?post=3032"}],"version-history":[{"count":1,"href":"https:\/\/ultimato.com.br\/sites\/jovem\/wp-json\/wp\/v2\/posts\/3032\/revisions"}],"predecessor-version":[{"id":3034,"href":"https:\/\/ultimato.com.br\/sites\/jovem\/wp-json\/wp\/v2\/posts\/3032\/revisions\/3034"}],"wp:attachment":[{"href":"https:\/\/ultimato.com.br\/sites\/jovem\/wp-json\/wp\/v2\/media?parent=3032"}],"wp:term":[{"taxonomy":"category","embeddable":true,"href":"https:\/\/ultimato.com.br\/sites\/jovem\/wp-json\/wp\/v2\/categories?post=3032"},{"taxonomy":"post_tag","embeddable":true,"href":"https:\/\/ultimato.com.br\/sites\/jovem\/wp-json\/wp\/v2\/tags?post=3032"}],"curies":[{"name":"wp","href":"https:\/\/api.w.org\/{rel}","templated":true}]}}