{"id":2908,"date":"2013-08-21T16:24:03","date_gmt":"2013-08-21T19:24:03","guid":{"rendered":"http:\/\/ultimato.com.br\/sites\/jovem\/?p=2908"},"modified":"2013-08-21T16:24:03","modified_gmt":"2013-08-21T19:24:03","slug":"pesquisa-revela-otimismo-e-desejo-de-participacao-social-dos-jovens","status":"publish","type":"post","link":"https:\/\/ultimato.com.br\/sites\/jovem\/2013\/08\/21\/pesquisa-revela-otimismo-e-desejo-de-participacao-social-dos-jovens\/","title":{"rendered":"Pesquisa revela otimismo e desejo de participa\u00e7\u00e3o social dos jovens"},"content":{"rendered":"<p><a href=\"http:\/\/ultimato.com.br\/sites\/jovem\/files\/2013\/08\/Capa_pesquisa_jovens.jpg\" class=\"lightview\" data-lightview-group=\"group-2908\" data-lightview-options=\"skin: 'dark', controls: 'relative', padding: '10', shadow: { color: '#000000', opacity: 0.08, blur: 3 }\"><img loading=\"lazy\" decoding=\"async\" class=\"aligncenter size-full wp-image-2909\" alt=\"Capa_pesquisa_jovens\" src=\"http:\/\/ultimato.com.br\/sites\/jovem\/files\/2013\/08\/Capa_pesquisa_jovens.jpg\" width=\"493\" height=\"230\" srcset=\"https:\/\/ultimato.com.br\/sites\/jovem\/files\/2013\/08\/Capa_pesquisa_jovens.jpg 493w, https:\/\/ultimato.com.br\/sites\/jovem\/files\/2013\/08\/Capa_pesquisa_jovens-300x139.jpg 300w, https:\/\/ultimato.com.br\/sites\/jovem\/files\/2013\/08\/Capa_pesquisa_jovens-150x69.jpg 150w\" sizes=\"auto, (max-width: 493px) 100vw, 493px\" \/><\/a><br \/>\nEles s\u00e3o mais de um quarto da popula\u00e7\u00e3o brasileira. Em sua maioria, cat\u00f3licos, solteiros, pardos ou negros, e chegaram at\u00e9 o ensino m\u00e9dio. S\u00e3o, sobretudo, otimistas quanto ao seu futuro. Esse \u00e9 o retrato do jovem brasileiro, trazido pela pesquisa Agenda Juventude Brasil. Contrariando estere\u00f3tipos, os jovens tamb\u00e9m se mostram interessados em pol\u00edtica e participa\u00e7\u00e3o social.<\/p>\n<p>Realizado pela Secretaria Nacional de Juventude (SNJ), da Secretaria Geral da Presid\u00eancia da Rep\u00fablica, o levantamento busca tra\u00e7ar um panorama dos brasileiros entre 15 e 29 anos para embasar e avaliar as pol\u00edticas p\u00fablicas para a juventude. Realizada entre os meses de abril e maio deste ano, contou com mais de tr\u00eas mil jovens entrevistados.<\/p>\n<p>A maioria dos jovens pesquisados se declarou cat\u00f3lica (56%), os evang\u00e9licos representam\u00a0pouco mais de \u00bc da amostra (27%). Cerca de 1 em cada 6 jovens n\u00e3o tem religi\u00e3o (16%,\u00a0inclu\u00eddo 1% de ateus). Na compara\u00e7\u00e3o com a pesquisa Projeto Juventude (2003), os cat\u00f3licos\u00a0diminu\u00edram em dez pontos percentuais (somavam ent\u00e3o 65%), enquanto os evang\u00e9licos\u00a0cresceram (eram 22%), assim como os sem religi\u00e3o (os que mais aumentaram, relativamente,\u00a0indo de 10% para 15%).<\/p>\n<p>Apesar das preocupa\u00e7\u00f5es com seguran\u00e7a e profiss\u00e3o, a juventude se mostra otimista quanto ao seu futuro. A grande maioria (94%) acredita que sua vida vai melhorar nos pr\u00f3ximos cinco anos. A expectativa continua alta em rela\u00e7\u00e3o ao pr\u00f3prio bairro e ao Brasil \u2013 53% e 44% creem que haver\u00e1 melhorias, respectivamente.<\/p>\n<p>O primeiro fasc\u00edculo da Agenda Juventude Brasil foca na quest\u00e3o da participa\u00e7\u00e3o social dos jovens e revela o interesse pela pol\u00edtica e desejo de engajamento. Mais da metade dos entrevistados disseram considerar a pol\u00edtica importante e 91% acredita que os jovens podem mudar o mundo. A pesquisa pode ser consultada na \u00edntegra neste <a href=\"http:\/\/www.juventude.gov.br\/noticias\/arquivos\/pesquisa_juventude\" target=\"_blank\">link<\/a>.<\/p>\n<p>Fonte: <a href=\"http:\/\/www.institutofilantropia.org.br\/secoes\/rede-social\/item\/5908-pesquisa-agenda-juventude-brasil-revela-otimismo-e-desejo-de-participacao-social-dos-jovens\" target=\"_blank\">Instituto Filantropia<\/a>.<\/p>\n","protected":false},"excerpt":{"rendered":"<p>Eles s\u00e3o mais de um quarto da popula\u00e7\u00e3o brasileira. Em sua maioria, cat\u00f3licos, solteiros, pardos ou negros, e chegaram at\u00e9 o ensino m\u00e9dio. S\u00e3o, sobretudo, otimistas quanto ao seu futuro. Esse \u00e9 o retrato do jovem brasileiro, trazido pela pesquisa Agenda Juventude Brasil. Contrariando estere\u00f3tipos, os jovens tamb\u00e9m se mostram interessados em pol\u00edtica e participa\u00e7\u00e3o [&hellip;]<\/p>\n","protected":false},"author":19,"featured_media":0,"comment_status":"open","ping_status":"open","sticky":false,"template":"","format":"standard","meta":{"ngg_post_thumbnail":0,"footnotes":""},"categories":[7],"tags":[157,5859],"class_list":["post-2908","post","type-post","status-publish","format-standard","hentry","category-noticias","tag-juventude","tag-pesquisa"],"_links":{"self":[{"href":"https:\/\/ultimato.com.br\/sites\/jovem\/wp-json\/wp\/v2\/posts\/2908","targetHints":{"allow":["GET"]}}],"collection":[{"href":"https:\/\/ultimato.com.br\/sites\/jovem\/wp-json\/wp\/v2\/posts"}],"about":[{"href":"https:\/\/ultimato.com.br\/sites\/jovem\/wp-json\/wp\/v2\/types\/post"}],"author":[{"embeddable":true,"href":"https:\/\/ultimato.com.br\/sites\/jovem\/wp-json\/wp\/v2\/users\/19"}],"replies":[{"embeddable":true,"href":"https:\/\/ultimato.com.br\/sites\/jovem\/wp-json\/wp\/v2\/comments?post=2908"}],"version-history":[{"count":1,"href":"https:\/\/ultimato.com.br\/sites\/jovem\/wp-json\/wp\/v2\/posts\/2908\/revisions"}],"predecessor-version":[{"id":2910,"href":"https:\/\/ultimato.com.br\/sites\/jovem\/wp-json\/wp\/v2\/posts\/2908\/revisions\/2910"}],"wp:attachment":[{"href":"https:\/\/ultimato.com.br\/sites\/jovem\/wp-json\/wp\/v2\/media?parent=2908"}],"wp:term":[{"taxonomy":"category","embeddable":true,"href":"https:\/\/ultimato.com.br\/sites\/jovem\/wp-json\/wp\/v2\/categories?post=2908"},{"taxonomy":"post_tag","embeddable":true,"href":"https:\/\/ultimato.com.br\/sites\/jovem\/wp-json\/wp\/v2\/tags?post=2908"}],"curies":[{"name":"wp","href":"https:\/\/api.w.org\/{rel}","templated":true}]}}