{"id":2570,"date":"2013-02-22T09:07:59","date_gmt":"2013-02-22T12:07:59","guid":{"rendered":"http:\/\/ultimato.com.br\/sites\/jovem\/?p=2570"},"modified":"2013-02-22T10:31:10","modified_gmt":"2013-02-22T13:31:10","slug":"emep-2013-e-a-vontade-de-que-o-proximo-chegue-logo","status":"publish","type":"post","link":"https:\/\/ultimato.com.br\/sites\/jovem\/2013\/02\/22\/emep-2013-e-a-vontade-de-que-o-proximo-chegue-logo\/","title":{"rendered":"EMEP 2013 e a vontade que o pr\u00f3ximo chegue logo&#8230;"},"content":{"rendered":"<p><em>Por Juliana Corr\u00eaa<\/em><\/p>\n<p>Carnaval. Quatro dias de pura folia, festas e curti\u00e7\u00e3o, certo? Errado! Para dezenas de pessoas o carnaval de 2013 foi no <strong>Encontro Mission\u00e1rio Estudantil e Profissional<\/strong> <strong>(EMEP)<\/strong>, que acontece a cada dois anos no Centro Evang\u00e9lico de Miss\u00f5es (CEM).<\/p>\n<p>O tema deste 9\u00ba EMEP foi \u201cMiss\u00e3o de Ponta Cabe\u00e7a\u201d. Aprendemos que fazer miss\u00f5es vai muito al\u00e9m de falar e testemunhar. Fazer miss\u00f5es \u00e9 tamb\u00e9m servir! Diminuir o ego, considerar o outro superior a si mesmo e estar dispon\u00edvel em todos os momentos a socorr\u00ea-lo em suas necessidades, sejam elas quais forem.<\/p>\n<p style=\"text-align: center;\"><a href=\"http:\/\/ultimato.com.br\/sites\/jovem\/files\/2013\/02\/DSCN4024.jpg\" class=\"lightview\" data-lightview-group=\"group-2570\" data-lightview-options=\"skin: 'dark', controls: 'relative', padding: '10', shadow: { color: '#000000', opacity: 0.08, blur: 3 }\"><img loading=\"lazy\" decoding=\"async\" class=\"aligncenter  wp-image-2572\" alt=\"DSCN4024\" src=\"http:\/\/ultimato.com.br\/sites\/jovem\/files\/2013\/02\/DSCN4024.jpg\" width=\"614\" height=\"307\" srcset=\"https:\/\/ultimato.com.br\/sites\/jovem\/files\/2013\/02\/DSCN4024.jpg 1024w, https:\/\/ultimato.com.br\/sites\/jovem\/files\/2013\/02\/DSCN4024-300x149.jpg 300w, https:\/\/ultimato.com.br\/sites\/jovem\/files\/2013\/02\/DSCN4024-150x74.jpg 150w\" sizes=\"auto, (max-width: 614px) 100vw, 614px\" \/><\/a><\/p>\n<p>A programa\u00e7\u00e3o foi intensa. Acord\u00e1vamos bem cedo todos os dias. De manh\u00e3 assist\u00edamos a palestras e, em pequenos grupos, faz\u00edamos um momento de reflex\u00e3o sobre alguma passagem b\u00edblica, al\u00e9m da rea\u00e7\u00e3o \u00e0 palestra que t\u00ednhamos acabado de assistir. Durante a tarde havia momentos de orienta\u00e7\u00e3o mission\u00e1ria individual com professores do CEM. Houve tamb\u00e9m oficinas, uma no s\u00e1bado, e outra no domingo e segunda. Confesso que foi a \u00fanica parte ruim do EMEP, ter de escolher apenas duas oficinas em meio a tantas op\u00e7\u00f5es, mas com certeza fiz boas escolhas. \u00c0 noite ouv\u00edamos um testemunho, uma mensagem e or\u00e1vamos por mission\u00e1rios em campo. Nos intervalos, desfrut\u00e1vamos de uma refei\u00e7\u00e3o deliciosa e muita conversa com os colegas do encontro. A programa\u00e7\u00e3o n\u00e3o nos impedia de ficar at\u00e9 tarde compartilhando.<\/p>\n<p><!--more--><\/p>\n<p>Vieram para o EMEP pessoas de todos os lugares do pa\u00eds, de todas as idades, estilos e denomina\u00e7\u00f5es, com diferentes chamados, mas com um \u00fanico prop\u00f3sito: anunciar o evangelho de Jesus Cristo. Algumas pessoas j\u00e1 se conheciam por ser da mesma cidade, de outros congressos ou de outros carnavais. Mas grande parte dos que estavam ali chegaram sem conhecer ningu\u00e9m, e, em pouco tempo, se entrosaram de uma forma muito especial.<\/p>\n<p>Para mim o que fica \u00e9 o aprendizado, as leituras b\u00edblicas, explica\u00e7\u00f5es e medita\u00e7\u00f5es. Fica o cuidado e aten\u00e7\u00e3o de todo o pessoal do CEM. Ficam as amizades conquistadas nestes quatro dias. Ficam as ora\u00e7\u00f5es em favor do pr\u00f3ximo, e em favor de n\u00f3s mesmos. Fica a gratid\u00e3o por ter participado desse EMEP e a vontade de que o pr\u00f3ximo chegue logo. Fica o amor de Deus, a vontade de servi-lo e levar seu evangelho aonde ele mandar.<\/p>\n<p>____________________<\/p>\n<p><strong><a href=\"http:\/\/ultimato.com.br\/sites\/jovem\/files\/2013\/02\/DSCN3990.jpg\" class=\"lightview\" data-lightview-group=\"group-2570\" data-lightview-options=\"skin: 'dark', controls: 'relative', padding: '10', shadow: { color: '#000000', opacity: 0.08, blur: 3 }\"><img loading=\"lazy\" decoding=\"async\" class=\"alignleft size-thumbnail wp-image-2575\" alt=\"DSCN3990\" src=\"http:\/\/ultimato.com.br\/sites\/jovem\/files\/2013\/02\/DSCN3990-150x150.jpg\" width=\"150\" height=\"150\" srcset=\"https:\/\/ultimato.com.br\/sites\/jovem\/files\/2013\/02\/DSCN3990-150x150.jpg 150w, https:\/\/ultimato.com.br\/sites\/jovem\/files\/2013\/02\/DSCN3990-80x80.jpg 80w\" sizes=\"auto, (max-width: 150px) 100vw, 150px\" \/><\/a>Juliana Corr\u00eaa<\/strong>, 22 anos, \u00e9 jornalista, mora em Vi\u00e7osa (MG) e participou da 9\u00ba edi\u00e7\u00e3o do EMEP.<\/p>\n","protected":false},"excerpt":{"rendered":"<p>Por Juliana Corr\u00eaa Carnaval. Quatro dias de pura folia, festas e curti\u00e7\u00e3o, certo? Errado! Para dezenas de pessoas o carnaval de 2013 foi no Encontro Mission\u00e1rio Estudantil e Profissional (EMEP), que acontece a cada dois anos no Centro Evang\u00e9lico de Miss\u00f5es (CEM). O tema deste 9\u00ba EMEP foi \u201cMiss\u00e3o de Ponta Cabe\u00e7a\u201d. Aprendemos que fazer [&hellip;]<\/p>\n","protected":false},"author":19,"featured_media":0,"comment_status":"open","ping_status":"open","sticky":false,"template":"","format":"standard","meta":{"ngg_post_thumbnail":0,"footnotes":""},"categories":[6054],"tags":[],"class_list":["post-2570","post","type-post","status-publish","format-standard","hentry","category-textos"],"_links":{"self":[{"href":"https:\/\/ultimato.com.br\/sites\/jovem\/wp-json\/wp\/v2\/posts\/2570","targetHints":{"allow":["GET"]}}],"collection":[{"href":"https:\/\/ultimato.com.br\/sites\/jovem\/wp-json\/wp\/v2\/posts"}],"about":[{"href":"https:\/\/ultimato.com.br\/sites\/jovem\/wp-json\/wp\/v2\/types\/post"}],"author":[{"embeddable":true,"href":"https:\/\/ultimato.com.br\/sites\/jovem\/wp-json\/wp\/v2\/users\/19"}],"replies":[{"embeddable":true,"href":"https:\/\/ultimato.com.br\/sites\/jovem\/wp-json\/wp\/v2\/comments?post=2570"}],"version-history":[{"count":4,"href":"https:\/\/ultimato.com.br\/sites\/jovem\/wp-json\/wp\/v2\/posts\/2570\/revisions"}],"predecessor-version":[{"id":2573,"href":"https:\/\/ultimato.com.br\/sites\/jovem\/wp-json\/wp\/v2\/posts\/2570\/revisions\/2573"}],"wp:attachment":[{"href":"https:\/\/ultimato.com.br\/sites\/jovem\/wp-json\/wp\/v2\/media?parent=2570"}],"wp:term":[{"taxonomy":"category","embeddable":true,"href":"https:\/\/ultimato.com.br\/sites\/jovem\/wp-json\/wp\/v2\/categories?post=2570"},{"taxonomy":"post_tag","embeddable":true,"href":"https:\/\/ultimato.com.br\/sites\/jovem\/wp-json\/wp\/v2\/tags?post=2570"}],"curies":[{"name":"wp","href":"https:\/\/api.w.org\/{rel}","templated":true}]}}