{"id":2560,"date":"2013-02-21T09:38:44","date_gmt":"2013-02-21T12:38:44","guid":{"rendered":"http:\/\/ultimato.com.br\/sites\/jovem\/?p=2560"},"modified":"2013-02-22T10:55:27","modified_gmt":"2013-02-22T13:55:27","slug":"suas-fotos-valem-um-livro","status":"publish","type":"post","link":"https:\/\/ultimato.com.br\/sites\/jovem\/2013\/02\/21\/suas-fotos-valem-um-livro\/","title":{"rendered":"Suas fotos valem um livro!"},"content":{"rendered":"<p>Voc\u00ea \u00e9 fot\u00f3grafo(a)? Estamos nos referindo tanto aos\u00a0profissionais, quanto aos amantes da fotografia.<\/p>\n<p>Se voc\u00ea atende os requisitos acima, saiba que suas fotos valem um <strong>livro<\/strong> da Editora Ultimato (da sua escolha!), al\u00e9m da oportunidade de divulgar o seu trabalho em nossos canais e redes sociais. Isso mesmo! Entre em contato conosco pelo email<strong> juventudes@ultimato.com.br<\/strong> com um link de acesso para o material produzido por voc\u00ea. Pode ser Flickr, Facebook, site ou blog&#8230;<\/p>\n<p>A cada quinze dias um novo tema ser\u00e1 revelado. As fotos enviadas devem contemplar o tema proposto. Apenas um fot\u00f3grafo ser\u00e1 o vencedor da semana e ir\u00e1 ganhar o livro.<\/p>\n<h3>E o tema da vez \u00e9: <strong>igreja<\/strong><\/h3>\n<p>Uma das fotos do vencedor ser\u00e1 utilizada para ilustrar o topo do nosso <a href=\"http:\/\/editoraultimato.com.br\/2013\/ultimato_jovem\/41\/index.html?__akacao=1270251&amp;__akcnt=100592c2&amp;__akvkey=df3d&amp;utm_source=akna&amp;utm_medium=email&amp;utm_campaign=Ultimato+Jovem+%2341\" target=\"_blank\"><strong>boletim Ultimato Jovem<\/strong><\/a>, enviado quinzenalmente para milhares de leitores. As demais fotografias ir\u00e3o compor nosso banco de imagens e ilustrar diversas mat\u00e9rias e not\u00edcias ao longo do ano.<\/p>\n<p>Est\u00e1 esperando o qu\u00ea? As premia\u00e7\u00f5es v\u00e3o ocorrer duas vezes por m\u00eas. Por isso, capriche no foco e dispare o click. A gente espera pelo resultado!<\/p>\n<p><a href=\"http:\/\/ultimato.com.br\/sites\/jovem\/files\/2013\/02\/946286_37621145.jpg\" class=\"lightview\" data-lightview-group=\"group-2560\" data-lightview-options=\"skin: 'dark', controls: 'relative', padding: '10', shadow: { color: '#000000', opacity: 0.08, blur: 3 }\"><img loading=\"lazy\" decoding=\"async\" class=\"aligncenter size-full wp-image-2566\" alt=\"946286_37621145\" src=\"http:\/\/ultimato.com.br\/sites\/jovem\/files\/2013\/02\/946286_37621145.jpg\" width=\"1013\" height=\"381\" srcset=\"https:\/\/ultimato.com.br\/sites\/jovem\/files\/2013\/02\/946286_37621145.jpg 1013w, https:\/\/ultimato.com.br\/sites\/jovem\/files\/2013\/02\/946286_37621145-300x112.jpg 300w, https:\/\/ultimato.com.br\/sites\/jovem\/files\/2013\/02\/946286_37621145-150x56.jpg 150w\" sizes=\"auto, (max-width: 1013px) 100vw, 1013px\" \/><\/a><\/p>\n","protected":false},"excerpt":{"rendered":"<p>Voc\u00ea \u00e9 fot\u00f3grafo(a)? Estamos nos referindo tanto aos\u00a0profissionais, quanto aos amantes da fotografia. Se voc\u00ea atende os requisitos acima, saiba que suas fotos valem um livro da Editora Ultimato (da sua escolha!), al\u00e9m da oportunidade de divulgar o seu trabalho em nossos canais e redes sociais. Isso mesmo! Entre em contato conosco pelo email juventudes@ultimato.com.br [&hellip;]<\/p>\n","protected":false},"author":19,"featured_media":0,"comment_status":"open","ping_status":"open","sticky":false,"template":"","format":"standard","meta":{"ngg_post_thumbnail":0,"footnotes":""},"categories":[5151],"tags":[],"class_list":["post-2560","post","type-post","status-publish","format-standard","hentry","category-outros-papos"],"_links":{"self":[{"href":"https:\/\/ultimato.com.br\/sites\/jovem\/wp-json\/wp\/v2\/posts\/2560","targetHints":{"allow":["GET"]}}],"collection":[{"href":"https:\/\/ultimato.com.br\/sites\/jovem\/wp-json\/wp\/v2\/posts"}],"about":[{"href":"https:\/\/ultimato.com.br\/sites\/jovem\/wp-json\/wp\/v2\/types\/post"}],"author":[{"embeddable":true,"href":"https:\/\/ultimato.com.br\/sites\/jovem\/wp-json\/wp\/v2\/users\/19"}],"replies":[{"embeddable":true,"href":"https:\/\/ultimato.com.br\/sites\/jovem\/wp-json\/wp\/v2\/comments?post=2560"}],"version-history":[{"count":8,"href":"https:\/\/ultimato.com.br\/sites\/jovem\/wp-json\/wp\/v2\/posts\/2560\/revisions"}],"predecessor-version":[{"id":2562,"href":"https:\/\/ultimato.com.br\/sites\/jovem\/wp-json\/wp\/v2\/posts\/2560\/revisions\/2562"}],"wp:attachment":[{"href":"https:\/\/ultimato.com.br\/sites\/jovem\/wp-json\/wp\/v2\/media?parent=2560"}],"wp:term":[{"taxonomy":"category","embeddable":true,"href":"https:\/\/ultimato.com.br\/sites\/jovem\/wp-json\/wp\/v2\/categories?post=2560"},{"taxonomy":"post_tag","embeddable":true,"href":"https:\/\/ultimato.com.br\/sites\/jovem\/wp-json\/wp\/v2\/tags?post=2560"}],"curies":[{"name":"wp","href":"https:\/\/api.w.org\/{rel}","templated":true}]}}