{"id":2555,"date":"2013-02-19T08:45:55","date_gmt":"2013-02-19T11:45:55","guid":{"rendered":"http:\/\/ultimato.com.br\/sites\/jovem\/?p=2555"},"modified":"2013-02-21T10:44:03","modified_gmt":"2013-02-21T13:44:03","slug":"i-concurso-de-prosa-poema-e-fotografia","status":"publish","type":"post","link":"https:\/\/ultimato.com.br\/sites\/jovem\/2013\/02\/19\/i-concurso-de-prosa-poema-e-fotografia\/","title":{"rendered":"I Concurso de Prosa, Poema e Fotografia"},"content":{"rendered":"<p style=\"text-align: left;\">A Secretaria Nacional de Juventude lan\u00e7ou o<strong> I Concurso de Prosa, Poema e Fotografia<\/strong>\u00a0do &#8220;Plano Juventude Viva&#8221;. Divulgue a iniciativa e estimule a participa\u00e7\u00e3o de jovens talentos nesta a\u00e7\u00e3o que integra o &#8220;Plano de Preven\u00e7\u00e3o \u00e0 Viol\u00eancia contra a Juventude Negra&#8221;. As inscri\u00e7\u00f5es v\u00e3o at\u00e9 28 de fevereiro.<\/p>\n<p style=\"text-align: left;\">O concurso \u00e9 para jovens brasileiros, com idade entre 15 e 29 anos. Ser\u00e3o premiados os 30 melhores trabalhos apresentados em tr\u00eas categorias. Acesse a\u00a0<a href=\"http:\/\/www.juventude.gov.br\/juventudeviva\/noticias\/arquivos-noticias\/Ficha%20de%20Inscricao%20-%20I%20Concurso%20de%20Prosa_%20Poema%20e%20Fotografia%20-%20Juventude%20Viva.pdf\">ficha de inscri\u00e7\u00e3o<\/a>\u00a0e o\u00a0<a href=\"http:\/\/www.juventude.gov.br\/juventudeviva\/noticias\/arquivos-noticias\/Edital%20do%20I%20Concurso%20Juventude%20Viva%2011_01_2013.pdf\" target=\"_blank\">edital<\/a>\u00a0do concurso.<\/p>\n<p style=\"text-align: left;\">Segundo os organizadores, a iniciativa tem por objetivo incentivar os jovens a refletir, expor suas opini\u00f5es e debater com a sociedade a condi\u00e7\u00e3o da juventude negra brasileira, bem como os desafios para o exerc\u00edcio de sua cidadania e plenos direitos.<\/p>\n<p style=\"text-align: left;\">Para saber mais sobre o Plano de Preven\u00e7\u00e3o \u00e0 Viol\u00eancia conta a Juventude Negra, acesse o <a href=\"www.juventude.gov.br\/juventudeviva\" target=\"_blank\">site<\/a>.<\/p>\n<p><a href=\"http:\/\/ultimato.com.br\/sites\/jovem\/files\/2013\/02\/concursologo.jpg\" class=\"lightview\" data-lightview-group=\"group-2555\" data-lightview-options=\"skin: 'dark', controls: 'relative', padding: '10', shadow: { color: '#000000', opacity: 0.08, blur: 3 }\"><img loading=\"lazy\" decoding=\"async\" class=\"aligncenter size-full wp-image-2556\" alt=\"concursologo\" src=\"http:\/\/ultimato.com.br\/sites\/jovem\/files\/2013\/02\/concursologo.jpg\" width=\"444\" height=\"234\" srcset=\"https:\/\/ultimato.com.br\/sites\/jovem\/files\/2013\/02\/concursologo.jpg 444w, https:\/\/ultimato.com.br\/sites\/jovem\/files\/2013\/02\/concursologo-300x158.jpg 300w, https:\/\/ultimato.com.br\/sites\/jovem\/files\/2013\/02\/concursologo-150x79.jpg 150w\" sizes=\"auto, (max-width: 444px) 100vw, 444px\" \/><\/a><\/p>\n","protected":false},"excerpt":{"rendered":"<p>A Secretaria Nacional de Juventude lan\u00e7ou o I Concurso de Prosa, Poema e Fotografia\u00a0do &#8220;Plano Juventude Viva&#8221;. Divulgue a iniciativa e estimule a participa\u00e7\u00e3o de jovens talentos nesta a\u00e7\u00e3o que integra o &#8220;Plano de Preven\u00e7\u00e3o \u00e0 Viol\u00eancia contra a Juventude Negra&#8221;. As inscri\u00e7\u00f5es v\u00e3o at\u00e9 28 de fevereiro. O concurso \u00e9 para jovens brasileiros, com [&hellip;]<\/p>\n","protected":false},"author":19,"featured_media":0,"comment_status":"open","ping_status":"open","sticky":false,"template":"","format":"standard","meta":{"ngg_post_thumbnail":0,"footnotes":""},"categories":[10182],"tags":[],"class_list":["post-2555","post","type-post","status-publish","format-standard","hentry","category-boto-fe"],"_links":{"self":[{"href":"https:\/\/ultimato.com.br\/sites\/jovem\/wp-json\/wp\/v2\/posts\/2555","targetHints":{"allow":["GET"]}}],"collection":[{"href":"https:\/\/ultimato.com.br\/sites\/jovem\/wp-json\/wp\/v2\/posts"}],"about":[{"href":"https:\/\/ultimato.com.br\/sites\/jovem\/wp-json\/wp\/v2\/types\/post"}],"author":[{"embeddable":true,"href":"https:\/\/ultimato.com.br\/sites\/jovem\/wp-json\/wp\/v2\/users\/19"}],"replies":[{"embeddable":true,"href":"https:\/\/ultimato.com.br\/sites\/jovem\/wp-json\/wp\/v2\/comments?post=2555"}],"version-history":[{"count":4,"href":"https:\/\/ultimato.com.br\/sites\/jovem\/wp-json\/wp\/v2\/posts\/2555\/revisions"}],"predecessor-version":[{"id":2568,"href":"https:\/\/ultimato.com.br\/sites\/jovem\/wp-json\/wp\/v2\/posts\/2555\/revisions\/2568"}],"wp:attachment":[{"href":"https:\/\/ultimato.com.br\/sites\/jovem\/wp-json\/wp\/v2\/media?parent=2555"}],"wp:term":[{"taxonomy":"category","embeddable":true,"href":"https:\/\/ultimato.com.br\/sites\/jovem\/wp-json\/wp\/v2\/categories?post=2555"},{"taxonomy":"post_tag","embeddable":true,"href":"https:\/\/ultimato.com.br\/sites\/jovem\/wp-json\/wp\/v2\/tags?post=2555"}],"curies":[{"name":"wp","href":"https:\/\/api.w.org\/{rel}","templated":true}]}}