{"id":2540,"date":"2013-02-18T09:04:52","date_gmt":"2013-02-18T12:04:52","guid":{"rendered":"http:\/\/ultimato.com.br\/sites\/jovem\/?p=2540"},"modified":"2013-02-18T09:04:52","modified_gmt":"2013-02-18T12:04:52","slug":"jaco-por-causa-de-esau","status":"publish","type":"post","link":"https:\/\/ultimato.com.br\/sites\/jovem\/2013\/02\/18\/jaco-por-causa-de-esau\/","title":{"rendered":"Jac\u00f3, por causa de Esa\u00fa"},"content":{"rendered":"<p><em>Por Eliceli Bonan<\/em><\/p>\n<p style=\"text-align: justify;\"><a href=\"http:\/\/ultimato.com.br\/sites\/jovem\/files\/2013\/02\/esau_jaco.jpg\" class=\"lightview\" data-lightview-group=\"group-2540\" data-lightview-options=\"skin: 'dark', controls: 'relative', padding: '10', shadow: { color: '#000000', opacity: 0.08, blur: 3 }\"><img loading=\"lazy\" decoding=\"async\" class=\"alignleft size-full wp-image-2541\" alt=\"esau_jaco\" src=\"http:\/\/ultimato.com.br\/sites\/jovem\/files\/2013\/02\/esau_jaco.jpg\" width=\"214\" height=\"300\" srcset=\"https:\/\/ultimato.com.br\/sites\/jovem\/files\/2013\/02\/esau_jaco.jpg 214w, https:\/\/ultimato.com.br\/sites\/jovem\/files\/2013\/02\/esau_jaco-107x150.jpg 107w\" sizes=\"auto, (max-width: 214px) 100vw, 214px\" \/><\/a>Em alguns meses far\u00e1 vinte anos desde que nos sentamos e conversamos pela \u00faltima vez, como verdadeiros irm\u00e3os. Consegue acreditar que faz tanto tempo? Ainda lembro-me do seu sorriso do outro lado da mesa, na casa de nossos pais, na nossa \u00faltima conversa amig\u00e1vel. A madrugada estendia-se, mas n\u00f3s n\u00e3o quer\u00edamos dormir. Quer\u00edamos apenas estar juntos. Que saudades daquele tempo, quando \u00e9ramos melhores amigos! Podia olhar em seus olhos e saber o que estava pensando. Podia saber suas preocupa\u00e7\u00f5es, dividia contigo suas alegrias. Onde foi que nos perdemos um do outro?<\/p>\n<p style=\"text-align: justify;\">Desde que nos separamos, comecei a pensar nestas cosias. Ali\u00e1s, n\u00e3o teve um dia sequer em que n\u00e3o pensei em voc\u00ea. Vivemos tantas coisas juntos, meu irm\u00e3o! Quantas hist\u00f3rias, quantos momentos no campo, quantas ca\u00e7adas! Sim, n\u00f3s sempre brigamos muito, mas \u00e9ramos ligados por algo t\u00e3o forte que ningu\u00e9m conseguia explicar. Como pode melhores amigos tornar-se inimigos? Quando esta bagun\u00e7a toda come\u00e7ou?<\/p>\n<p style=\"text-align: justify;\">Em nossas conversas, voc\u00ea falava dos anseios de seu cora\u00e7\u00e3o de homem, falava de coisas de irm\u00e3o mais velho que eu n\u00e3o podia entender naquele momento. Agora, percebo quantas vezes voc\u00ea desejou que eu apenas o entendesse e escutasse. Entrava em meu quarto, sentava-se no ch\u00e3o e eu sabia que tinha algo para me dizer. Talvez a falha tenha sido totalmente minha. Porque l\u00e1 no fundo, apesar de apreciar sua companhia, eu n\u00e3o o entendia. N\u00e3o sei se queria entend\u00ea-lo&#8230;<\/p>\n<p style=\"text-align: justify;\"><!--more--><\/p>\n<p style=\"text-align: justify;\">A verdade \u00e9 que sempre desejei ser como voc\u00ea. Eu o invejava. E n\u00e3o era s\u00f3 sua primogenitura. Eu queria a sua simpatia, o seu jeito com as pessoas, a sua forma de encarar a vida, a sua destreza e maestria. Queria que nosso pai olhasse para mim com o mesmo orgulho com que te olhava. Queria que ele se alegrasse de meus feitos da mesma forma como se alegrava dos seus. E onde tudo isso nos levou?<\/p>\n<p style=\"text-align: justify;\">Talvez eu enxergasse em voc\u00ea um her\u00f3i. Quando voc\u00ea perdeu seu lugar de her\u00f3i em minha vida, n\u00e3o consegui encontrar outro lugar onde pudesse coloc\u00e1-lo. Sabe quando voc\u00ea vendeu sua primogenitura? Sim, foi naquele momento que parei de ver Deus em voc\u00ea. Como voc\u00ea pode fazer aquilo? Trocar sua heran\u00e7a, o seu direito de Filho, por um prato de comida?<\/p>\n<p style=\"text-align: justify;\">Que decep\u00e7\u00e3o! Que dor! Para mim, foi imposs\u00edvel lidar com tamanho desapontamento. E j\u00e1 n\u00e3o via mais motivos para andarmos juntos. N\u00e3o podia mais ver o Senhor em voc\u00ea, n\u00e3o podia mais ver nossas semelhan\u00e7as. S\u00f3 via nossas diferen\u00e7as gritantes. \u00a0Juntei tudo isso a um julgamento negativo a seu respeito. Criei em minha mente a imagem de que permanecer perto de voc\u00ea seria uma amea\u00e7a para mim.<\/p>\n<p style=\"text-align: justify;\">Ter feito de voc\u00ea meu inimigo, um amigo me disse, foi nada mais do que uma tentativa de responder perguntas sobre mim mesmo: \u201cquem sou\u201d e \u201cquem n\u00e3o sou\u201d. Naquele tempo, n\u00e3o sabia quem <i>eu<\/i> era, mas tinha certeza que <i>voc\u00ea<\/i> j\u00e1 n\u00e3o era mais o que eu gostaria de ser. Enchi-me de orgulho e achei-me superior. N\u00e3o havia mais nada que pud\u00e9ssemos compartilhar&#8230;<\/p>\n<p style=\"text-align: justify;\">Afastei-me. Quando chegou a hora, tomei seu lugar, como se fosse a coisa mais certa a fazer. Mais tarde, cheio de culpa e medo, fugi de tua presen\u00e7a. Eu n\u00e3o podia mais encar\u00e1-lo depois do que aconteceu. Fui para terras distantes, subi escadas, vivi sonhos, encontrei anjos, peregrinei, trabalhei duro por muitos anos, andei com Deus. Mas todas as noites, antes de dormir, meu pensamento voltava para voc\u00ea. Sentimentos confusos. Como entender isso de sentir tanta raiva de quem, ao mesmo tempo, sente-se tanta falta? N\u00e3o sei dizer o que gritava mais forte dentro de mim: o \u00f3dio de meu inimigo ou a dor de ter perdido meu melhor amigo.<\/p>\n<p style=\"text-align: justify;\">Tivemos nosso tempo, cada um no seu canto, e agora \u00e9 hora de voltar. N\u00e3o posso mais viver com esse conflito. Precisamos resolver isso, meu irm\u00e3o! \u00c9 meu momento de deixar essas terras e encarar o que tento esquecer. \u00c9 meu momento de voltar para voc\u00ea, s\u00f3 por causa de voc\u00ea, meu querido Esa\u00fa. Mas estou com tanto medo! E todos estes pensamentos n\u00e3o me deixam dormir: como ser\u00e1 reencontr\u00e1-lo? Ser\u00e1 que ir\u00e1 me perdoar ou ser\u00e1 que vir\u00e1 correndo at\u00e9 mim, com o cora\u00e7\u00e3o cheio de \u00f3dio e inten\u00e7\u00f5es de me matar? Ser\u00e1 que me reconhecer\u00e1 quando nos virmos? E se ao nos encontrarmos percebermos que nos tornamos completamente estranhos um para o outro?<\/p>\n<p style=\"text-align: justify;\">Nos \u00faltimos dias, enviei mensageiros, presentes, palavras agrad\u00e1veis, pedidos de desculpas. Enviei bons pensamentos, parte de minhas conquistas para dividir com voc\u00ea. Quem sabe assim consiga abrandar seu cora\u00e7\u00e3o antes do grande dia. Quem sabe&#8230;<\/p>\n<p style=\"text-align: justify;\">Continua chovendo e eu aqui, nesta casa estranha. Comigo, trago tudo o que alcancei desde que nos separamos: mulheres, filhos, posses. De que me adianta tudo isso, se voc\u00ea me matar amanh\u00e3? Estou com tanto medo! Estou apavorado! Sinto-me t\u00e3o sozinho!<\/p>\n<p style=\"text-align: justify;\">Disseram-me que s\u00f3 haver\u00e1 reconcilia\u00e7\u00e3o se antes de encontrar-me contigo tiver um encontro com Deus, e outro comigo mesmo. Ent\u00e3o, passarei mais esta noite aqui. Vou lutar com Deus at\u00e9 o amanhecer. Estarei face a face com Ele e sei que mudar\u00e1 meu nome. Ir\u00e1 marcar-me para sempre antes de eu continuar minha jornada.<\/p>\n<p style=\"text-align: justify;\">Mas amanh\u00e3 nos encontraremos&#8230; Amanh\u00e3 estaremos juntos. Espero que voc\u00ea me perdoe.<\/p>\n<p>____________________<\/p>\n<p><strong>Eliceli Katia Bonan<\/strong>, 25 anos, \u00e9 jornalista e mission\u00e1ria de JOCUM.<\/p>\n<p>*Texto escrito a partir da leitura do livro de John Lederach \u2013 <em>The Journey Toward Reconciliation<\/em> (sem tradu\u00e7\u00e3o na l\u00edngua portuguesa), sobre como criamos inimigos, o processo de reconcilia\u00e7\u00e3o e os encontros necess\u00e1rios para que ela aconte\u00e7a. Hist\u00f3ria de Esa\u00fa e Jac\u00f3: G\u00eanesis 25-33.<\/p>\n","protected":false},"excerpt":{"rendered":"<p>Por Eliceli Bonan Em alguns meses far\u00e1 vinte anos desde que nos sentamos e conversamos pela \u00faltima vez, como verdadeiros irm\u00e3os. Consegue acreditar que faz tanto tempo? Ainda lembro-me do seu sorriso do outro lado da mesa, na casa de nossos pais, na nossa \u00faltima conversa amig\u00e1vel. A madrugada estendia-se, mas n\u00f3s n\u00e3o quer\u00edamos dormir. [&hellip;]<\/p>\n","protected":false},"author":19,"featured_media":0,"comment_status":"open","ping_status":"open","sticky":false,"template":"","format":"standard","meta":{"ngg_post_thumbnail":0,"footnotes":""},"categories":[6054],"tags":[],"class_list":["post-2540","post","type-post","status-publish","format-standard","hentry","category-textos"],"_links":{"self":[{"href":"https:\/\/ultimato.com.br\/sites\/jovem\/wp-json\/wp\/v2\/posts\/2540","targetHints":{"allow":["GET"]}}],"collection":[{"href":"https:\/\/ultimato.com.br\/sites\/jovem\/wp-json\/wp\/v2\/posts"}],"about":[{"href":"https:\/\/ultimato.com.br\/sites\/jovem\/wp-json\/wp\/v2\/types\/post"}],"author":[{"embeddable":true,"href":"https:\/\/ultimato.com.br\/sites\/jovem\/wp-json\/wp\/v2\/users\/19"}],"replies":[{"embeddable":true,"href":"https:\/\/ultimato.com.br\/sites\/jovem\/wp-json\/wp\/v2\/comments?post=2540"}],"version-history":[{"count":4,"href":"https:\/\/ultimato.com.br\/sites\/jovem\/wp-json\/wp\/v2\/posts\/2540\/revisions"}],"predecessor-version":[{"id":2545,"href":"https:\/\/ultimato.com.br\/sites\/jovem\/wp-json\/wp\/v2\/posts\/2540\/revisions\/2545"}],"wp:attachment":[{"href":"https:\/\/ultimato.com.br\/sites\/jovem\/wp-json\/wp\/v2\/media?parent=2540"}],"wp:term":[{"taxonomy":"category","embeddable":true,"href":"https:\/\/ultimato.com.br\/sites\/jovem\/wp-json\/wp\/v2\/categories?post=2540"},{"taxonomy":"post_tag","embeddable":true,"href":"https:\/\/ultimato.com.br\/sites\/jovem\/wp-json\/wp\/v2\/tags?post=2540"}],"curies":[{"name":"wp","href":"https:\/\/api.w.org\/{rel}","templated":true}]}}