{"id":2529,"date":"2013-02-13T08:18:08","date_gmt":"2013-02-13T11:18:08","guid":{"rendered":"http:\/\/ultimato.com.br\/sites\/jovem\/?p=2529"},"modified":"2013-02-13T08:19:16","modified_gmt":"2013-02-13T11:19:16","slug":"confissoes-de-um-guloso","status":"publish","type":"post","link":"https:\/\/ultimato.com.br\/sites\/jovem\/2013\/02\/13\/confissoes-de-um-guloso\/","title":{"rendered":"Confiss\u00f5es de um guloso"},"content":{"rendered":"<p><em>Por Marlon Teixeira<\/em><\/p>\n<p style=\"text-align: justify;\"><a href=\"http:\/\/ultimato.com.br\/sites\/jovem\/files\/2013\/02\/confissao_guloso.jpg\" class=\"lightview\" data-lightview-group=\"group-2529\" data-lightview-options=\"skin: 'dark', controls: 'relative', padding: '10', shadow: { color: '#000000', opacity: 0.08, blur: 3 }\"><img loading=\"lazy\" decoding=\"async\" class=\"size-full wp-image-2530 alignright\" alt=\"confissao_guloso\" src=\"http:\/\/ultimato.com.br\/sites\/jovem\/files\/2013\/02\/confissao_guloso.jpg\" width=\"224\" height=\"300\" srcset=\"https:\/\/ultimato.com.br\/sites\/jovem\/files\/2013\/02\/confissao_guloso.jpg 224w, https:\/\/ultimato.com.br\/sites\/jovem\/files\/2013\/02\/confissao_guloso-112x150.jpg 112w\" sizes=\"auto, (max-width: 224px) 100vw, 224px\" \/><\/a>N\u00e3o vivo s\u00f3 de p\u00e3o, mas de toda palavra que sai da boca de Deus. E digo sempre a Ele: alimente o meu esp\u00edrito com o seu Esp\u00edrito, mas continue alimentando tamb\u00e9m a minha fome de me alimentar de ti. Para tanto, deixe-me farto, por\u00e9m, jamais satisfeito de sua presen\u00e7a. Esta \u00e9 a minha ora\u00e7\u00e3o que se repete todas as manh\u00e3s.<\/p>\n<p style=\"text-align: justify;\">Adoro refletir sobre a exist\u00eancia de Deus. \u00c9 \u00f3bvio que perguntas sempre surgem. Mas duvidar \u00e0s vezes \u00e9 bom, \u00e9 proveitoso, pois foi assim que em algumas vezes na vida, possu\u00eddo pela \u201cs\u00edndrome de Tom\u00e9\u201d, fui confrontado com respostas reais, surpreendentes e at\u00e9 vis\u00edveis. Foi inevit\u00e1vel o prazer de ouvir Deus, senti-lo e experiment\u00e1-lo. Viciei em desafios como esse.<\/p>\n<p style=\"text-align: justify;\">Bebi muito leite at\u00e9 aqui. Sou fruto da ingest\u00e3o de bastante \u201clactose espiritual\u201d depois de convertido.\u00a0 Mas agora, como um glut\u00e3o faminto de f\u00e9, e paradoxalmente j\u00e1 perdoado por esta gula, posiciono-me de forma agrad\u00e1vel e prazerosa para ouvir o meu Pastor, para ler te\u00f3logos e pregadores e para repetir, como um gravador quebrado, as palavras dos her\u00f3is da f\u00e9, que consolidaram a hist\u00f3ria da Igreja.<\/p>\n<p style=\"text-align: justify;\"><!--more--><\/p>\n<p style=\"text-align: justify;\">Sou um vaso sem fundo, em busca de vinho novo para sanar as minhas velhas rachaduras. Sou um imenso apreciador do sabor das sagradas letras, que em meu paladar pitoresco, s\u00e3o mentalizadas em dire\u00e7\u00e3o \u00e0 pr\u00e1tica. Penso em como desvalorizamos a posse da B\u00edblia que temos a nossa disposi\u00e7\u00e3o: barata, \u00e0s vezes gr\u00e1tis, comentada, colorida, figurada. Imagino a B\u00edblia para a Igreja na Idade M\u00e9dia, uma \u201cpalavra de Deus\u201d somente para monges que dominavam a l\u00edngua latina, e que, burocraticamente, possu\u00edam permiss\u00e3o para l\u00ea-la. Agrade\u00e7o por estar em um pa\u00eds laico, onde n\u00e3o \u00e9 imposta nenhuma barreira para sentar aos p\u00e9s de Jesus e escut\u00e1-lo falar na boca e na voz de seus novos disc\u00edpulos.<\/p>\n<p style=\"text-align: justify;\">J\u00e1 participei de um banquete hoje, com ora\u00e7\u00f5es, comunh\u00e3o, muita Escritura, e n\u00e3o menos importante, o partir do p\u00e3o. Amanh\u00e3 quero mais, com certeza! Buscar o Reino de Deus em primeiro lugar consiste em se alimentar desta mesa farta, ornamentada pelo Rei, todos os dias, ao meio dia, \u00e0 meia noite, no momento que desejar. Confesso que, nesse sentido, sou um guloso fren\u00e9tico.<\/p>\n<p style=\"text-align: justify;\">____________________<\/p>\n<p style=\"text-align: justify;\"><strong>Marlon Teixeira<\/strong>, 20 anos, \u00e9 de Ipatinga, MG.<\/p>\n","protected":false},"excerpt":{"rendered":"<p>Por Marlon Teixeira N\u00e3o vivo s\u00f3 de p\u00e3o, mas de toda palavra que sai da boca de Deus. E digo sempre a Ele: alimente o meu esp\u00edrito com o seu Esp\u00edrito, mas continue alimentando tamb\u00e9m a minha fome de me alimentar de ti. Para tanto, deixe-me farto, por\u00e9m, jamais satisfeito de sua presen\u00e7a. Esta \u00e9 [&hellip;]<\/p>\n","protected":false},"author":19,"featured_media":0,"comment_status":"open","ping_status":"open","sticky":false,"template":"","format":"standard","meta":{"ngg_post_thumbnail":0,"footnotes":""},"categories":[6054],"tags":[],"class_list":["post-2529","post","type-post","status-publish","format-standard","hentry","category-textos"],"_links":{"self":[{"href":"https:\/\/ultimato.com.br\/sites\/jovem\/wp-json\/wp\/v2\/posts\/2529","targetHints":{"allow":["GET"]}}],"collection":[{"href":"https:\/\/ultimato.com.br\/sites\/jovem\/wp-json\/wp\/v2\/posts"}],"about":[{"href":"https:\/\/ultimato.com.br\/sites\/jovem\/wp-json\/wp\/v2\/types\/post"}],"author":[{"embeddable":true,"href":"https:\/\/ultimato.com.br\/sites\/jovem\/wp-json\/wp\/v2\/users\/19"}],"replies":[{"embeddable":true,"href":"https:\/\/ultimato.com.br\/sites\/jovem\/wp-json\/wp\/v2\/comments?post=2529"}],"version-history":[{"count":4,"href":"https:\/\/ultimato.com.br\/sites\/jovem\/wp-json\/wp\/v2\/posts\/2529\/revisions"}],"predecessor-version":[{"id":2533,"href":"https:\/\/ultimato.com.br\/sites\/jovem\/wp-json\/wp\/v2\/posts\/2529\/revisions\/2533"}],"wp:attachment":[{"href":"https:\/\/ultimato.com.br\/sites\/jovem\/wp-json\/wp\/v2\/media?parent=2529"}],"wp:term":[{"taxonomy":"category","embeddable":true,"href":"https:\/\/ultimato.com.br\/sites\/jovem\/wp-json\/wp\/v2\/categories?post=2529"},{"taxonomy":"post_tag","embeddable":true,"href":"https:\/\/ultimato.com.br\/sites\/jovem\/wp-json\/wp\/v2\/tags?post=2529"}],"curies":[{"name":"wp","href":"https:\/\/api.w.org\/{rel}","templated":true}]}}