{"id":2513,"date":"2013-02-05T19:15:38","date_gmt":"2013-02-05T22:15:38","guid":{"rendered":"http:\/\/ultimato.com.br\/sites\/jovem\/?p=2513"},"modified":"2013-02-06T07:53:46","modified_gmt":"2013-02-06T10:53:46","slug":"mascara-ao-sair-deixe-a-sua","status":"publish","type":"post","link":"https:\/\/ultimato.com.br\/sites\/jovem\/2013\/02\/05\/mascara-ao-sair-deixe-a-sua\/","title":{"rendered":"M\u00e1scara? Ao sair, deixe a sua"},"content":{"rendered":"<p><em>Por\u00a0Leandro Martines<\/em><\/p>\n<p><a href=\"http:\/\/ultimato.com.br\/sites\/jovem\/files\/2013\/02\/mascara.jpg\" class=\"lightview\" data-lightview-group=\"group-2513\" data-lightview-options=\"skin: 'dark', controls: 'relative', padding: '10', shadow: { color: '#000000', opacity: 0.08, blur: 3 }\"><img loading=\"lazy\" decoding=\"async\" class=\"alignleft size-medium wp-image-2514\" alt=\"mascara\" src=\"http:\/\/ultimato.com.br\/sites\/jovem\/files\/2013\/02\/mascara-297x300.jpg\" width=\"297\" height=\"300\" srcset=\"https:\/\/ultimato.com.br\/sites\/jovem\/files\/2013\/02\/mascara-297x300.jpg 297w, https:\/\/ultimato.com.br\/sites\/jovem\/files\/2013\/02\/mascara-80x80.jpg 80w, https:\/\/ultimato.com.br\/sites\/jovem\/files\/2013\/02\/mascara-148x150.jpg 148w, https:\/\/ultimato.com.br\/sites\/jovem\/files\/2013\/02\/mascara.jpg 407w\" sizes=\"auto, (max-width: 297px) 100vw, 297px\" \/><\/a>O carnaval est\u00e1 chegando. Sobre esta data, surge a oportunidade de falar sobre m\u00e1scaras, da necessidade de se criar um personagem imagin\u00e1rio, mas que se materializa em n\u00f3s mesmos no dia a dia.<\/p>\n<p>Muitas vezes as m\u00e1scaras d\u00e3o ideias de pessoas imaturas que se escondem para se parecerem mais legais, ou mais bonitas&#8230;. Engano. O uso de mascaras \u00e9 muito mais profundo do que isso. Certa vez ouvi a hist\u00f3ria de um homem que vivia em uma comunidade bem carente, ganhava um sal\u00e1rio modesto e morava em uma casa muito simples feita de madeira.<\/p>\n<p>Esse homem fez muito esfor\u00e7o e comprou um carro financiado em &#8220;milhares&#8221; de parcelas. Ao ser questionado sobre o porqu\u00ea ter comprado um carro que valia mais do que sua pr\u00f3pria casa, foi direto:<\/p>\n<p>\u2014 Ningu\u00e9m sabe onde eu moro, mas aonde eu vou as pessoas enxergam meu carro. Dessa forma, sou tratado de forma diferente, inclusive at\u00e9 tenho mais chances de conseguir um bom emprego. Pensei em morar em um lugar melhor, mas acho que o carro vale mais a pena.<\/p>\n<p>Portanto, o uso de m\u00e1scara n\u00e3o \u00e9 algo pontual e simples. Em uma sociedade como a nossa, parece ser algo obrigat\u00f3rio. Vivemos em um mundo que cobra tanto das pessoas que n\u00e3o \u00e9 de se estranhar que cada vez mais compremos roupas mais caras, cal\u00e7ados mais caros, e assim por diante.<\/p>\n<p><!--more--><\/p>\n<p>E nas igrejas? Usamos palavreados, levantamos nossas m\u00e3os, fazemos coisas que nem sabemos o porqu\u00ea somente para nos enquadrar dentro de uma comunidade, para que nos sintamos aceitos. J\u00e1 reparou a dificuldade que um mendigo tem em se sentir a vontade dentro de uma igreja? Ser\u00e1 que ele encontra paz em nossa comunidade, ou ele n\u00e3o volta mais?<\/p>\n<p>S\u00e3o muitas perguntas, muitos questionamentos. Devemos ser crentes sem m\u00e1scaras e que n\u00e3o obrigam o outro a colocar m\u00e1scara, que aceita o outro como ele \u00e9 e o ajuda a ser uma pessoa melhor. Este \u00e9 o exemplo de Cristo. Ele derruba as m\u00e1scaras e faz com que sejamos realmente pessoas com prop\u00f3sitos nos quais fomos criados.<\/p>\n<p>&#8220;<strong>M\u00e1scara? Ao sair, deixe a sua<\/strong>&#8220;. Que Deus nos ajude a tirar nossas m\u00e1scaras e mostrar em nossa face a imagem e semelhan\u00e7a dele. E voc\u00ea? Acredita que n\u00e3o tem nenhuma m\u00e1scara? D\u00ea uma conferida&#8230;<\/p>\n<p>[Gostou do tema? Leia mais sobre o assunto no <a href=\"https:\/\/www.facebook.com\/mascarabememal \" target=\"_blank\">Facebook<\/a>]<\/p>\n<p>____________________<\/p>\n<p><strong>Leandro Martines<\/strong> \u00e9 pastor da\u00a0Igreja Batista em Vila Gerte<\/p>\n","protected":false},"excerpt":{"rendered":"<p>Por\u00a0Leandro Martines O carnaval est\u00e1 chegando. Sobre esta data, surge a oportunidade de falar sobre m\u00e1scaras, da necessidade de se criar um personagem imagin\u00e1rio, mas que se materializa em n\u00f3s mesmos no dia a dia. Muitas vezes as m\u00e1scaras d\u00e3o ideias de pessoas imaturas que se escondem para se parecerem mais legais, ou mais bonitas&#8230;. [&hellip;]<\/p>\n","protected":false},"author":19,"featured_media":0,"comment_status":"open","ping_status":"open","sticky":false,"template":"","format":"standard","meta":{"ngg_post_thumbnail":0,"footnotes":""},"categories":[6054],"tags":[],"class_list":["post-2513","post","type-post","status-publish","format-standard","hentry","category-textos"],"_links":{"self":[{"href":"https:\/\/ultimato.com.br\/sites\/jovem\/wp-json\/wp\/v2\/posts\/2513","targetHints":{"allow":["GET"]}}],"collection":[{"href":"https:\/\/ultimato.com.br\/sites\/jovem\/wp-json\/wp\/v2\/posts"}],"about":[{"href":"https:\/\/ultimato.com.br\/sites\/jovem\/wp-json\/wp\/v2\/types\/post"}],"author":[{"embeddable":true,"href":"https:\/\/ultimato.com.br\/sites\/jovem\/wp-json\/wp\/v2\/users\/19"}],"replies":[{"embeddable":true,"href":"https:\/\/ultimato.com.br\/sites\/jovem\/wp-json\/wp\/v2\/comments?post=2513"}],"version-history":[{"count":4,"href":"https:\/\/ultimato.com.br\/sites\/jovem\/wp-json\/wp\/v2\/posts\/2513\/revisions"}],"predecessor-version":[{"id":2517,"href":"https:\/\/ultimato.com.br\/sites\/jovem\/wp-json\/wp\/v2\/posts\/2513\/revisions\/2517"}],"wp:attachment":[{"href":"https:\/\/ultimato.com.br\/sites\/jovem\/wp-json\/wp\/v2\/media?parent=2513"}],"wp:term":[{"taxonomy":"category","embeddable":true,"href":"https:\/\/ultimato.com.br\/sites\/jovem\/wp-json\/wp\/v2\/categories?post=2513"},{"taxonomy":"post_tag","embeddable":true,"href":"https:\/\/ultimato.com.br\/sites\/jovem\/wp-json\/wp\/v2\/tags?post=2513"}],"curies":[{"name":"wp","href":"https:\/\/api.w.org\/{rel}","templated":true}]}}