{"id":2507,"date":"2013-02-04T08:44:25","date_gmt":"2013-02-04T11:44:25","guid":{"rendered":"http:\/\/ultimato.com.br\/sites\/jovem\/?p=2507"},"modified":"2013-02-04T08:44:25","modified_gmt":"2013-02-04T11:44:25","slug":"pos-carnaval","status":"publish","type":"post","link":"https:\/\/ultimato.com.br\/sites\/jovem\/2013\/02\/04\/pos-carnaval\/","title":{"rendered":"P\u00f3s carnaval"},"content":{"rendered":"<p><em>Por Jeverton Ledo [Magr\u00e3o]<\/em><\/p>\n<p><a href=\"http:\/\/ultimato.com.br\/sites\/jovem\/files\/2013\/02\/pierrot.jpg\" class=\"lightview\" data-lightview-group=\"group-2507\" data-lightview-options=\"skin: 'dark', controls: 'relative', padding: '10', shadow: { color: '#000000', opacity: 0.08, blur: 3 }\"><img loading=\"lazy\" decoding=\"async\" class=\"alignleft  wp-image-2508\" alt=\"pierrot\" src=\"http:\/\/ultimato.com.br\/sites\/jovem\/files\/2013\/02\/pierrot.jpg\" width=\"212\" height=\"288\" srcset=\"https:\/\/ultimato.com.br\/sites\/jovem\/files\/2013\/02\/pierrot.jpg 353w, https:\/\/ultimato.com.br\/sites\/jovem\/files\/2013\/02\/pierrot-220x300.jpg 220w, https:\/\/ultimato.com.br\/sites\/jovem\/files\/2013\/02\/pierrot-110x150.jpg 110w\" sizes=\"auto, (max-width: 212px) 100vw, 212px\" \/><\/a>Para nossa alegria mal come\u00e7amos mais um ano e um longo feriado nos espera. Viagens, amigos e, para muitos que se retiram do barulho e das nuvens cinzas de polui\u00e7\u00e3o, at\u00e9 mesmo outra \u201catmosfera\u201d. Jovens e adolescentes de diferentes comunidades e igrejas est\u00e3o de malas prontas para o t\u00e3o planejado e aguardado acampamento de carnaval. Antes da sa\u00edda temos o pr\u00e9 -acamp, um \u201cesquenta as turbinas\u201d para esses dias onde tudo parece t\u00e3o diferente.<\/p>\n<p>Sempre me intrigou as coisas que acontecem durante esses quatro ou cinco dias \u201cm\u00e1gicos\u201d. S\u00e3o dias que nos enchem de uma for\u00e7a t\u00e3o grande. Parece que na volta seremos capazes de vencer tudo que vier como obst\u00e1culo que impe\u00e7a o prosseguir nessa estrada da vida.<\/p>\n<p>Voc\u00ea pode se perguntar se esse texto \u00e9 um desabafo, ou uma cr\u00edtica. Olho com outra perspectiva. A perspectiva da preocupa\u00e7\u00e3o do dia seguinte, ou melhor, da continuidade da nossa caminhada. Nesses dias nos embriagamos de emo\u00e7\u00f5es, sentimentos, renovamos votos, nos reencontramos, juntamo-nos em grupo em uma clara demonstra\u00e7\u00e3o das necessidades que gritam em rostos juvenis.<\/p>\n<p>Por vezes pensei como seria bom se isso n\u00e3o terminasse numa quarta-feira de cinzas. Se ao inv\u00e9s de voltarmos, simplesmente nos fosse permitido continuar ali, na espera daquele grande dia do nosso resgate.<\/p>\n<p><!--more--><\/p>\n<p>Tenho certeza que voc\u00ea j\u00e1 pensou assim. Felizmente, a volta, o \u201cp\u00f3s\u201d nos espera. Fica a pergunta: o que faremos ao retornar?<\/p>\n<p>Corremos para nos manter animados, cheios de esperan\u00e7a e certos que agora tudo ser\u00e1 diferente. Ser\u00e1 poss\u00edvel? Para muitos essa for\u00e7a parece ir se esvaindo em dias, ou semanas. Ser\u00e1 que o confronto com a realidade de um mundo carente nos abate, e nos vemos novamente impotentes? O p\u00f3s tem muito a nos ensinar. Onde voc\u00ea estiver nesses dias, aproveite para ter um encontro real e pessoal na perspectiva correta que mais do que a ida, a volta \u00e9 mais importante. Fica a reflex\u00e3o, e que cada um compreenda que os outros 300 e tantos dias s\u00e3o um constante desafio de pr\u00e1tica do amor, paci\u00eancia e esperan\u00e7a.<\/p>\n<p>____________________<\/p>\n<p><strong><a href=\"http:\/\/ultimato.com.br\/sites\/jovem\/2012\/05\/23\/motivacao-errada\/jeverton.ledo@gmail.com\" target=\"_blank\">Jeverton \u201cMagr\u00e3o\u201d Ledo<\/a><\/strong>\u00a0\u00e9 mission\u00e1rio e capel\u00e3o escolar.<\/p>\n","protected":false},"excerpt":{"rendered":"<p>Por Jeverton Ledo [Magr\u00e3o] Para nossa alegria mal come\u00e7amos mais um ano e um longo feriado nos espera. Viagens, amigos e, para muitos que se retiram do barulho e das nuvens cinzas de polui\u00e7\u00e3o, at\u00e9 mesmo outra \u201catmosfera\u201d. Jovens e adolescentes de diferentes comunidades e igrejas est\u00e3o de malas prontas para o t\u00e3o planejado e [&hellip;]<\/p>\n","protected":false},"author":19,"featured_media":0,"comment_status":"open","ping_status":"open","sticky":false,"template":"","format":"standard","meta":{"ngg_post_thumbnail":0,"footnotes":""},"categories":[6054],"tags":[],"class_list":["post-2507","post","type-post","status-publish","format-standard","hentry","category-textos"],"_links":{"self":[{"href":"https:\/\/ultimato.com.br\/sites\/jovem\/wp-json\/wp\/v2\/posts\/2507","targetHints":{"allow":["GET"]}}],"collection":[{"href":"https:\/\/ultimato.com.br\/sites\/jovem\/wp-json\/wp\/v2\/posts"}],"about":[{"href":"https:\/\/ultimato.com.br\/sites\/jovem\/wp-json\/wp\/v2\/types\/post"}],"author":[{"embeddable":true,"href":"https:\/\/ultimato.com.br\/sites\/jovem\/wp-json\/wp\/v2\/users\/19"}],"replies":[{"embeddable":true,"href":"https:\/\/ultimato.com.br\/sites\/jovem\/wp-json\/wp\/v2\/comments?post=2507"}],"version-history":[{"count":4,"href":"https:\/\/ultimato.com.br\/sites\/jovem\/wp-json\/wp\/v2\/posts\/2507\/revisions"}],"predecessor-version":[{"id":2512,"href":"https:\/\/ultimato.com.br\/sites\/jovem\/wp-json\/wp\/v2\/posts\/2507\/revisions\/2512"}],"wp:attachment":[{"href":"https:\/\/ultimato.com.br\/sites\/jovem\/wp-json\/wp\/v2\/media?parent=2507"}],"wp:term":[{"taxonomy":"category","embeddable":true,"href":"https:\/\/ultimato.com.br\/sites\/jovem\/wp-json\/wp\/v2\/categories?post=2507"},{"taxonomy":"post_tag","embeddable":true,"href":"https:\/\/ultimato.com.br\/sites\/jovem\/wp-json\/wp\/v2\/tags?post=2507"}],"curies":[{"name":"wp","href":"https:\/\/api.w.org\/{rel}","templated":true}]}}