{"id":250,"date":"2010-11-08T13:27:29","date_gmt":"2010-11-08T16:27:29","guid":{"rendered":"http:\/\/ultimato.com.br\/sites\/jovem\/?p=250"},"modified":"2010-12-01T14:09:24","modified_gmt":"2010-12-01T17:09:24","slug":"experiencias-de-um-jovem-no-lausanne-3","status":"publish","type":"post","link":"https:\/\/ultimato.com.br\/sites\/jovem\/2010\/11\/08\/experiencias-de-um-jovem-no-lausanne-3\/","title":{"rendered":"Experi\u00eancias de um jovem no Lausanne 3"},"content":{"rendered":"<p lang=\"pt-BR\"><a href=\"http:\/\/ultimato.com.br\/sites\/jovem\/files\/2010\/11\/lausanne.jpg\" class=\"lightview\" data-lightview-group=\"group-250\" data-lightview-options=\"skin: 'dark', controls: 'relative', padding: '10', shadow: { color: '#000000', opacity: 0.08, blur: 3 }\" data-lightview-title=\"Sunday night closing session at Cape Town 2010.\"><img loading=\"lazy\" decoding=\"async\" class=\"alignleft size-full wp-image-253\" title=\"Sunday night closing session at Cape Town 2010.\" src=\"http:\/\/ultimato.com.br\/sites\/jovem\/files\/2010\/11\/lausanne.jpg\" alt=\"\" width=\"300\" height=\"200\" srcset=\"https:\/\/ultimato.com.br\/sites\/jovem\/files\/2010\/11\/lausanne.jpg 500w, https:\/\/ultimato.com.br\/sites\/jovem\/files\/2010\/11\/lausanne-300x199.jpg 300w, https:\/\/ultimato.com.br\/sites\/jovem\/files\/2010\/11\/lausanne-150x99.jpg 150w\" sizes=\"auto, (max-width: 300px) 100vw, 300px\" \/><\/a>As pessoas ao meu lado n\u00e3o estavam lendo o \u00faltimo romance ou revistas de fofoca. Olhei ao redor no avi\u00e3o, e vi s\u00f3 livros de John Stott, C. S. Lewis, o Pacto de Lausanne e v\u00e1rias B\u00edblias. Um v\u00f4o rumo ao c\u00e9u? Quase isso: partindo de Doha, Qatar esse avi\u00e3o voava rumo \u00e0s plan\u00edcies da \u00c1frica, trazendo dezenas de participantes para a Cidade do Cabo, onde estava para acontecer o terceiro congresso do Movimento Lausanne.<\/p>\n<p lang=\"pt-BR\">O Cape Town 2010 veio a comemorar e dar continuidade \u00e0 vis\u00e3o dos congressos de Edimburgo,<!--more--> em 1910, e do congresso de Lausanne em 1974, que foram pontos focais do movimento evang\u00e9lico mundial.Mas o cen\u00e1rio agora era diverso: esse n\u00e3o era outro congresso em uma cidade hist\u00f3rica da Europa, com participantes predominantemente de pa\u00edses ocidentais, mas sim um congresso em solo africano, reunindo participantes de quase 200 pa\u00edses. Uma parte do resultado do congresso de Edimburgo e do esfor\u00e7o de milhares de mission\u00e1rios podia ser vista agora, conforma chegavam os participantes da Am\u00e9rica Latina, \u00c1frica e \u00c1sia, representando as multid\u00f5es alcan\u00e7adas para Cristo nesses continentes no \u00faltimo s\u00e9culo. S\u00f3 a \u00c1frica passou de 8 milh\u00f5es de crist\u00e3os para mais de 300 milh\u00f5es em 100 anos.<\/p>\n<p>Eu cheguei no Cape Town 2010 lembrando de um africano, jovem na \u00e9poca como eu, que participou de um conc\u00edlio de magnitude semelhante. Atan\u00e1sio, o bispo de Alexandria que defendeu a divindade de Cristo no maior debate teol\u00f3gico da igreja antiga, contra Arius, chegou ao Conc\u00edlio de Nic\u00e9ia ainda jovem, tentando entender todo o debate acontecendo no congresso, em 325. O Conc\u00edlio de Nic\u00e9ia certamente teve uma influ\u00eancia enorme sobre Atan\u00e1sio, que foi depois o principal defensor da vis\u00e3o cristol\u00f3gica do conc\u00edlio no s\u00e9culo 4 contra a heresia ariana.<\/p>\n<p lang=\"pt-BR\">Mas os desafios desse novo congresso em 2010 eram \u00fanicos para a sua \u00e9poca: agora que temos o Evangelho de Jesus Cristo de maneira clara, como \u00e9 que podemos compartilh\u00e1-lo em palavras e obras para o mundo todo? Como comunicar o Evangelho aos povos n\u00e3o alcan\u00e7ados, e aos contextos p\u00f3s-crist\u00e3os? Como lutar contra injusti\u00e7as, escravid\u00e3o, pobreza? Como, em suma, reconciliar o mundo em todos os seus aspectos a Cristo?<\/p>\n<p lang=\"pt-BR\">Para mim cada momento do Cape Town 2010 foi precioso. Celebrei a alegria de encontrar amigos vindo de tantos lugares diferentes e de conhecer pessoas novas. Fui surpreendido ao ver a rea\u00e7\u00e3o de uma jovem do Laos em uma conversa, quando ela compartilhou as vezes que ela passou na pris\u00e3o por sua f\u00e9. Quando minha esposa Sarah disse a ela que ela era a primeira pessoa que conhec\u00edamos que sofria persegui\u00e7\u00e3o f\u00edsica, ela fez uma face de incredulidade, surpresa que n\u00e3o t\u00ednhamos nunca conhecido algu\u00e9m que passava pelo que ela passava.<\/p>\n<p>Outra hist\u00f3ria que me marcou foi a do arcebispo nigeriano em uma das sess\u00f5es interativas. O tema era evangelismo, e algu\u00e9m perguntou o que ele achava dos pastores e l\u00edderes que n\u00e3o se envolvem diretamente na miss\u00e3o de Deus. A resposta dele foi: \u201cO l\u00edder crist\u00e3o que n\u00e3o lidera seu povo em miss\u00e3o perde a sua apostolocidade.\u201d Essas palavras penetram meu cora\u00e7\u00e3o ainda mais quando descobri que a mulher desse arcebispo j\u00e1 tinha sido agredida e feita cega por uma multid\u00e3o que invadiu a sua casa, e que outra vez a multid\u00e3o voltou para mat\u00e1-lo em casa. O \u00fanico pedido dele foi orar antes que o matassem, e quando ele abriu os olhos, a multid\u00e3o tinha se dispersado enquanto ele derramava seu cora\u00e7\u00e3o diante de Deus uma \u00faltima vez antes de morrer.<\/p>\n<p lang=\"pt-BR\">Como brasileiro, o momento mais significativo decorreu da carta que assinamos, pedindo perd\u00e3o pelos anos de seq\u00fcestro e escravid\u00e3o do povo africano. Veio uma comitiva nos responder, e n\u00e3o sobrou um rosto sem l\u00e1grimas quando uma mulher orou: \u201cSenhor, eles tiraram os nossos filhos, roubaram os nossos maridos, abusaram as nossas filhas, mas hoje afirmamos que, pelo sangue de Jesus Cristo, voc\u00eas est\u00e3o perdoados! Voc\u00eas est\u00e3o perdoados!\u201d<\/p>\n<p lang=\"pt-BR\">Mas miss\u00e3o segue momentos de consagra\u00e7\u00e3o. O verdadeiro congresso acontece agora quando n\u00e3o s\u00f3 os participantes, mas toda a Igreja de Jesus Cristo segue proclamando o Evangelho no dia-a-dia. Momentos de encontro s\u00e3o especiais, mas o seu verdadeiro sentido acontece quando cada um de n\u00f3s continua a compartilhar Cristo com nossos amigos e nas nossas igrejas. Que Lausanne possa continuar por todo o mundo, e que o pr\u00f3ximo congresso, daqui a alguns anos, possa reunir novas pessoas, comunidades e povos reconciliados em Cristo!<\/p>\n<p lang=\"pt-BR\">\n<p lang=\"pt-BR\">Ren\u00e9 Breul \u00e9 casado com Sarah e pai do Pietro. Eles s\u00e3o mission\u00e1rios da SEPAL na It\u00e1lia.<\/p>\n","protected":false},"excerpt":{"rendered":"<p>As pessoas ao meu lado n\u00e3o estavam lendo o \u00faltimo romance ou revistas de fofoca. Olhei ao redor no avi\u00e3o, e vi s\u00f3 livros de John Stott, C. S. Lewis, o Pacto de Lausanne e v\u00e1rias B\u00edblias. Um v\u00f4o rumo ao c\u00e9u? Quase isso: partindo de Doha, Qatar esse avi\u00e3o voava rumo \u00e0s plan\u00edcies da [&hellip;]<\/p>\n","protected":false},"author":19,"featured_media":0,"comment_status":"open","ping_status":"open","sticky":false,"template":"","format":"standard","meta":{"ngg_post_thumbnail":0,"footnotes":""},"categories":[6054,6093],"tags":[6392,104,26],"class_list":["post-250","post","type-post","status-publish","format-standard","hentry","category-textos","category-viagens","tag-lausanne-3","tag-missao","tag-missao-integral"],"_links":{"self":[{"href":"https:\/\/ultimato.com.br\/sites\/jovem\/wp-json\/wp\/v2\/posts\/250","targetHints":{"allow":["GET"]}}],"collection":[{"href":"https:\/\/ultimato.com.br\/sites\/jovem\/wp-json\/wp\/v2\/posts"}],"about":[{"href":"https:\/\/ultimato.com.br\/sites\/jovem\/wp-json\/wp\/v2\/types\/post"}],"author":[{"embeddable":true,"href":"https:\/\/ultimato.com.br\/sites\/jovem\/wp-json\/wp\/v2\/users\/19"}],"replies":[{"embeddable":true,"href":"https:\/\/ultimato.com.br\/sites\/jovem\/wp-json\/wp\/v2\/comments?post=250"}],"version-history":[{"count":7,"href":"https:\/\/ultimato.com.br\/sites\/jovem\/wp-json\/wp\/v2\/posts\/250\/revisions"}],"predecessor-version":[{"id":321,"href":"https:\/\/ultimato.com.br\/sites\/jovem\/wp-json\/wp\/v2\/posts\/250\/revisions\/321"}],"wp:attachment":[{"href":"https:\/\/ultimato.com.br\/sites\/jovem\/wp-json\/wp\/v2\/media?parent=250"}],"wp:term":[{"taxonomy":"category","embeddable":true,"href":"https:\/\/ultimato.com.br\/sites\/jovem\/wp-json\/wp\/v2\/categories?post=250"},{"taxonomy":"post_tag","embeddable":true,"href":"https:\/\/ultimato.com.br\/sites\/jovem\/wp-json\/wp\/v2\/tags?post=250"}],"curies":[{"name":"wp","href":"https:\/\/api.w.org\/{rel}","templated":true}]}}