{"id":2482,"date":"2013-01-30T06:54:12","date_gmt":"2013-01-30T09:54:12","guid":{"rendered":"http:\/\/ultimato.com.br\/sites\/jovem\/?p=2482"},"modified":"2013-01-30T06:59:48","modified_gmt":"2013-01-30T09:59:48","slug":"que-tal-viajar-pelo-mundo","status":"publish","type":"post","link":"https:\/\/ultimato.com.br\/sites\/jovem\/2013\/01\/30\/que-tal-viajar-pelo-mundo\/","title":{"rendered":"Que tal viajar pelo mundo?"},"content":{"rendered":"<h5><b>Abertas as inscri\u00e7\u00f5es que visam selecionar universit\u00e1rios e jovens profissionais para est\u00e1gio internacional<\/b><\/h5>\n<p><a href=\"http:\/\/ultimato.com.br\/sites\/jovem\/files\/2013\/01\/viajar_intercambio1.jpg\" class=\"lightview\" data-lightview-group=\"group-2482\" data-lightview-options=\"skin: 'dark', controls: 'relative', padding: '10', shadow: { color: '#000000', opacity: 0.08, blur: 3 }\"><img loading=\"lazy\" decoding=\"async\" class=\"alignleft size-full wp-image-2484\" alt=\"viajar_intercambio\" src=\"http:\/\/ultimato.com.br\/sites\/jovem\/files\/2013\/01\/viajar_intercambio1.jpg\" width=\"300\" height=\"225\" srcset=\"https:\/\/ultimato.com.br\/sites\/jovem\/files\/2013\/01\/viajar_intercambio1.jpg 300w, https:\/\/ultimato.com.br\/sites\/jovem\/files\/2013\/01\/viajar_intercambio1-150x112.jpg 150w\" sizes=\"auto, (max-width: 300px) 100vw, 300px\" \/><\/a><br \/>\n(<a href=\"http:\/\/www.multivu.com\/mnr\/58674-EF-Education-Erasmus-launch-global-internship\" target=\"_blank\">PRNewswire<\/a>)\u00a0L\u00edder\u00a0mundial em educa\u00e7\u00e3o internacional, a EF Cursos no Exterior acaba de lan\u00e7ar a <strong>edi\u00e7\u00e3o 2013 do EF Global Intern<\/strong>. O concurso \u00e9 a oportunidade que estudantes do mundo todo t\u00eam de concorrer a um est\u00e1gio de seis meses em diferentes pa\u00edses, com todas as despesas de viagem, acomoda\u00e7\u00e3o e alimenta\u00e7\u00e3o pagas pela EF. Para participar, os interessados devem ter mais de 18 anos, inscrever seus curr\u00edculos no site do concurso (<a href=\"www.ef.com.br\/globalintern\" target=\"_blank\">aqui<\/a>)\u00a0e enviar um v\u00eddeo de, no m\u00e1ximo, tr\u00eas minutos descrevendo como o est\u00e1gio vai impactar seu futuro. As inscri\u00e7\u00f5es podem ser feitas at\u00e9 o dia 31 de mar\u00e7o.\u00a0Para visualizar o comunicado de imprensa multim\u00eddia, clique <a href=\"http:\/\/www.multivu.com\/mnr\/58674-EF-Education-Erasmus-launch-global-internship\" target=\"_blank\">aqui<\/a>.<\/p>\n<p>Desde 2010, a competi\u00e7\u00e3o de est\u00e1gio global se tornou a campanha de recrutamento mais ambiciosa da EF e conta com at\u00e9 20.000 inscritos de mais de 150 pa\u00edses a cada ano. Um grupo de jurados internacionais da EF e ESN selecionar\u00e1 o vencedor deste ano com base no CV dos candidatos e em um v\u00eddeo pessoal. &#8220;Procuramos candidatos que incorporem os valores da EF e demonstrem ter mente aberta, curiosidade sobre o mundo e esp\u00edrito aventureiro&#8221;, afirmou\u00a0Iris Hormann, presidente de cursos de idiomas no exterior da EF. &#8220;Nosso est\u00e1gio global, al\u00e9m de elevar sua carreira a outro n\u00edvel, construir\u00e1 uma rede internacional para a vida toda.&#8221;<\/p>\n<p><!--more--><\/p>\n<p>Os participantes ir\u00e3o competir por um est\u00e1gio com dura\u00e7\u00e3o de seis meses em diferentes destinos. Ser\u00e1 poss\u00edvel ter o primeiro contato com uma carreira internacional na sede da EF, em Zurique, na Sui\u00e7a. Depois ser\u00e1 a vez de escolher entre um dos mais de 50 escrit\u00f3rios da EF no mundo. \u00c9 a chance de passar um m\u00eas estagiando em lugares como T\u00f3quio, Nova Iorque ou Londres. Os \u00faltimos tr\u00eas meses de est\u00e1gio ser\u00e3o feitos em Bruxelas, na B\u00e9lgica, no escrit\u00f3rio central da parceira da EF neste concurso, a Erasmus Student Network, uma das maiores associa\u00e7\u00f5es de estudantes na Europa, hoje representada em mais de 416 institui\u00e7\u00f5es de ensino superior em 36 pa\u00edses.<\/p>\n<p>A EF espera a participa\u00e7\u00e3o de 58 pa\u00edses no concurso. No dia 12 de abril ser\u00e3o anunciados os finalistas de cada pa\u00eds. A sele\u00e7\u00e3o dos finalistas acontecer\u00e1 de 13 a 26 de abril e no dia 10 de maio ser\u00e1 divulgado o grande vencedor mundial.<\/p>\n<p><strong>Sobre a EF Education First<\/strong><\/p>\n<p>A EF Education First (EF) foi fundada em 1965 com a miss\u00e3o de quebrar as barreiras dos idiomas, culturais e geogr\u00e1ficas. Com 400 escolas e escrit\u00f3rios em 55 pa\u00edses, a EF \u00e9 especializada no aprendizado de idiomas, viagens educacionais, programas de gradua\u00e7\u00e3o acad\u00eamica e interc\u00e2mbio cultural. No Brasil desde 1987, a EF Cursos no Exterior possui escrit\u00f3rios pr\u00f3prios em S\u00e3o Paulo,\u00a0Rio de Janeiro, Vit\u00f3ria,\u00a0Fortaleza,\u00a0Recife, Campinas, Curitiba e\u00a0Porto Alegre, al\u00e9m de representantes e consultores espalhados por todo pa\u00eds, informa\u00e7\u00f5es de contato no portal\u00a0<a href=\"http:\/\/www.ef.com.br\/\" target=\"_blank\">www.ef.com.br<\/a><\/p>\n<p>____________________<\/p>\n<p>FONTE EF Education First Ltd.<\/p>\n","protected":false},"excerpt":{"rendered":"<p>Abertas as inscri\u00e7\u00f5es que visam selecionar universit\u00e1rios e jovens profissionais para est\u00e1gio internacional (PRNewswire)\u00a0L\u00edder\u00a0mundial em educa\u00e7\u00e3o internacional, a EF Cursos no Exterior acaba de lan\u00e7ar a edi\u00e7\u00e3o 2013 do EF Global Intern. O concurso \u00e9 a oportunidade que estudantes do mundo todo t\u00eam de concorrer a um est\u00e1gio de seis meses em diferentes pa\u00edses, com [&hellip;]<\/p>\n","protected":false},"author":19,"featured_media":0,"comment_status":"open","ping_status":"open","sticky":false,"template":"","format":"standard","meta":{"ngg_post_thumbnail":0,"footnotes":""},"categories":[10182],"tags":[],"class_list":["post-2482","post","type-post","status-publish","format-standard","hentry","category-boto-fe"],"_links":{"self":[{"href":"https:\/\/ultimato.com.br\/sites\/jovem\/wp-json\/wp\/v2\/posts\/2482","targetHints":{"allow":["GET"]}}],"collection":[{"href":"https:\/\/ultimato.com.br\/sites\/jovem\/wp-json\/wp\/v2\/posts"}],"about":[{"href":"https:\/\/ultimato.com.br\/sites\/jovem\/wp-json\/wp\/v2\/types\/post"}],"author":[{"embeddable":true,"href":"https:\/\/ultimato.com.br\/sites\/jovem\/wp-json\/wp\/v2\/users\/19"}],"replies":[{"embeddable":true,"href":"https:\/\/ultimato.com.br\/sites\/jovem\/wp-json\/wp\/v2\/comments?post=2482"}],"version-history":[{"count":4,"href":"https:\/\/ultimato.com.br\/sites\/jovem\/wp-json\/wp\/v2\/posts\/2482\/revisions"}],"predecessor-version":[{"id":2488,"href":"https:\/\/ultimato.com.br\/sites\/jovem\/wp-json\/wp\/v2\/posts\/2482\/revisions\/2488"}],"wp:attachment":[{"href":"https:\/\/ultimato.com.br\/sites\/jovem\/wp-json\/wp\/v2\/media?parent=2482"}],"wp:term":[{"taxonomy":"category","embeddable":true,"href":"https:\/\/ultimato.com.br\/sites\/jovem\/wp-json\/wp\/v2\/categories?post=2482"},{"taxonomy":"post_tag","embeddable":true,"href":"https:\/\/ultimato.com.br\/sites\/jovem\/wp-json\/wp\/v2\/tags?post=2482"}],"curies":[{"name":"wp","href":"https:\/\/api.w.org\/{rel}","templated":true}]}}