{"id":2470,"date":"2013-01-25T07:37:16","date_gmt":"2013-01-25T10:37:16","guid":{"rendered":"http:\/\/ultimato.com.br\/sites\/jovem\/?p=2470"},"modified":"2013-01-25T07:38:40","modified_gmt":"2013-01-25T10:38:40","slug":"jovens-terao-mais-poder-em-2030-com-as-redes-sociais","status":"publish","type":"post","link":"https:\/\/ultimato.com.br\/sites\/jovem\/2013\/01\/25\/jovens-terao-mais-poder-em-2030-com-as-redes-sociais\/","title":{"rendered":"Jovens ter\u00e3o mais poder em 2030 com as redes sociais"},"content":{"rendered":"<p><a href=\"http:\/\/ultimato.com.br\/sites\/jovem\/files\/2013\/01\/redes_sociais.jpg\" class=\"lightview\" data-lightview-group=\"group-2470\" data-lightview-options=\"skin: 'dark', controls: 'relative', padding: '10', shadow: { color: '#000000', opacity: 0.08, blur: 3 }\" data-lightview-title=\"redes_sociais\"><img loading=\"lazy\" decoding=\"async\" class=\"alignleft size-medium wp-image-2471\" title=\"redes_sociais\" src=\"http:\/\/ultimato.com.br\/sites\/jovem\/files\/2013\/01\/redes_sociais-300x224.jpg\" alt=\"\" width=\"300\" height=\"224\" srcset=\"https:\/\/ultimato.com.br\/sites\/jovem\/files\/2013\/01\/redes_sociais-300x224.jpg 300w, https:\/\/ultimato.com.br\/sites\/jovem\/files\/2013\/01\/redes_sociais-150x112.jpg 150w, https:\/\/ultimato.com.br\/sites\/jovem\/files\/2013\/01\/redes_sociais.jpg 500w\" sizes=\"auto, (max-width: 300px) 100vw, 300px\" \/><\/a>(Blog <a href=\"http:\/\/colunaesplanada.blogosfera.uol.com.br\/2013\/01\/21\/cia-com-redes-sociais-jovens-terao-mais-poder-em-2030\/\" target=\"_blank\">Coluna Esplanada<\/a>) Divulgado na \u00edntegra para poucos em dezembro, o relat\u00f3rio de tend\u00eancias globais do <em>National Intelligence Council<\/em> (NIC), setor de estudos estrat\u00e9gicos da CIA, indica que o mundo ser\u00e1 composto em sua maioria pela Classe M\u00e9dia em 2030, com f\u00e1cil acesso a bens de consumo dur\u00e1veis.<\/p>\n<p>O cen\u00e1rio vai ao encontro da pol\u00edtica s\u00f3cio-econ\u00f4mica do atual governo e animou autoridades brasileiras \u2013 entre eles ministros e embaixadores \u2013 que leem o relat\u00f3rio de cerca de 200 p\u00e1ginas.<\/p>\n<p>Da avalia\u00e7\u00e3o de um membro do alto escal\u00e3o do governo Dilma para a coluna, depreende-se que o mundo em 2030 n\u00e3o ser\u00e1 de caos como previsto em filmes hollywoodianos, por\u00e9m predominar\u00e1 ainda o capitalismo selvagem, o poder b\u00e9lico como fator de persuas\u00e3o, mas para o bem a internet ser\u00e1 a arma popular. Confira alguns cen\u00e1rios:<\/p>\n<ul>\n<li>Jovens ter\u00e3o mais espa\u00e7o no poder e economia por causa da ascens\u00e3o das redes sociais.<\/li>\n<\/ul>\n<ul>\n<li>N\u00e3o haver\u00e1 uma terceira guerra mundial, mas o poder b\u00e9lico ser\u00e1 mais gen\u00e9rico, o at\u00f4mico menos abrangente, e a tecnologia permitir\u00e1 a constru\u00e7\u00e3o de artefatos com alcance cir\u00fargico.<\/li>\n<\/ul>\n<ul>\n<li>Pa\u00edses de popula\u00e7\u00e3o velha v\u00e3o decair socialmente e economicamente. Especialmente grande parte da Europa.<\/li>\n<\/ul>\n<ul>\n<li>A constru\u00e7\u00e3o civil nas metr\u00f3poles seguir\u00e1 uma linha mista de home-office. Milhares de torres de escrit\u00f3rios e resid\u00eancias ser\u00e3o erguidos daqui a \u00a02030. E o mais assustador, na vis\u00e3o do NIC: na propor\u00e7\u00e3o do que foi constru\u00eddo no mundo desde o Antigo Egito at\u00e9 hoje, para suprir a demanda populacional e o novo estilo de vida.<\/li>\n<\/ul>\n<ul>\n<li>Os Estados Unidos v\u00e3o perder sua hegemonia para a China em todos os setores, preveem os pr\u00f3prios americanos. Isso foi revelado na divulga\u00e7\u00e3o do relat\u00f3rio em dezembro. A outra novidade \u00e9 que a renda per capita no pa\u00eds asi\u00e1tico subir\u00e1 para US$ 15 mil. Atualmente, \u00e9 um ter\u00e7o disso.<\/li>\n<\/ul>\n<p><!--more--><\/p>\n<p>____________________<\/p>\n<p>Texto de\u00a0<a title=\"Posts de Leandro Mazzini\" href=\"http:\/\/colunaesplanada.blogosfera.uol.com.br\/author\/leandromazzini\/\" rel=\"author\">Leandro Mazzini<\/a>, publicado no blog &#8220;Coluna Esplanada&#8221;.<\/p>\n","protected":false},"excerpt":{"rendered":"<p>(Blog Coluna Esplanada) Divulgado na \u00edntegra para poucos em dezembro, o relat\u00f3rio de tend\u00eancias globais do National Intelligence Council (NIC), setor de estudos estrat\u00e9gicos da CIA, indica que o mundo ser\u00e1 composto em sua maioria pela Classe M\u00e9dia em 2030, com f\u00e1cil acesso a bens de consumo dur\u00e1veis. O cen\u00e1rio vai ao encontro da pol\u00edtica [&hellip;]<\/p>\n","protected":false},"author":19,"featured_media":0,"comment_status":"open","ping_status":"open","sticky":false,"template":"","format":"standard","meta":{"ngg_post_thumbnail":0,"footnotes":""},"categories":[7],"tags":[],"class_list":["post-2470","post","type-post","status-publish","format-standard","hentry","category-noticias"],"_links":{"self":[{"href":"https:\/\/ultimato.com.br\/sites\/jovem\/wp-json\/wp\/v2\/posts\/2470","targetHints":{"allow":["GET"]}}],"collection":[{"href":"https:\/\/ultimato.com.br\/sites\/jovem\/wp-json\/wp\/v2\/posts"}],"about":[{"href":"https:\/\/ultimato.com.br\/sites\/jovem\/wp-json\/wp\/v2\/types\/post"}],"author":[{"embeddable":true,"href":"https:\/\/ultimato.com.br\/sites\/jovem\/wp-json\/wp\/v2\/users\/19"}],"replies":[{"embeddable":true,"href":"https:\/\/ultimato.com.br\/sites\/jovem\/wp-json\/wp\/v2\/comments?post=2470"}],"version-history":[{"count":4,"href":"https:\/\/ultimato.com.br\/sites\/jovem\/wp-json\/wp\/v2\/posts\/2470\/revisions"}],"predecessor-version":[{"id":2474,"href":"https:\/\/ultimato.com.br\/sites\/jovem\/wp-json\/wp\/v2\/posts\/2470\/revisions\/2474"}],"wp:attachment":[{"href":"https:\/\/ultimato.com.br\/sites\/jovem\/wp-json\/wp\/v2\/media?parent=2470"}],"wp:term":[{"taxonomy":"category","embeddable":true,"href":"https:\/\/ultimato.com.br\/sites\/jovem\/wp-json\/wp\/v2\/categories?post=2470"},{"taxonomy":"post_tag","embeddable":true,"href":"https:\/\/ultimato.com.br\/sites\/jovem\/wp-json\/wp\/v2\/tags?post=2470"}],"curies":[{"name":"wp","href":"https:\/\/api.w.org\/{rel}","templated":true}]}}