{"id":2463,"date":"2013-01-22T19:07:27","date_gmt":"2013-01-22T22:07:27","guid":{"rendered":"http:\/\/ultimato.com.br\/sites\/jovem\/?p=2463"},"modified":"2013-01-22T19:09:45","modified_gmt":"2013-01-22T22:09:45","slug":"um-breve-relato-sobre-o-urbana-12","status":"publish","type":"post","link":"https:\/\/ultimato.com.br\/sites\/jovem\/2013\/01\/22\/um-breve-relato-sobre-o-urbana-12\/","title":{"rendered":"Um breve relato sobre o &#8220;Urbana 12&#8221;"},"content":{"rendered":"<p><em>Por Mariane Lin<\/em><\/p>\n<p style=\"text-align: justify;\"><strong><\/strong>Entre os dias 27 e 31 de dezembro de 2012, aconteceu na cidade de <em>St. Louis<\/em>, nos Estados Unidos, a 23\u00aa edi\u00e7\u00e3o do <strong>Congresso para Miss\u00f5es Estudantis<\/strong>, ou <strong>Urbana 12<\/strong>, realizado pela <em>InterVarsity\/EUA<\/em>, <em>Inter-Varsity Canad\u00e1<\/em> e pelo <em>Groupes Bibliques Universitaires et Coll\u00e9giaux du Canada<\/em> (Grupos B\u00edblicos Universit\u00e1rios e de Colleges do Canad\u00e1), ramos da CIEE (Comunidade Internacional de Estudantes Evang\u00e9licos) nos Estados Unidos e Canad\u00e1.<\/p>\n<p style=\"text-align: justify;\">Quando recebi o convite, no in\u00edcio de 2012, tudo o que eu sabia sobre o \u201cUrbana 12\u201d era que se tratava de um congresso da <em>InterVarsity<\/em>, grupo equivalente \u00e0 ABUB nos Estados Unidos. N\u00e3o conhecia a hist\u00f3ria e nem ao menos o foco mission\u00e1rio. Decidi ir porque desejava uma experi\u00eancia diferenciada: participar de um congresso da <em>InterVarsity<\/em> e tra\u00e7ar um paralelo com rela\u00e7\u00e3o aos eventos para estudantes crist\u00e3os no Brasil. Movida pela curiosidade, abri m\u00e3o de retornar ao Brasil mais cedo, ap\u00f3s um ano de interc\u00e2mbio, para me juntar a outras 16 mil pessoas em <em>St. Louis<\/em>.<\/p>\n<p><a href=\"http:\/\/ultimato.com.br\/sites\/jovem\/files\/2013\/01\/urbana12.jpg\" class=\"lightview\" data-lightview-group=\"group-2463\" data-lightview-options=\"skin: 'dark', controls: 'relative', padding: '10', shadow: { color: '#000000', opacity: 0.08, blur: 3 }\" data-lightview-title=\"urbana12\"><img loading=\"lazy\" decoding=\"async\" class=\"aligncenter size-full wp-image-2464\" title=\"urbana12\" src=\"http:\/\/ultimato.com.br\/sites\/jovem\/files\/2013\/01\/urbana12.jpg\" alt=\"\" width=\"448\" height=\"298\" srcset=\"https:\/\/ultimato.com.br\/sites\/jovem\/files\/2013\/01\/urbana12.jpg 448w, https:\/\/ultimato.com.br\/sites\/jovem\/files\/2013\/01\/urbana12-300x199.jpg 300w, https:\/\/ultimato.com.br\/sites\/jovem\/files\/2013\/01\/urbana12-150x99.jpg 150w\" sizes=\"auto, (max-width: 448px) 100vw, 448px\" \/><\/a><\/p>\n<div id=\"attachment_2465\" style=\"width: 458px\" class=\"wp-caption aligncenter\"><a href=\"http:\/\/ultimato.com.br\/sites\/jovem\/files\/2013\/01\/DSC_0271.jpg\" class=\"lightview\" data-lightview-group=\"group-2463\" data-lightview-options=\"skin: 'dark', controls: 'relative', padding: '10', shadow: { color: '#000000', opacity: 0.08, blur: 3 }\" data-lightview-title=\"DSC_0271\"><img loading=\"lazy\" decoding=\"async\" aria-describedby=\"caption-attachment-2465\" class=\"size-full wp-image-2465\" title=\"DSC_0271\" src=\"http:\/\/ultimato.com.br\/sites\/jovem\/files\/2013\/01\/DSC_0271.jpg\" alt=\"\" width=\"448\" height=\"298\" srcset=\"https:\/\/ultimato.com.br\/sites\/jovem\/files\/2013\/01\/DSC_0271.jpg 448w, https:\/\/ultimato.com.br\/sites\/jovem\/files\/2013\/01\/DSC_0271-300x199.jpg 300w, https:\/\/ultimato.com.br\/sites\/jovem\/files\/2013\/01\/DSC_0271-150x99.jpg 150w\" sizes=\"auto, (max-width: 448px) 100vw, 448px\" \/><\/a><p id=\"caption-attachment-2465\" class=\"wp-caption-text\">Imagens tiradas durante o &#8220;Urbana 12&#8221;<\/p><\/div>\n<p><!--more--><\/p>\n<p style=\"text-align: justify;\">Durante os meses que antecederam o congresso, fui surpreendida pela organiza\u00e7\u00e3o e pela estrutura do evento. No entanto, s\u00f3 quando cheguei ao <em>America\u2019s Center<\/em> que me dei conta das reais dimens\u00f5es do \u201cUrbana 12\u201d. O enorme centro de conven\u00e7\u00f5es estava repleto de rostos jovens, centenas de grupos sorridentes conversando animadamente, filas para registrar, estandes de informa\u00e7\u00e3o, volunt\u00e1rios uniformizados prontos para responder a qualquer pergunta. Entrar na arena <em>Edward Jones<\/em> para a primeira sess\u00e3o geral foi emocionante: as imensas fileiras de assentos lotadas, as luzes, o vai e vem de pessoas. Olhar \u00e0 minha volta durante o culto e observar a multid\u00e3o foi ainda melhor: pessoas com diferentes hist\u00f3rias, etnias e origens cantando louvores ao Rei dos reis a uma s\u00f3 voz em ingl\u00eas, espanhol, franc\u00eas e chin\u00eas:<\/p>\n<h4 style=\"text-align: center;\"><span style=\"color: #0000ff;\">\u201cSanto, Santo, Santo <\/span><br \/>\n<span style=\"color: #0000ff;\">\u00c9 o Senhor Deus Todo-Poderoso<\/span><br \/>\n<span style=\"color: #0000ff;\">Que era, \u00e9 e h\u00e1 de vir\u201d<\/span><\/h4>\n<p style=\"text-align: justify;\">No \u201cUrbana 12\u201d, fomos convidados a participar de um banquete: entoar can\u00e7\u00f5es de louvor a Deus, ouvir testemunhos sobre o agir do Pai na vida de estudantes e mission\u00e1rios, assistir a apresenta\u00e7\u00f5es de dan\u00e7a e teatro, ouvir exposi\u00e7\u00f5es b\u00edblicas sobre os ensinamentos de Jesus como narrados por Lucas, participar de estudos b\u00edblicos indutivos, compartilhar com nossos colegas de quarto, assistir a semin\u00e1rios, trocar experi\u00eancias com outras pessoas.<\/p>\n<p style=\"text-align: justify;\">Recebemos um outro convite, ainda mais importante: um chamado do Pai para am\u00e1-lo de todo o nosso cora\u00e7\u00e3o, de toda a nossa alma, de toda a nossa for\u00e7a, para servi-lo com tudo o que somos e tudo que Ele nos deu, para fazer o nome dEle conhecido, anunciando o Evangelho at\u00e9 os confins da terra. Apresentamo-nos diante do Senhor para servi-lo assim como somos, com nossas imperfei\u00e7\u00f5es, falhas e fraquezas, mas tamb\u00e9m com os talentos que Ele nos deu. Fomos convidados para fazer n\u00e3o aquilo que outros podem e ir\u00e3o fazer, mas sim aquilo que outros n\u00e3o podem e n\u00e3o ir\u00e3o fazer.<\/p>\n<p>____________________<\/p>\n<p><strong>Mariane Lin<\/strong> esteve no congresso &#8220;Urbana 12&#8221; e escreveu este texto como colaboradora volunt\u00e1ria do blog Ultimato Jovem<\/p>\n","protected":false},"excerpt":{"rendered":"<p>Por Mariane Lin Entre os dias 27 e 31 de dezembro de 2012, aconteceu na cidade de St. Louis, nos Estados Unidos, a 23\u00aa edi\u00e7\u00e3o do Congresso para Miss\u00f5es Estudantis, ou Urbana 12, realizado pela InterVarsity\/EUA, Inter-Varsity Canad\u00e1 e pelo Groupes Bibliques Universitaires et Coll\u00e9giaux du Canada (Grupos B\u00edblicos Universit\u00e1rios e de Colleges do Canad\u00e1), [&hellip;]<\/p>\n","protected":false},"author":19,"featured_media":0,"comment_status":"open","ping_status":"open","sticky":false,"template":"","format":"standard","meta":{"ngg_post_thumbnail":0,"footnotes":""},"categories":[6093],"tags":[],"class_list":["post-2463","post","type-post","status-publish","format-standard","hentry","category-viagens"],"_links":{"self":[{"href":"https:\/\/ultimato.com.br\/sites\/jovem\/wp-json\/wp\/v2\/posts\/2463","targetHints":{"allow":["GET"]}}],"collection":[{"href":"https:\/\/ultimato.com.br\/sites\/jovem\/wp-json\/wp\/v2\/posts"}],"about":[{"href":"https:\/\/ultimato.com.br\/sites\/jovem\/wp-json\/wp\/v2\/types\/post"}],"author":[{"embeddable":true,"href":"https:\/\/ultimato.com.br\/sites\/jovem\/wp-json\/wp\/v2\/users\/19"}],"replies":[{"embeddable":true,"href":"https:\/\/ultimato.com.br\/sites\/jovem\/wp-json\/wp\/v2\/comments?post=2463"}],"version-history":[{"count":4,"href":"https:\/\/ultimato.com.br\/sites\/jovem\/wp-json\/wp\/v2\/posts\/2463\/revisions"}],"predecessor-version":[{"id":2467,"href":"https:\/\/ultimato.com.br\/sites\/jovem\/wp-json\/wp\/v2\/posts\/2463\/revisions\/2467"}],"wp:attachment":[{"href":"https:\/\/ultimato.com.br\/sites\/jovem\/wp-json\/wp\/v2\/media?parent=2463"}],"wp:term":[{"taxonomy":"category","embeddable":true,"href":"https:\/\/ultimato.com.br\/sites\/jovem\/wp-json\/wp\/v2\/categories?post=2463"},{"taxonomy":"post_tag","embeddable":true,"href":"https:\/\/ultimato.com.br\/sites\/jovem\/wp-json\/wp\/v2\/tags?post=2463"}],"curies":[{"name":"wp","href":"https:\/\/api.w.org\/{rel}","templated":true}]}}