{"id":2450,"date":"2013-01-21T07:57:33","date_gmt":"2013-01-21T10:57:33","guid":{"rendered":"http:\/\/ultimato.com.br\/sites\/jovem\/?p=2450"},"modified":"2013-01-21T07:57:33","modified_gmt":"2013-01-21T10:57:33","slug":"a-ruina-que-se-acha-casa-e-pensa-ser-luz","status":"publish","type":"post","link":"https:\/\/ultimato.com.br\/sites\/jovem\/2013\/01\/21\/a-ruina-que-se-acha-casa-e-pensa-ser-luz\/","title":{"rendered":"A ru\u00edna que se acha &#8220;casa&#8221; e pensa ser luz"},"content":{"rendered":"<p><a href=\"http:\/\/ultimato.com.br\/sites\/jovem\/files\/2013\/01\/629839_asturias1.jpg\" class=\"lightview\" data-lightview-group=\"group-2450\" data-lightview-options=\"skin: 'dark', controls: 'relative', padding: '10', shadow: { color: '#000000', opacity: 0.08, blur: 3 }\" data-lightview-title=\"629839_asturias\"><img loading=\"lazy\" decoding=\"async\" class=\" wp-image-2453 alignleft\" title=\"629839_asturias\" src=\"http:\/\/ultimato.com.br\/sites\/jovem\/files\/2013\/01\/629839_asturias1.jpg\" alt=\"\" width=\"242\" height=\"318\" srcset=\"https:\/\/ultimato.com.br\/sites\/jovem\/files\/2013\/01\/629839_asturias1.jpg 336w, https:\/\/ultimato.com.br\/sites\/jovem\/files\/2013\/01\/629839_asturias1-228x300.jpg 228w, https:\/\/ultimato.com.br\/sites\/jovem\/files\/2013\/01\/629839_asturias1-114x150.jpg 114w\" sizes=\"auto, (max-width: 242px) 100vw, 242px\" \/><\/a><\/p>\n<p><em>Por Antognoni Misael<\/em><\/p>\n<p>Uma m\u00fasica muito tocada nos ajuntamentos comunit\u00e1rios \u00e9 a can\u00e7\u00e3o\u00a0<a href=\"https:\/\/www.youtube.com\/watch?v=0p3868aE_qs\" target=\"_blank\">\u201cCasa\u201d<\/a>, da banda Palavrantiga. Ela diz que somos \u201ccasa, lugar de Deus\u201d, tamb\u00e9m diz que \u201cestamos em obra\u201d e que s\u00f3 um dia alcan\u00e7aremos a perfei\u00e7\u00e3o.<\/p>\n<p>\u00c9 bem verdade que jamais seremos perfeitos nesse mundo. Somos obra inacabada e que, apesar de refeita por Deus, ainda precisa de reparos e cuidados diariamente. Entretanto, na condi\u00e7\u00e3o de \u201cnascidos de novo\u201d, creio que h\u00e1 mudan\u00e7as indispens\u00e1veis que, de fato, determinam quem somos: se somos luz, ou trevas, casa ou uma velha ru\u00edna. Afinal, que sentido faz sermos uma casa sem ilumina\u00e7\u00e3o?<\/p>\n<p>Acontece que muitos, mas muitos mesmo, que se dizem filhos de Deus, nascidos de novo, ra\u00e7a eleita, portadores do Esp\u00edrito Santo, luz do mundo, ainda n\u00e3o compreenderam coisas t\u00e3o simples que dispensam qualquer estudo teol\u00f3gico recheado de exegese, hermen\u00eautica ou algo do tipo. Para ser luz, n\u00e3o precisa de tanta conjectura. Veja s\u00f3:<\/p>\n<blockquote><p>Cristo disse: Os olhos s\u00e3o a candeia do corpo. Se os seus olhos forem bons, todo o seu corpo ser\u00e1 cheio de luz. Mas se os seus olhos forem maus, todo o seu corpo ser\u00e1 cheio de trevas\u201d [Mt 6.22-2].<\/p><\/blockquote>\n<p>Pessoal, n\u00e3o duvido que seja raro encontrar gente cheia de trevas achando ser luz.<\/p>\n<p><!--more--><\/p>\n<p>Lamento por perceber uma multid\u00e3o de s\u00faditos que se dizem entendedores da Gra\u00e7a de Deus, que se esmeram no estudo b\u00edblico para exibirem seus dotes teol\u00f3gicos, que fazem fronte ao evangelho equivocado, mas que, infelizmente, no teste do cotidiano, se mostram pessoas de dif\u00edcil conviv\u00eancia, que destilam seu veneno de prepot\u00eancia, intoler\u00e2ncia, que fazem de seus \u00e1libis a deten\u00e7\u00e3o de uma verdade discursiva, apenas. Gente que n\u00e3o sabe diferenciar ideias de pessoas, diverg\u00eancias de conviv\u00eancia. Gente que s\u00f3 no olhar n\u00e3o transmite um pingo de paz, amor e gra\u00e7a.<\/p>\n<p>Este tal \u201ccrist\u00e3o\u201d \u00e9 aquele tipo de \u201ccasa\u201d que tem como manuten\u00e7\u00e3o de si as desgra\u00e7as alheias. \u00c9 gente que geralmente vibra diante das fraquezas do pr\u00f3ximo e justifica seus deslizes nas falhas de outros que chama de irm\u00e3os. Gente que se faz de forte, mas na hora do \u201cvamo ver\u201d abandona a cruz. Este \u00e9 o tipo de \u201ccasa\u201d que sabe que vive em um local de esgoto, mas se imagina em um jardim perfumado.<\/p>\n<p>Fico triste em notar que esse tipo de gente traz em si a \u201cmarca da lei\u201d, que \u00e9 um ex\u00edmio observador, mas, infelizmente, torna-se um amplificador de erros. \u00c9 o portador do semblante reprovador, condenador.<\/p>\n<p>Agora, o mais lament\u00e1vel \u00e9 que, neste texto, n\u00e3o me refiro \u00e0queles falsos mestres, que tanto alertamos e combatemos. Refiro-me \u00e0s pessoas que por fora s\u00e3o at\u00e9 apresent\u00e1veis \u201ccrist\u00e3os\u201d, mas que no conjunto da obra, ainda s\u00e3o uma \u2018ru\u00edna velha\u2019 que necessita de uma grande reforma. O que falta ent\u00e3o? Simples. Novas janelas para casa e uma boa ilumina\u00e7\u00e3o.<\/p>\n<p>____________________<\/p>\n<p><strong>Antognoni Misael<\/strong>\u00a0\u00e9 professor de m\u00fasica (UFPB) , historiador (UEPB), membro da Igreja Presbiteriana do Brasil (Guarabira-PB) e escreve no blog \u201c<a href=\"http:\/\/www.artedechocar.com\/\" target=\"_blank\">arte de chocar<\/a>\u201c. Texto originalmente publicado no blog do autor. Direitos reservados. Reprodu\u00e7\u00e3o autorizada.<\/p>\n","protected":false},"excerpt":{"rendered":"<p>Por Antognoni Misael Uma m\u00fasica muito tocada nos ajuntamentos comunit\u00e1rios \u00e9 a can\u00e7\u00e3o\u00a0\u201cCasa\u201d, da banda Palavrantiga. Ela diz que somos \u201ccasa, lugar de Deus\u201d, tamb\u00e9m diz que \u201cestamos em obra\u201d e que s\u00f3 um dia alcan\u00e7aremos a perfei\u00e7\u00e3o. \u00c9 bem verdade que jamais seremos perfeitos nesse mundo. Somos obra inacabada e que, apesar de refeita [&hellip;]<\/p>\n","protected":false},"author":19,"featured_media":0,"comment_status":"open","ping_status":"open","sticky":false,"template":"","format":"standard","meta":{"ngg_post_thumbnail":0,"footnotes":""},"categories":[6054],"tags":[],"class_list":["post-2450","post","type-post","status-publish","format-standard","hentry","category-textos"],"_links":{"self":[{"href":"https:\/\/ultimato.com.br\/sites\/jovem\/wp-json\/wp\/v2\/posts\/2450","targetHints":{"allow":["GET"]}}],"collection":[{"href":"https:\/\/ultimato.com.br\/sites\/jovem\/wp-json\/wp\/v2\/posts"}],"about":[{"href":"https:\/\/ultimato.com.br\/sites\/jovem\/wp-json\/wp\/v2\/types\/post"}],"author":[{"embeddable":true,"href":"https:\/\/ultimato.com.br\/sites\/jovem\/wp-json\/wp\/v2\/users\/19"}],"replies":[{"embeddable":true,"href":"https:\/\/ultimato.com.br\/sites\/jovem\/wp-json\/wp\/v2\/comments?post=2450"}],"version-history":[{"count":9,"href":"https:\/\/ultimato.com.br\/sites\/jovem\/wp-json\/wp\/v2\/posts\/2450\/revisions"}],"predecessor-version":[{"id":2461,"href":"https:\/\/ultimato.com.br\/sites\/jovem\/wp-json\/wp\/v2\/posts\/2450\/revisions\/2461"}],"wp:attachment":[{"href":"https:\/\/ultimato.com.br\/sites\/jovem\/wp-json\/wp\/v2\/media?parent=2450"}],"wp:term":[{"taxonomy":"category","embeddable":true,"href":"https:\/\/ultimato.com.br\/sites\/jovem\/wp-json\/wp\/v2\/categories?post=2450"},{"taxonomy":"post_tag","embeddable":true,"href":"https:\/\/ultimato.com.br\/sites\/jovem\/wp-json\/wp\/v2\/tags?post=2450"}],"curies":[{"name":"wp","href":"https:\/\/api.w.org\/{rel}","templated":true}]}}