{"id":2436,"date":"2013-01-15T20:24:28","date_gmt":"2013-01-15T23:24:28","guid":{"rendered":"http:\/\/ultimato.com.br\/sites\/jovem\/?p=2436"},"modified":"2013-01-15T20:31:16","modified_gmt":"2013-01-15T23:31:16","slug":"deus-me-livre-de-igreja","status":"publish","type":"post","link":"https:\/\/ultimato.com.br\/sites\/jovem\/2013\/01\/15\/deus-me-livre-de-igreja\/","title":{"rendered":"Deus me livre de igreja!?"},"content":{"rendered":"<p><em>Por Alan Correa<\/em><\/p>\n<p><a href=\"http:\/\/ultimato.com.br\/sites\/jovem\/files\/2013\/01\/704765_office_life1.jpg\" class=\"lightview\" data-lightview-group=\"group-2436\" data-lightview-options=\"skin: 'dark', controls: 'relative', padding: '10', shadow: { color: '#000000', opacity: 0.08, blur: 3 }\" data-lightview-title=\"704765_office_life\"><img loading=\"lazy\" decoding=\"async\" class=\"alignleft size-full wp-image-2442\" title=\"704765_office_life\" src=\"http:\/\/ultimato.com.br\/sites\/jovem\/files\/2013\/01\/704765_office_life1.jpg\" alt=\"\" width=\"225\" height=\"300\" srcset=\"https:\/\/ultimato.com.br\/sites\/jovem\/files\/2013\/01\/704765_office_life1.jpg 225w, https:\/\/ultimato.com.br\/sites\/jovem\/files\/2013\/01\/704765_office_life1-112x150.jpg 112w\" sizes=\"auto, (max-width: 225px) 100vw, 225px\" \/><\/a>No in\u00edcio da hist\u00f3ria da igreja, havia uma supervaloriza\u00e7\u00e3o da institui\u00e7\u00e3o. S\u00e9culos depois, tudo mudou. Hoje, para muitos, pouco importa fazer parte de uma igreja. Estamos vivendo a \u00e9poca da \u201cdesconex\u00e3o institucional\u201d.<\/p>\n<p>Dia ap\u00f3s dia, mais pessoas saem da igreja sem pressa para regressar e, infelizmente, saem apenas com a passagem de ida, n\u00e3o pretendem retornar, preferem se esquecer do caminho de volta.<\/p>\n<p>As raz\u00f5es para tantos <a href=\"https:\/\/ssl5921.websiteseguro.com\/editorareflexao1\/Site.aspx\/Produto\/303-DISSIDENTES-DA-IGREJA?store=1\" target=\"_blank\">dissidentes da igreja<\/a> s\u00e3o diversas. A verdade \u00e9 que sempre haver\u00e1 motivos para manter uma dist\u00e2ncia segura da igreja. Mas, gra\u00e7as a Deus, as raz\u00f5es para permanecer s\u00e3o maiores e at\u00e9 inegoci\u00e1veis!<\/p>\n<p>Se fizermos uma avalia\u00e7\u00e3o livre de conceitos preestabelecidos vamos concordar que a igreja ainda \u00e9 um lugar bom de estar, apesar de tudo (e, principalmente, apesar de mim). Como disse o escritor Bruce Shelley, \u201ca Igreja \u00e9 como a arca de No\u00e9: se n\u00e3o fosse a tempestade l\u00e1 fora, n\u00e3o seria poss\u00edvel suportar o cheiro dentro dela\u201d.<\/p>\n<p><!--more--><\/p>\n<p>Assim \u00e9 a igreja vis\u00edvel na terra, imperfeita, um canteiro de obras da igreja invis\u00edvel no c\u00e9u. E vai continuar assim enquanto formos membros dela.\u00a0Mas, acima de tudo, \u00e9 tamb\u00e9m um lugar estabelecido por Deus para unir gente de todos os tipos em uma s\u00f3 f\u00e9, para seu louvor e manifesta\u00e7\u00e3o da sua gra\u00e7a.<\/p>\n<p>Uma vez me perguntaram se a igreja n\u00e3o era uma institui\u00e7\u00e3o falida. Eu respondi que n\u00e3o acreditava que um projeto de Deus poderia ter declarado fal\u00eancia. A igreja que estava em Corinto, todos sabem, era uma igreja complicada, cheia de pecado e doentes, mas Paulo, quando escreve para ela, a chama de Igreja de Deus [<a href=\"http:\/\/www.bibliaonline.com.br\/acf\/1co\/1\/2+\" target=\"_blank\">1Co 1.2<\/a>]. Apesar das inflama\u00e7\u00f5es, sem d\u00favida era um projeto que pertencia a Deus.<\/p>\n<p>Que possamos nos livrar de toda\u00a0\u201cgeneraliza\u00e7\u00e3o\u201d ao afirmar que todas as igrejas s\u00e3o iguais, e aceitar que existem igrejas s\u00e9rias. Estas podem e muito nos ajudar na caminhada crist\u00e3, em dire\u00e7\u00e3o a p\u00e1tria al\u00e9m.<\/p>\n<p>____________________<\/p>\n<p><strong>Alan C\u00e9sar Corr\u00eaa<\/strong>, 31 anos, cursando 4\u00b0 ano de bacharel em teologia.<\/p>\n","protected":false},"excerpt":{"rendered":"<p>Por Alan Correa No in\u00edcio da hist\u00f3ria da igreja, havia uma supervaloriza\u00e7\u00e3o da institui\u00e7\u00e3o. S\u00e9culos depois, tudo mudou. Hoje, para muitos, pouco importa fazer parte de uma igreja. Estamos vivendo a \u00e9poca da \u201cdesconex\u00e3o institucional\u201d. Dia ap\u00f3s dia, mais pessoas saem da igreja sem pressa para regressar e, infelizmente, saem apenas com a passagem de [&hellip;]<\/p>\n","protected":false},"author":19,"featured_media":0,"comment_status":"open","ping_status":"open","sticky":false,"template":"","format":"standard","meta":{"ngg_post_thumbnail":0,"footnotes":""},"categories":[6054],"tags":[],"class_list":["post-2436","post","type-post","status-publish","format-standard","hentry","category-textos"],"_links":{"self":[{"href":"https:\/\/ultimato.com.br\/sites\/jovem\/wp-json\/wp\/v2\/posts\/2436","targetHints":{"allow":["GET"]}}],"collection":[{"href":"https:\/\/ultimato.com.br\/sites\/jovem\/wp-json\/wp\/v2\/posts"}],"about":[{"href":"https:\/\/ultimato.com.br\/sites\/jovem\/wp-json\/wp\/v2\/types\/post"}],"author":[{"embeddable":true,"href":"https:\/\/ultimato.com.br\/sites\/jovem\/wp-json\/wp\/v2\/users\/19"}],"replies":[{"embeddable":true,"href":"https:\/\/ultimato.com.br\/sites\/jovem\/wp-json\/wp\/v2\/comments?post=2436"}],"version-history":[{"count":5,"href":"https:\/\/ultimato.com.br\/sites\/jovem\/wp-json\/wp\/v2\/posts\/2436\/revisions"}],"predecessor-version":[{"id":2441,"href":"https:\/\/ultimato.com.br\/sites\/jovem\/wp-json\/wp\/v2\/posts\/2436\/revisions\/2441"}],"wp:attachment":[{"href":"https:\/\/ultimato.com.br\/sites\/jovem\/wp-json\/wp\/v2\/media?parent=2436"}],"wp:term":[{"taxonomy":"category","embeddable":true,"href":"https:\/\/ultimato.com.br\/sites\/jovem\/wp-json\/wp\/v2\/categories?post=2436"},{"taxonomy":"post_tag","embeddable":true,"href":"https:\/\/ultimato.com.br\/sites\/jovem\/wp-json\/wp\/v2\/tags?post=2436"}],"curies":[{"name":"wp","href":"https:\/\/api.w.org\/{rel}","templated":true}]}}