{"id":2423,"date":"2013-01-11T08:35:33","date_gmt":"2013-01-11T11:35:33","guid":{"rendered":"http:\/\/ultimato.com.br\/sites\/jovem\/?p=2423"},"modified":"2013-01-11T08:35:33","modified_gmt":"2013-01-11T11:35:33","slug":"muitas-felicidades-muitos-anos-de-vida","status":"publish","type":"post","link":"https:\/\/ultimato.com.br\/sites\/jovem\/2013\/01\/11\/muitas-felicidades-muitos-anos-de-vida\/","title":{"rendered":"Muitas felicidades! Muitos anos de vida&#8230;"},"content":{"rendered":"<p><a href=\"http:\/\/ultimato.com.br\/sites\/jovem\/files\/2013\/01\/Prat_03_01_12_grata_memoria.jpg\" class=\"lightview\" data-lightview-group=\"group-2423\" data-lightview-options=\"skin: 'dark', controls: 'relative', padding: '10', shadow: { color: '#000000', opacity: 0.08, blur: 3 }\" data-lightview-title=\"Prat_03_01_12_grata_memoria\"><img loading=\"lazy\" decoding=\"async\" class=\"alignleft size-medium wp-image-2424\" title=\"Prat_03_01_12_grata_memoria\" src=\"http:\/\/ultimato.com.br\/sites\/jovem\/files\/2013\/01\/Prat_03_01_12_grata_memoria-300x220.jpg\" alt=\"\" width=\"300\" height=\"220\" srcset=\"https:\/\/ultimato.com.br\/sites\/jovem\/files\/2013\/01\/Prat_03_01_12_grata_memoria-300x220.jpg 300w, https:\/\/ultimato.com.br\/sites\/jovem\/files\/2013\/01\/Prat_03_01_12_grata_memoria-150x110.jpg 150w, https:\/\/ultimato.com.br\/sites\/jovem\/files\/2013\/01\/Prat_03_01_12_grata_memoria.jpg 340w\" sizes=\"auto, (max-width: 300px) 100vw, 300px\" \/><\/a>No pr\u00f3ximo dia 13 celebramos 45 anos da <a href=\"http:\/\/www.ultimato.com.br\/loja\/quem-somos\" target=\"_blank\">primeira edi\u00e7\u00e3o<\/a> do ent\u00e3o jornal Ultimato (isso mesmo, era um jornal). O t\u00edtulo da mat\u00e9ria de capa era muito adequado: \u201cEnsina-nos a contar os nossos dias&#8230;\u201d. Desde l\u00e1, s\u00e3o 340 edi\u00e7\u00f5es em 45 anos de publica\u00e7\u00e3o ininterrupta. Todas as edi\u00e7\u00f5es, desde 1999, podem ser lidas gratuitamente em nosso portal.<\/p>\n<p><strong>Ultimato Jovem<\/strong> faz parte dessa hist\u00f3ria. O blog n\u00e3o \u00e9 nenhuma \u201ccrian\u00e7a\u201d, mas tamb\u00e9m n\u00e3o \u00e9 t\u00e3o velho assim. J\u00e1 a <strong>Altos Papos<\/strong> traz textos para o p\u00fablico jovem h\u00e1 cinco anos. Nas p\u00e1ginas da revista.<\/p>\n<p>Por esses e outros motivos, queremos comemorar juntos, com grata mem\u00f3ria e descontos especiais em nossos produtos. S\u00f3 em janeiro, a assinatura anual da revista custa 45 reais, enquanto que as cole\u00e7\u00f5es encadernadas podem ser compradas com at\u00e9 70% de desconto. Al\u00e9m disso, toda semana do m\u00eas (sempre \u00e0s quintas-feiras) oferecemos descontos de 25% em livros do nosso cat\u00e1logo.<\/p>\n<p>Se \u201censina-nos a contar os nossos dias\u201d foi a ora\u00e7\u00e3o em 1968, que os dias contados com dilig\u00eancia e f\u00e9 em Deus sejam hoje um memorial de gratid\u00e3o ao Senhor.<\/p>\n","protected":false},"excerpt":{"rendered":"<p>No pr\u00f3ximo dia 13 celebramos 45 anos da primeira edi\u00e7\u00e3o do ent\u00e3o jornal Ultimato (isso mesmo, era um jornal). O t\u00edtulo da mat\u00e9ria de capa era muito adequado: \u201cEnsina-nos a contar os nossos dias&#8230;\u201d. Desde l\u00e1, s\u00e3o 340 edi\u00e7\u00f5es em 45 anos de publica\u00e7\u00e3o ininterrupta. Todas as edi\u00e7\u00f5es, desde 1999, podem ser lidas gratuitamente em [&hellip;]<\/p>\n","protected":false},"author":19,"featured_media":0,"comment_status":"open","ping_status":"open","sticky":false,"template":"","format":"standard","meta":{"ngg_post_thumbnail":0,"footnotes":""},"categories":[10182],"tags":[],"class_list":["post-2423","post","type-post","status-publish","format-standard","hentry","category-boto-fe"],"_links":{"self":[{"href":"https:\/\/ultimato.com.br\/sites\/jovem\/wp-json\/wp\/v2\/posts\/2423","targetHints":{"allow":["GET"]}}],"collection":[{"href":"https:\/\/ultimato.com.br\/sites\/jovem\/wp-json\/wp\/v2\/posts"}],"about":[{"href":"https:\/\/ultimato.com.br\/sites\/jovem\/wp-json\/wp\/v2\/types\/post"}],"author":[{"embeddable":true,"href":"https:\/\/ultimato.com.br\/sites\/jovem\/wp-json\/wp\/v2\/users\/19"}],"replies":[{"embeddable":true,"href":"https:\/\/ultimato.com.br\/sites\/jovem\/wp-json\/wp\/v2\/comments?post=2423"}],"version-history":[{"count":2,"href":"https:\/\/ultimato.com.br\/sites\/jovem\/wp-json\/wp\/v2\/posts\/2423\/revisions"}],"predecessor-version":[{"id":2426,"href":"https:\/\/ultimato.com.br\/sites\/jovem\/wp-json\/wp\/v2\/posts\/2423\/revisions\/2426"}],"wp:attachment":[{"href":"https:\/\/ultimato.com.br\/sites\/jovem\/wp-json\/wp\/v2\/media?parent=2423"}],"wp:term":[{"taxonomy":"category","embeddable":true,"href":"https:\/\/ultimato.com.br\/sites\/jovem\/wp-json\/wp\/v2\/categories?post=2423"},{"taxonomy":"post_tag","embeddable":true,"href":"https:\/\/ultimato.com.br\/sites\/jovem\/wp-json\/wp\/v2\/tags?post=2423"}],"curies":[{"name":"wp","href":"https:\/\/api.w.org\/{rel}","templated":true}]}}