{"id":241,"date":"2010-11-04T15:25:27","date_gmt":"2010-11-04T18:25:27","guid":{"rendered":"http:\/\/ultimato.com.br\/sites\/jovem\/?p=241"},"modified":"2010-12-01T14:10:16","modified_gmt":"2010-12-01T17:10:16","slug":"privilegio-e-responsabilidade-lausanne-iii-na-visao-de-uma-jovem","status":"publish","type":"post","link":"https:\/\/ultimato.com.br\/sites\/jovem\/2010\/11\/04\/privilegio-e-responsabilidade-lausanne-iii-na-visao-de-uma-jovem\/","title":{"rendered":"Privil\u00e9gio e Responsabilidade"},"content":{"rendered":"<p style=\"text-align: center;\">\n<p><a href=\"http:\/\/ultimato.com.br\/sites\/jovem\/files\/2010\/11\/Lausanne-III.jpg\" class=\"lightview\" data-lightview-group=\"group-241\" data-lightview-options=\"skin: 'dark', controls: 'relative', padding: '10', shadow: { color: '#000000', opacity: 0.08, blur: 3 }\" data-lightview-title=\"_YAU1177.CR2\"><\/a><a href=\"http:\/\/ultimato.com.br\/sites\/jovem\/files\/2010\/11\/Lausanne-III2.jpg\" class=\"lightview\" data-lightview-group=\"group-241\" data-lightview-options=\"skin: 'dark', controls: 'relative', padding: '10', shadow: { color: '#000000', opacity: 0.08, blur: 3 }\"><img loading=\"lazy\" decoding=\"async\" class=\"aligncenter size-full wp-image-246\" title=\"_YAU1177.CR2\" src=\"http:\/\/ultimato.com.br\/sites\/jovem\/files\/2010\/11\/Lausanne-III2.jpg\" alt=\"\" width=\"320\" height=\"213\" srcset=\"https:\/\/ultimato.com.br\/sites\/jovem\/files\/2010\/11\/Lausanne-III2.jpg 320w, https:\/\/ultimato.com.br\/sites\/jovem\/files\/2010\/11\/Lausanne-III2-300x199.jpg 300w, https:\/\/ultimato.com.br\/sites\/jovem\/files\/2010\/11\/Lausanne-III2-150x99.jpg 150w\" sizes=\"auto, (max-width: 320px) 100vw, 320px\" \/><\/a>Desde o dia em que recebi o convite para Lausanne 3 duas palavras me acompanham: privil\u00e9gio e responsabilidade. Foi um privil\u00e9gio estar em Lausanne III, entre tantos irm\u00e3os reunidos, de diversos continentes. Foi como uma \u201cfoto\u201d do c\u00e9u, semelhante a que Jo\u00e3o visualizou na Ilha de Patmos.<!--more-->A troca de experi\u00eancias ao redor das mesas e nos corredores foi muito rica. Tudo isso traz uma grande responsabilidade de captar o m\u00e1ximo e transmitir aos que n\u00e3o puderam estar presentes e aos que est\u00e3o nos nossos contextos, batalhando em favor do Reino. Se tudo o que ouvirmos e aprendermos ficar apenas em nossas mentes, no plano das \u201cideias\u201d, n\u00e3o passar\u00e1 de mais um congresso entre tantos.<\/p>\n<p>Meu desejo \u00e9 que aquilo que Deus falou nesses dias n\u00e3o fique apenas dentro das paredes do Cape Town 2010, mas invada nossos contextos locais e produza muitos frutos para a gl\u00f3ria do Senhor.<\/p>\n<p>Entre os mais de 25% de participantes jovens em Lausanne III estava <em><strong>Maria Fernanda D. Clemente<\/strong><\/em> (30 anos) Mission\u00e1ria em Crato \u2013 CE\/ Igreja Luterana \u2013 Miss\u00e3o Zero, que escreveu este testemunho.<\/p>\n<p>Na foto: Christy Terrant (Estados Unidos) e Rebecca Anya (Nigeria) cantando durante uma das plen\u00e1rias.<\/p>\n","protected":false},"excerpt":{"rendered":"<p>Desde o dia em que recebi o convite para Lausanne 3 duas palavras me acompanham: privil\u00e9gio e responsabilidade. Foi um privil\u00e9gio estar em Lausanne III, entre tantos irm\u00e3os reunidos, de diversos continentes. Foi como uma \u201cfoto\u201d do c\u00e9u, semelhante a que Jo\u00e3o visualizou na Ilha de Patmos.<\/p>\n","protected":false},"author":19,"featured_media":0,"comment_status":"open","ping_status":"open","sticky":false,"template":"","format":"standard","meta":{"ngg_post_thumbnail":0,"footnotes":""},"categories":[6054,6093],"tags":[157,6392,104],"class_list":["post-241","post","type-post","status-publish","format-standard","hentry","category-textos","category-viagens","tag-juventude","tag-lausanne-3","tag-missao"],"_links":{"self":[{"href":"https:\/\/ultimato.com.br\/sites\/jovem\/wp-json\/wp\/v2\/posts\/241","targetHints":{"allow":["GET"]}}],"collection":[{"href":"https:\/\/ultimato.com.br\/sites\/jovem\/wp-json\/wp\/v2\/posts"}],"about":[{"href":"https:\/\/ultimato.com.br\/sites\/jovem\/wp-json\/wp\/v2\/types\/post"}],"author":[{"embeddable":true,"href":"https:\/\/ultimato.com.br\/sites\/jovem\/wp-json\/wp\/v2\/users\/19"}],"replies":[{"embeddable":true,"href":"https:\/\/ultimato.com.br\/sites\/jovem\/wp-json\/wp\/v2\/comments?post=241"}],"version-history":[{"count":8,"href":"https:\/\/ultimato.com.br\/sites\/jovem\/wp-json\/wp\/v2\/posts\/241\/revisions"}],"predecessor-version":[{"id":322,"href":"https:\/\/ultimato.com.br\/sites\/jovem\/wp-json\/wp\/v2\/posts\/241\/revisions\/322"}],"wp:attachment":[{"href":"https:\/\/ultimato.com.br\/sites\/jovem\/wp-json\/wp\/v2\/media?parent=241"}],"wp:term":[{"taxonomy":"category","embeddable":true,"href":"https:\/\/ultimato.com.br\/sites\/jovem\/wp-json\/wp\/v2\/categories?post=241"},{"taxonomy":"post_tag","embeddable":true,"href":"https:\/\/ultimato.com.br\/sites\/jovem\/wp-json\/wp\/v2\/tags?post=241"}],"curies":[{"name":"wp","href":"https:\/\/api.w.org\/{rel}","templated":true}]}}