{"id":2393,"date":"2013-01-04T08:46:26","date_gmt":"2013-01-04T11:46:26","guid":{"rendered":"http:\/\/ultimato.com.br\/sites\/jovem\/?p=2393"},"modified":"2013-01-04T08:47:34","modified_gmt":"2013-01-04T11:47:34","slug":"fabrica-de-chinelos","status":"publish","type":"post","link":"https:\/\/ultimato.com.br\/sites\/jovem\/2013\/01\/04\/fabrica-de-chinelos\/","title":{"rendered":"F\u00e1brica de chinelos"},"content":{"rendered":"<p><em>Por Marlon Teixeira<\/em><\/p>\n<p><a href=\"http:\/\/ultimato.com.br\/sites\/jovem\/files\/2013\/01\/288021_slippers.jpg\" class=\"lightview\" data-lightview-group=\"group-2393\" data-lightview-options=\"skin: 'dark', controls: 'relative', padding: '10', shadow: { color: '#000000', opacity: 0.08, blur: 3 }\" data-lightview-title=\"288021_slippers\"><img loading=\"lazy\" decoding=\"async\" class=\"alignleft size-full wp-image-2394\" title=\"288021_slippers\" src=\"http:\/\/ultimato.com.br\/sites\/jovem\/files\/2013\/01\/288021_slippers.jpg\" alt=\"\" width=\"300\" height=\"224\" srcset=\"https:\/\/ultimato.com.br\/sites\/jovem\/files\/2013\/01\/288021_slippers.jpg 300w, https:\/\/ultimato.com.br\/sites\/jovem\/files\/2013\/01\/288021_slippers-150x112.jpg 150w\" sizes=\"auto, (max-width: 300px) 100vw, 300px\" \/><\/a>\u00c9 contest\u00e1vel que o Evangelho transforma. A forma na qual somos criados e passamos a existir quando somos concebidos \u00e9 pautada em certo orgulho transcendente de vida. Sentimos, ap\u00f3s a consci\u00eancia da idade, uma presen\u00e7a interna de algo \u00fanico e intranspon\u00edvel: o \u201ceu\u201d. Esse sujeito identificado e desenvolvido passa a gerar soberbas autoestimas em n\u00f3s, o que nos interioriza e nos transforma em indiv\u00edduos. Da\u00ed, o Evangelho s\u00f3 pode nos \u201cdestransformar\u201d.<\/p>\n<p>Apenas, \u00fanica e exclusivamente Jesus pode trazer-nos a humildade, as sand\u00e1lias de pau, os chinelos que simbolizam a aus\u00eancia da elite, dos aplausos, dos elogios, do tapete vermelho. S\u00f3 Ele, um Deus conosco, que lava os p\u00e9s de seus disc\u00edpulos [Jo 13.4,5], pode lavar nossos olhos para nos mostrar que ainda somos como a neblina que aparece e logo se dissipa [Tg 4.14], que nossas justi\u00e7as s\u00e3o trapos de imund\u00edcia [Is 64.6] e que n\u00e3o passamos de cacos de barro [Is 45.9].<\/p>\n<p><!--more--><\/p>\n<p>O Reino de Deus, portanto, \u00e9 uma ind\u00fastria que fabrica pessoas de verdade, como deveriam ser, ou seja, gente gentil de cora\u00e7\u00e3o, simp\u00e1tica de alma, humilde de esp\u00edrito. Crente desta estirpe \u00e9 quem o Pai procura para lhe adorar [Jo 4.23]. Ele n\u00e3o quer filact\u00e9rios* alargados ou franjas alongadas [Mt 23:5], nem deseja ora\u00e7\u00f5es na pra\u00e7a [Mt 6.5] ou jejuns inconsequentes [Mt 9.14,15]. Deus apenas ca\u00e7a, como um ca\u00e7ador de fato, pessoas que reconheceram sua condi\u00e7\u00e3o prec\u00e1ria e dependente de gra\u00e7a.<\/p>\n<p>\u201cDestransformar\u201d o super-homem, ent\u00e3o, \u00e9 uma a\u00e7\u00e3o espiritual das boas novas, que traz consigo implica\u00e7\u00f5es de vida pr\u00e1tica e conceitual. Ser formado do p\u00f3 da terra n\u00e3o \u00e9 uma composi\u00e7\u00e3o qu\u00edmica muito superior nessa terra. Que lembremo-nos disso pelo menos na hora de morrer, e que batamos no peito hoje, n\u00e3o com o significado pejorativo da atualidade, mas com a compreens\u00e3o hist\u00f3rica do publicano frente \u00e0 do fariseu [Lc 18.9-14], que o fez assumir sua posi\u00e7\u00e3o de pecador, obtendo assim o Reino dos C\u00e9us e sua, enfim, gl\u00f3ria e exalta\u00e7\u00e3o [Mt 5.3].<\/p>\n<p>____________________<\/p>\n<p><strong>Marlon Teixeira<\/strong>, 20 anos, \u00e9 de Ipatinga, MG.<\/p>\n<p>*Filact\u00e9rio: faixa de pergaminho, com escritos religiosos, que os judeus enrolam no bra\u00e7o e prendem \u00e0 fronte, ao fazer as ora\u00e7\u00f5es.<\/p>\n","protected":false},"excerpt":{"rendered":"<p>Por Marlon Teixeira \u00c9 contest\u00e1vel que o Evangelho transforma. A forma na qual somos criados e passamos a existir quando somos concebidos \u00e9 pautada em certo orgulho transcendente de vida. Sentimos, ap\u00f3s a consci\u00eancia da idade, uma presen\u00e7a interna de algo \u00fanico e intranspon\u00edvel: o \u201ceu\u201d. Esse sujeito identificado e desenvolvido passa a gerar soberbas [&hellip;]<\/p>\n","protected":false},"author":19,"featured_media":0,"comment_status":"open","ping_status":"open","sticky":false,"template":"","format":"standard","meta":{"ngg_post_thumbnail":0,"footnotes":""},"categories":[6054],"tags":[],"class_list":["post-2393","post","type-post","status-publish","format-standard","hentry","category-textos"],"_links":{"self":[{"href":"https:\/\/ultimato.com.br\/sites\/jovem\/wp-json\/wp\/v2\/posts\/2393","targetHints":{"allow":["GET"]}}],"collection":[{"href":"https:\/\/ultimato.com.br\/sites\/jovem\/wp-json\/wp\/v2\/posts"}],"about":[{"href":"https:\/\/ultimato.com.br\/sites\/jovem\/wp-json\/wp\/v2\/types\/post"}],"author":[{"embeddable":true,"href":"https:\/\/ultimato.com.br\/sites\/jovem\/wp-json\/wp\/v2\/users\/19"}],"replies":[{"embeddable":true,"href":"https:\/\/ultimato.com.br\/sites\/jovem\/wp-json\/wp\/v2\/comments?post=2393"}],"version-history":[{"count":3,"href":"https:\/\/ultimato.com.br\/sites\/jovem\/wp-json\/wp\/v2\/posts\/2393\/revisions"}],"predecessor-version":[{"id":2396,"href":"https:\/\/ultimato.com.br\/sites\/jovem\/wp-json\/wp\/v2\/posts\/2393\/revisions\/2396"}],"wp:attachment":[{"href":"https:\/\/ultimato.com.br\/sites\/jovem\/wp-json\/wp\/v2\/media?parent=2393"}],"wp:term":[{"taxonomy":"category","embeddable":true,"href":"https:\/\/ultimato.com.br\/sites\/jovem\/wp-json\/wp\/v2\/categories?post=2393"},{"taxonomy":"post_tag","embeddable":true,"href":"https:\/\/ultimato.com.br\/sites\/jovem\/wp-json\/wp\/v2\/tags?post=2393"}],"curies":[{"name":"wp","href":"https:\/\/api.w.org\/{rel}","templated":true}]}}