{"id":2389,"date":"2013-01-02T08:21:01","date_gmt":"2013-01-02T11:21:01","guid":{"rendered":"http:\/\/ultimato.com.br\/sites\/jovem\/?p=2389"},"modified":"2013-01-02T08:21:01","modified_gmt":"2013-01-02T11:21:01","slug":"ultimato-no-seu-evento-de-graca","status":"publish","type":"post","link":"https:\/\/ultimato.com.br\/sites\/jovem\/2013\/01\/02\/ultimato-no-seu-evento-de-graca\/","title":{"rendered":"Ultimato no seu evento [de gra\u00e7a]"},"content":{"rendered":"<p>Sua igreja far\u00e1 acampamento nos meses de janeiro e fevereiro? N\u00f3s queremos participar! Entre em contato conosco pelo email <strong>vendas-auxiliar@ultimato.com.br<\/strong>\u00a0porque n\u00f3s temos grandes quantidades de revistas para enviar pro seu acampamento ou qualquer outro evento. Ser\u00e1 uma excelente forma de aproximar a Ultimato com o pessoal da sua igreja, e tudo isso de gra\u00e7a. O que voc\u00ea acha?<\/p>\n<p>Ent\u00e3o, esperamos pelo seu email.<\/p>\n<p><a href=\"http:\/\/ultimato.com.br\/sites\/jovem\/files\/2013\/01\/16117_578131972213730_196454620_n1.png\" class=\"lightview\" data-lightview-group=\"group-2389\" data-lightview-options=\"skin: 'dark', controls: 'relative', padding: '10', shadow: { color: '#000000', opacity: 0.08, blur: 3 }\" data-lightview-title=\"16117_578131972213730_196454620_n\"><img loading=\"lazy\" decoding=\"async\" class=\"aligncenter size-full wp-image-2391\" title=\"16117_578131972213730_196454620_n\" src=\"http:\/\/ultimato.com.br\/sites\/jovem\/files\/2013\/01\/16117_578131972213730_196454620_n1.png\" alt=\"\" width=\"609\" height=\"422\" srcset=\"https:\/\/ultimato.com.br\/sites\/jovem\/files\/2013\/01\/16117_578131972213730_196454620_n1.png 609w, https:\/\/ultimato.com.br\/sites\/jovem\/files\/2013\/01\/16117_578131972213730_196454620_n1-300x207.png 300w, https:\/\/ultimato.com.br\/sites\/jovem\/files\/2013\/01\/16117_578131972213730_196454620_n1-150x103.png 150w\" sizes=\"auto, (max-width: 609px) 100vw, 609px\" \/><\/a><\/p>\n<p>&nbsp;<\/p>\n<p>&nbsp;<\/p>\n","protected":false},"excerpt":{"rendered":"<p>Sua igreja far\u00e1 acampamento nos meses de janeiro e fevereiro? N\u00f3s queremos participar! Entre em contato conosco pelo email vendas-auxiliar@ultimato.com.br\u00a0porque n\u00f3s temos grandes quantidades de revistas para enviar pro seu acampamento ou qualquer outro evento. Ser\u00e1 uma excelente forma de aproximar a Ultimato com o pessoal da sua igreja, e tudo isso de gra\u00e7a. O [&hellip;]<\/p>\n","protected":false},"author":19,"featured_media":0,"comment_status":"open","ping_status":"open","sticky":false,"template":"","format":"standard","meta":{"ngg_post_thumbnail":0,"footnotes":""},"categories":[10182],"tags":[],"class_list":["post-2389","post","type-post","status-publish","format-standard","hentry","category-boto-fe"],"_links":{"self":[{"href":"https:\/\/ultimato.com.br\/sites\/jovem\/wp-json\/wp\/v2\/posts\/2389","targetHints":{"allow":["GET"]}}],"collection":[{"href":"https:\/\/ultimato.com.br\/sites\/jovem\/wp-json\/wp\/v2\/posts"}],"about":[{"href":"https:\/\/ultimato.com.br\/sites\/jovem\/wp-json\/wp\/v2\/types\/post"}],"author":[{"embeddable":true,"href":"https:\/\/ultimato.com.br\/sites\/jovem\/wp-json\/wp\/v2\/users\/19"}],"replies":[{"embeddable":true,"href":"https:\/\/ultimato.com.br\/sites\/jovem\/wp-json\/wp\/v2\/comments?post=2389"}],"version-history":[{"count":1,"href":"https:\/\/ultimato.com.br\/sites\/jovem\/wp-json\/wp\/v2\/posts\/2389\/revisions"}],"predecessor-version":[{"id":2392,"href":"https:\/\/ultimato.com.br\/sites\/jovem\/wp-json\/wp\/v2\/posts\/2389\/revisions\/2392"}],"wp:attachment":[{"href":"https:\/\/ultimato.com.br\/sites\/jovem\/wp-json\/wp\/v2\/media?parent=2389"}],"wp:term":[{"taxonomy":"category","embeddable":true,"href":"https:\/\/ultimato.com.br\/sites\/jovem\/wp-json\/wp\/v2\/categories?post=2389"},{"taxonomy":"post_tag","embeddable":true,"href":"https:\/\/ultimato.com.br\/sites\/jovem\/wp-json\/wp\/v2\/tags?post=2389"}],"curies":[{"name":"wp","href":"https:\/\/api.w.org\/{rel}","templated":true}]}}