{"id":2374,"date":"2012-12-19T08:25:13","date_gmt":"2012-12-19T11:25:13","guid":{"rendered":"http:\/\/ultimato.com.br\/sites\/jovem\/?p=2374"},"modified":"2012-12-19T08:25:13","modified_gmt":"2012-12-19T11:25:13","slug":"um-cristao-que-fuma","status":"publish","type":"post","link":"https:\/\/ultimato.com.br\/sites\/jovem\/2012\/12\/19\/um-cristao-que-fuma\/","title":{"rendered":"Um crist\u00e3o que fuma"},"content":{"rendered":"<p><em>Por Mateus Oct\u00e1vio<\/em><\/p>\n<p><a href=\"http:\/\/ultimato.com.br\/sites\/jovem\/files\/2012\/12\/1389816_negative_smoke.jpg\" class=\"lightview\" data-lightview-group=\"group-2374\" data-lightview-options=\"skin: 'dark', controls: 'relative', padding: '10', shadow: { color: '#000000', opacity: 0.08, blur: 3 }\" data-lightview-title=\"1389816_negative_smoke\"><img loading=\"lazy\" decoding=\"async\" class=\"alignleft size-full wp-image-2375\" title=\"1389816_negative_smoke\" src=\"http:\/\/ultimato.com.br\/sites\/jovem\/files\/2012\/12\/1389816_negative_smoke.jpg\" alt=\"\" width=\"300\" height=\"200\" srcset=\"https:\/\/ultimato.com.br\/sites\/jovem\/files\/2012\/12\/1389816_negative_smoke.jpg 300w, https:\/\/ultimato.com.br\/sites\/jovem\/files\/2012\/12\/1389816_negative_smoke-150x100.jpg 150w\" sizes=\"auto, (max-width: 300px) 100vw, 300px\" \/><\/a>Desde muito cedo meu pai, por forte influ\u00eancia dos amigos, teve contato com o \u00e1lcool e o tabaco. Ela estima que desde os doze anos de idade come\u00e7ou a fumar e, de l\u00e1 pra c\u00e1, n\u00e3o deixou mais.\u00a0 Anos se passaram. No dia oito de dezembro fez tr\u00eas anos que n\u00f3s t\u00ednhamos planejado sua interna\u00e7\u00e3o, por\u00e9m ele acordou, sentindo profundo nojo at\u00e9 mesmo do cheiro do \u00e1lcool. Pelo que nossa fam\u00edlia passou, n\u00e3o duvidamos que foi um milagre divino.<\/p>\n<p>O tempo passou e ele n\u00e3o deixou de fumar, muitas pessoas inclusive perguntam como ele \u00e9 crist\u00e3o e fuma. Com o tempo percebi que esta era mais uma pris\u00e3o como outra qualquer que devemos abandonar, como a arrog\u00e2ncia, por exemplo. Tamb\u00e9m foi bom para medir a mim mesmo, j\u00e1 que antes fui t\u00e3o intolerante com quem se dizia crist\u00e3o, mas possu\u00eda v\u00edcios dessa natureza.<\/p>\n<p>Um evento b\u00edblico nos diz que Jesus, perto de sua crucifica\u00e7\u00e3o, estava no monte orando, e, sendo surpreendido por soldados, Pedro usou uma espada para cortar a orelha de um deles. Jesus o repreende e cura o soldado. Mas a pergunta que fica aqui \u00e9: qual parte do deixar tudo da antiga vida como condi\u00e7\u00e3o para ser disc\u00edpulo Pedro n\u00e3o entendeu? E mais, Jesus durante tr\u00eas anos n\u00e3o o julga por empunhar uma espada. S\u00f3 tr\u00eas anos depois de cham\u00e1-lo Jesus o repreendeu e Pedro entendeu que o reino de Deus n\u00e3o se alcan\u00e7a com espadas.<\/p>\n<p><!--more--><\/p>\n<p>Este processo que o te\u00f3logo Karl Barth descreve como <em>Imitatio Cristi <\/em>\u2013 A imita\u00e7\u00e3o de Cristo \u2013 no seu livro <em>Chamado ao discipulado<\/em> requer paci\u00eancia e doa\u00e7\u00e3o. \u00c9 o chamado de Jesus que exige tudo de n\u00f3s, mas n\u00e3o nos imp\u00f5e nada. Deus, quando nos chama, sabe mais do que ningu\u00e9m que ter\u00e1 de ter paci\u00eancia conosco.<\/p>\n<p>Meu pai \u00e9 um crist\u00e3o, n\u00e3o por seu m\u00e9rito, mas \u00e9. Ele se tornou um exemplo de pessoa para mim, algu\u00e9m que se importa com as coisas eternas. Meu exemplo de crist\u00e3o \u00e9 uma pessoa que fuma.<\/p>\n<p>Passaram-se tr\u00eas anos: tempo de discipulado destes dois homens, o ap\u00f3stolo Pedro e meu pai. Hoje, n\u00e3o exigimos mais algo miraculoso como no Gets\u00eamani ou na liberta\u00e7\u00e3o do meu pai com \u00e1lcool, mas aprendemos que n\u00e3o podemos nos afastar deste alvo, o de sermos imitadores de Cristo. Nem mesmo com os nossos trope\u00e7os ou pris\u00f5es. Meu pai \u00e9 minha prova ocular disso, ele n\u00e3o desiste de Deus, porque sabe que Deus n\u00e3o desiste dele.<\/p>\n<p>____________________<\/p>\n<p><strong>Mateus Oct\u00e1vio Alcantara<\/strong>\u00a0de Souza tem 20 anos, \u00e9 Bacharel em teologia e escreve no blog\u00a0<a href=\"http:\/\/mateusoctavio.blogspot.com.br\/\" target=\"_blank\">Medita\u00e7\u00f5es*<\/a><\/p>\n","protected":false},"excerpt":{"rendered":"<p>Por Mateus Oct\u00e1vio Desde muito cedo meu pai, por forte influ\u00eancia dos amigos, teve contato com o \u00e1lcool e o tabaco. Ela estima que desde os doze anos de idade come\u00e7ou a fumar e, de l\u00e1 pra c\u00e1, n\u00e3o deixou mais.\u00a0 Anos se passaram. No dia oito de dezembro fez tr\u00eas anos que n\u00f3s t\u00ednhamos [&hellip;]<\/p>\n","protected":false},"author":19,"featured_media":0,"comment_status":"open","ping_status":"open","sticky":false,"template":"","format":"standard","meta":{"ngg_post_thumbnail":0,"footnotes":""},"categories":[6054],"tags":[],"class_list":["post-2374","post","type-post","status-publish","format-standard","hentry","category-textos"],"_links":{"self":[{"href":"https:\/\/ultimato.com.br\/sites\/jovem\/wp-json\/wp\/v2\/posts\/2374","targetHints":{"allow":["GET"]}}],"collection":[{"href":"https:\/\/ultimato.com.br\/sites\/jovem\/wp-json\/wp\/v2\/posts"}],"about":[{"href":"https:\/\/ultimato.com.br\/sites\/jovem\/wp-json\/wp\/v2\/types\/post"}],"author":[{"embeddable":true,"href":"https:\/\/ultimato.com.br\/sites\/jovem\/wp-json\/wp\/v2\/users\/19"}],"replies":[{"embeddable":true,"href":"https:\/\/ultimato.com.br\/sites\/jovem\/wp-json\/wp\/v2\/comments?post=2374"}],"version-history":[{"count":2,"href":"https:\/\/ultimato.com.br\/sites\/jovem\/wp-json\/wp\/v2\/posts\/2374\/revisions"}],"predecessor-version":[{"id":2377,"href":"https:\/\/ultimato.com.br\/sites\/jovem\/wp-json\/wp\/v2\/posts\/2374\/revisions\/2377"}],"wp:attachment":[{"href":"https:\/\/ultimato.com.br\/sites\/jovem\/wp-json\/wp\/v2\/media?parent=2374"}],"wp:term":[{"taxonomy":"category","embeddable":true,"href":"https:\/\/ultimato.com.br\/sites\/jovem\/wp-json\/wp\/v2\/categories?post=2374"},{"taxonomy":"post_tag","embeddable":true,"href":"https:\/\/ultimato.com.br\/sites\/jovem\/wp-json\/wp\/v2\/tags?post=2374"}],"curies":[{"name":"wp","href":"https:\/\/api.w.org\/{rel}","templated":true}]}}