{"id":2368,"date":"2012-12-17T09:27:12","date_gmt":"2012-12-17T12:27:12","guid":{"rendered":"http:\/\/ultimato.com.br\/sites\/jovem\/?p=2368"},"modified":"2012-12-17T09:27:12","modified_gmt":"2012-12-17T12:27:12","slug":"mochileiros","status":"publish","type":"post","link":"https:\/\/ultimato.com.br\/sites\/jovem\/2012\/12\/17\/mochileiros\/","title":{"rendered":"Mochileiros"},"content":{"rendered":"<p><em>Por Rodolfo Gois<\/em><\/p>\n<div id=\"attachment_2370\" style=\"width: 310px\" class=\"wp-caption alignleft\"><a href=\"http:\/\/ultimato.com.br\/sites\/jovem\/files\/2012\/12\/passaporte1.jpg\" class=\"lightview\" data-lightview-group=\"group-2368\" data-lightview-options=\"skin: 'dark', controls: 'relative', padding: '10', shadow: { color: '#000000', opacity: 0.08, blur: 3 }\" data-lightview-title=\"passaporte\"><img loading=\"lazy\" decoding=\"async\" aria-describedby=\"caption-attachment-2370\" class=\"size-medium wp-image-2370\" title=\"passaporte\" src=\"http:\/\/ultimato.com.br\/sites\/jovem\/files\/2012\/12\/passaporte1-300x243.jpg\" alt=\"\" width=\"300\" height=\"243\" srcset=\"https:\/\/ultimato.com.br\/sites\/jovem\/files\/2012\/12\/passaporte1-300x243.jpg 300w, https:\/\/ultimato.com.br\/sites\/jovem\/files\/2012\/12\/passaporte1-150x121.jpg 150w, https:\/\/ultimato.com.br\/sites\/jovem\/files\/2012\/12\/passaporte1.jpg 370w\" sizes=\"auto, (max-width: 300px) 100vw, 300px\" \/><\/a><p id=\"caption-attachment-2370\" class=\"wp-caption-text\">Foto: Divulga\u00e7\u00e3o<\/p><\/div>\n<p><em><\/em>Dias atr\u00e1s tive a oportunidade de fazer uma viagem internacional. Uma parte a trabalho, a outra de f\u00e9rias com a fam\u00edlia. Foram dias muito aben\u00e7oados. Uma experi\u00eancia marcante que sempre ficar\u00e1 na nossa mem\u00f3ria.<\/p>\n<p>Ao sairmos do Brasil, no aeroporto internacional de Guarulhos, passamos pela Pol\u00edcia Federal que logo questionou sobre a nossa filha Let\u00edcia, de um ano e oito meses. Queriam saber se ela era nossa filha mesmo. Conferiram a certid\u00e3o de nascimento, o passaporte, nos deixaram esperando um tempo e nos liberaram. Chegando ao nosso destino nos deparamos com uma seguran\u00e7a bastante r\u00edgida, com<em> raio-x<\/em>, sensores de metais e outras exig\u00eancias. Pegaram o leite em p\u00f3 que levamos para nossa filha e fizeram um teste qu\u00edmico. Ao falar com o agente de imigra\u00e7\u00e3o, novas perguntas sobre o que est\u00e1vamos indo fazer, quanto tempo ficar\u00edamos&#8230; tudo isso de olho em nossos passaportes.<\/p>\n<p>Apesar de possuir um ingl\u00eas razo\u00e1vel para quem nunca morou em um pa\u00eds de fala inglesa, a confus\u00e3o mental foi grande. Acostumar o ouvido a receber tantas informa\u00e7\u00f5es em outro idioma \u00e9 dif\u00edcil e d\u00e1 at\u00e9 dor de cabe\u00e7a. Al\u00e9m disso, a preocupa\u00e7\u00e3o de ser respons\u00e1vel pelas pessoas que estavam comigo aumentava a tens\u00e3o. Informa\u00e7\u00f5es atravessadas, uma noite inteira sem dormir no avi\u00e3o, um idioma diferente, tudo isso dava uma tontura!<\/p>\n<p><!--more--><\/p>\n<p>A compreens\u00e3o das coisas levou um tempo para acontecer, para o c\u00e9rebro acostumar \u00e0 nova l\u00edngua, adapta\u00e7\u00e3o aos diferentes h\u00e1bitos e costumes, mudan\u00e7a de tempero e alimenta\u00e7\u00e3o. Est\u00e1vamos como forasteiros em uma terra estranha.<\/p>\n<p>Nesta viagem ficamos hospedados em casa de amigos e irm\u00e3os de f\u00e9. Da mesma origem que n\u00f3s. Era um ref\u00fagio diante de tantas mudan\u00e7as e novidades. Era um lugar de seguran\u00e7a e confian\u00e7a. Ali dava pra relaxar. Ali eu me sentia em casa.<\/p>\n<p>E agora, penso nessa viagem t\u00e3o especial e reflito sobre a vida que temos como crist\u00e3os:<\/p>\n<p><strong>Documenta\u00e7\u00e3o para entrar<\/strong>. Ningu\u00e9m entra na hist\u00f3ria por acaso. Assim como verificaram os nossos documentos e os da Let\u00edcia para permitir a viagem, existe uma permiss\u00e3o para que entremos na hist\u00f3ria. Ningu\u00e9m nasceu na hora errada, no tempo errado, na fam\u00edlia errada ou no lugar errado. A perfei\u00e7\u00e3o do criador n\u00e3o abre espa\u00e7os para qualquer tipo de equ\u00edvoco. Ser jovem neste per\u00edodo da hist\u00f3ria humana tem seus desafios e eles podem ser superados porque Deus decidiu que \u00e9 neste per\u00edodo que voc\u00ea seria jovem. H\u00e1 um plano de Deus para a sua vida. Viva-o na presen\u00e7a do autor da hist\u00f3ria (Salmos 139.16)<\/p>\n<p><strong>L\u00edngua dif\u00edcil de entender<\/strong>. Vivemos e viveremos sempre com dificuldades para compreender a linguagem do mundo em que vivemos. Somos desafiados a n\u00e3o nos conformarmos com isso, mas vivermos conscientemente em transforma\u00e7\u00e3o. Este processo de transforma\u00e7\u00e3o \u00e9 cont\u00ednuo e ininterrupto, e nos protege do conformismo. S\u00e3o padr\u00f5es, princ\u00edpios, valores que causam uma separa\u00e7\u00e3o porque temos uma outra identidade, afinal, neste lugar em que vivemos somos forasteiros [Rm 12.1-2].<\/p>\n<p><strong>H\u00e1bitos diferentes.<\/strong> Diferentes comportamentos e diferente alimenta\u00e7\u00e3o geram uma tens\u00e3o e um desconforto consider\u00e1veis. O corpo \u00e0s vezes responde com mal estar e at\u00e9 fraqueza. A mudan\u00e7a de rotina e de hor\u00e1rios tem os seus desdobramentos. Manter a rotina com a Let\u00edcia foi muito dif\u00edcil, t\u00ednhamos que nos esfor\u00e7ar muito. H\u00e1bitos e comportamentos s\u00e3o frutos da repeti\u00e7\u00e3o da mesma atividade por algum per\u00edodo at\u00e9 que se torna natural ou mec\u00e2nico. Nossa vida nessa terra nos prop\u00f5e alguns h\u00e1bitos que nos afastam do relacionamento com Cristo. N\u00e3o podemos nos adaptar a tudo. N\u00e3o podemos nos conformar com o pecado, mesmo que pare\u00e7a sermos os \u00fanicos a fazer isso [1 Pe 2.11].<\/p>\n<p><strong>Cansa\u00e7o mental e emocional<\/strong>. A luta \u00e9 constante e o esfor\u00e7o tamb\u00e9m, e por isso vem o cansa\u00e7o. E como nos cansamos, muitas vezes, de nos posicionarmos por aquilo que cremos. O fato de vivermos de acordo com nossas convic\u00e7\u00f5es espirituais n\u00e3o nos isenta do cansa\u00e7o. \u00c9 preciso equilibrar (n\u00e3o quero dizer negociar). Os enfrentamentos precisam ser contrabalan\u00e7ados por momentos e lugares de ref\u00fagio e refrig\u00e9rio, ao lado de pessoas que compartilharam e falam a mesma l\u00edngua que a gente [Ef 6:12].<\/p>\n<p><strong>Uma fam\u00edlia pra descansar<\/strong>. Os amigos e irm\u00e3os que encontramos foram nosso ref\u00fagio. Ali t\u00ednhamos liberdade, ali fal\u00e1vamos a nossa l\u00edngua, descans\u00e1vamos seguros de n\u00e3o sermos mal compreendidos. Ali abr\u00edamos a geladeira sem pedir licen\u00e7a. Como a fam\u00edlia \u00e9 importante para sobrevivermos como forasteiros neste mundo! Como o corpo de Cristo, a comunh\u00e3o, os relacionamentos firmados no Senhor s\u00e3o importantes para suportarmos todos os desafios da viagem que estamos fazendo. Como foi bom desfrutar da fam\u00edlia onde est\u00e1vamos. Como \u00e9 bom ter a fam\u00edlia do Senhor para nos suportar e apoiar [Ef 2.19].<\/p>\n<p>Nosso tempo aqui \u00e9 passageiro. Tamb\u00e9m somos forasteiros, peregrinos, viajantes. Nossa casa n\u00e3o \u00e9 aqui. Vamos passar por tens\u00f5es e ang\u00fastias de estarmos em um lugar estranho. Por mais \u201cadapt\u00e1veis\u201d que sejamos, n\u00e3o podemos desejar uma vida totalmente realizada e satisfeita porque \u00a0\u00a0 isso n\u00e3o vai acontecer aqui.<\/p>\n<p>Uma viagem, algumas li\u00e7\u00f5es. Uma vida para se viver, um Senhor para servir.<\/p>\n<p>Somos forasteiros, somos mochileiros!<\/p>\n<p>____________________<\/p>\n<p><strong><a href=\"http:\/\/twitter.com\/#!\/rodolfo_gois\" target=\"_blank\">Rodolfo Gois<\/a><\/strong>\u00a0\u00e9 diretor pastoral do\u00a0<a href=\"http:\/\/www.tsbr.org.br\/\" target=\"_blank\">TeenStreet Brasil<\/a>\u00a0e pastor da IPIB de Maring\u00e1, PR.<\/p>\n","protected":false},"excerpt":{"rendered":"<p>Por Rodolfo Gois Dias atr\u00e1s tive a oportunidade de fazer uma viagem internacional. Uma parte a trabalho, a outra de f\u00e9rias com a fam\u00edlia. Foram dias muito aben\u00e7oados. Uma experi\u00eancia marcante que sempre ficar\u00e1 na nossa mem\u00f3ria. Ao sairmos do Brasil, no aeroporto internacional de Guarulhos, passamos pela Pol\u00edcia Federal que logo questionou sobre a [&hellip;]<\/p>\n","protected":false},"author":19,"featured_media":0,"comment_status":"open","ping_status":"open","sticky":false,"template":"","format":"standard","meta":{"ngg_post_thumbnail":0,"footnotes":""},"categories":[6054],"tags":[],"class_list":["post-2368","post","type-post","status-publish","format-standard","hentry","category-textos"],"_links":{"self":[{"href":"https:\/\/ultimato.com.br\/sites\/jovem\/wp-json\/wp\/v2\/posts\/2368","targetHints":{"allow":["GET"]}}],"collection":[{"href":"https:\/\/ultimato.com.br\/sites\/jovem\/wp-json\/wp\/v2\/posts"}],"about":[{"href":"https:\/\/ultimato.com.br\/sites\/jovem\/wp-json\/wp\/v2\/types\/post"}],"author":[{"embeddable":true,"href":"https:\/\/ultimato.com.br\/sites\/jovem\/wp-json\/wp\/v2\/users\/19"}],"replies":[{"embeddable":true,"href":"https:\/\/ultimato.com.br\/sites\/jovem\/wp-json\/wp\/v2\/comments?post=2368"}],"version-history":[{"count":3,"href":"https:\/\/ultimato.com.br\/sites\/jovem\/wp-json\/wp\/v2\/posts\/2368\/revisions"}],"predecessor-version":[{"id":2373,"href":"https:\/\/ultimato.com.br\/sites\/jovem\/wp-json\/wp\/v2\/posts\/2368\/revisions\/2373"}],"wp:attachment":[{"href":"https:\/\/ultimato.com.br\/sites\/jovem\/wp-json\/wp\/v2\/media?parent=2368"}],"wp:term":[{"taxonomy":"category","embeddable":true,"href":"https:\/\/ultimato.com.br\/sites\/jovem\/wp-json\/wp\/v2\/categories?post=2368"},{"taxonomy":"post_tag","embeddable":true,"href":"https:\/\/ultimato.com.br\/sites\/jovem\/wp-json\/wp\/v2\/tags?post=2368"}],"curies":[{"name":"wp","href":"https:\/\/api.w.org\/{rel}","templated":true}]}}