{"id":2363,"date":"2012-12-14T07:32:36","date_gmt":"2012-12-14T10:32:36","guid":{"rendered":"http:\/\/ultimato.com.br\/sites\/jovem\/?p=2363"},"modified":"2012-12-14T07:32:36","modified_gmt":"2012-12-14T10:32:36","slug":"estudo-revela-indice-de-homicidios-entre-jovens-brasileiros","status":"publish","type":"post","link":"https:\/\/ultimato.com.br\/sites\/jovem\/2012\/12\/14\/estudo-revela-indice-de-homicidios-entre-jovens-brasileiros\/","title":{"rendered":"Estudo revela \u00edndice de homic\u00eddios entre jovens brasileiros"},"content":{"rendered":"<p><a href=\"http:\/\/ultimato.com.br\/sites\/jovem\/files\/2012\/12\/1165323_aim.jpg\" class=\"lightview\" data-lightview-group=\"group-2363\" data-lightview-options=\"skin: 'dark', controls: 'relative', padding: '10', shadow: { color: '#000000', opacity: 0.08, blur: 3 }\" data-lightview-title=\"1165323_aim\"><img loading=\"lazy\" decoding=\"async\" class=\"alignleft size-full wp-image-2364\" title=\"1165323_aim\" src=\"http:\/\/ultimato.com.br\/sites\/jovem\/files\/2012\/12\/1165323_aim.jpg\" alt=\"\" width=\"300\" height=\"200\" srcset=\"https:\/\/ultimato.com.br\/sites\/jovem\/files\/2012\/12\/1165323_aim.jpg 300w, https:\/\/ultimato.com.br\/sites\/jovem\/files\/2012\/12\/1165323_aim-150x100.jpg 150w\" sizes=\"auto, (max-width: 300px) 100vw, 300px\" \/><\/a>(<a href=\"http:\/\/noticias.uol.com.br\/cotidiano\/ultimas-noticias\/2012\/12\/13\/em-2010-45-dos-adolescentes-que-morreram-no-brasil-foram-assassinados-diz-estudo.htm\" target=\"_blank\">UOL Not\u00edcias<\/a>) Dados do IHA (\u00cdndice de Homic\u00eddios na Adolesc\u00eancia) mostram que, em 2010, 45% das mortes de jovens com idades entre 12 e 18 anos foram causadas por homic\u00eddios no Brasil. Ainda de acordo com o estudo, divulgado nesta quinta-feira (13) pela Secretaria de Direitos Humanos da Presid\u00eancia da Rep\u00fablica, Unicef (Fundo das Na\u00e7\u00f5es Unidas para a Inf\u00e2ncia), Observat\u00f3rio de Favelas e LAV-UERJ (Laborat\u00f3rio de An\u00e1lise da Viol\u00eancia), a cada mil adolescentes com 12 anos, tr\u00eas devem morrer antes de completar a maioridade.<\/p>\n<p>O IHA apontou ainda que, se as condi\u00e7\u00f5es que predominavam em 2010, quando foi realizado o levantamento de dados,\u00a0n\u00e3o mudaram. 36.735 adolescentes ser\u00e3o v\u00edtimas de homic\u00eddio at\u00e9 2016. O n\u00famero equivale \u00e0 popula\u00e7\u00e3o de uma cidade de m\u00e9dio porte, como Jundia\u00ed (SP) ou Pelotas (RS).<\/p>\n<p><!--more--><\/p>\n<p>As v\u00edtimas mais comuns de viol\u00eancia na adolesc\u00eancia s\u00e3o os jovens do sexo masculino, negros e que moram nas periferias. Ainda de acordo com a pesquisa, a arma de fogo seria o principal meio utilizado nos homic\u00eddios de adolescentes no pa\u00eds.<\/p>\n<p>O IHA permite estimar o risco de adolescentes, com idade entre 12 e 18 anos, perderem a vida por causa de assassinatos. O \u00edndice foi calculado para os 283 munic\u00edpios brasileiros com mais de 100 mil habitantes.<\/p>\n<p>O estudo \u00e9 uma a\u00e7\u00e3o do Programa de Redu\u00e7\u00e3o da Viol\u00eancia Letal Contra Adolescentes e Jovens, que visa \u00e0 promo\u00e7\u00e3o de a\u00e7\u00f5es de sensibiliza\u00e7\u00e3o, \u00e0 articula\u00e7\u00e3o pol\u00edtica e \u00e0 produ\u00e7\u00e3o de mecanismos de monitoramento, no intuito de assegurar que as mortes violentas de adolescentes e jovens sejam tratadas como prioridade na agenda p\u00fablica.<\/p>\n<p>____________________<\/p>\n<p>Reprodu\u00e7\u00e3o da internet. Todos os cr\u00e9ditos concedidos ao autor. Fonte: site <a href=\"http:\/\/noticias.uol.com.br\/cotidiano\/ultimas-noticias\/2012\/12\/13\/em-2010-45-dos-adolescentes-que-morreram-no-brasil-foram-assassinados-diz-estudo.htm\" target=\"_blank\">UOL Not\u00edcias<\/a>.<\/p>\n","protected":false},"excerpt":{"rendered":"<p>(UOL Not\u00edcias) Dados do IHA (\u00cdndice de Homic\u00eddios na Adolesc\u00eancia) mostram que, em 2010, 45% das mortes de jovens com idades entre 12 e 18 anos foram causadas por homic\u00eddios no Brasil. Ainda de acordo com o estudo, divulgado nesta quinta-feira (13) pela Secretaria de Direitos Humanos da Presid\u00eancia da Rep\u00fablica, Unicef (Fundo das Na\u00e7\u00f5es [&hellip;]<\/p>\n","protected":false},"author":19,"featured_media":0,"comment_status":"open","ping_status":"open","sticky":false,"template":"","format":"standard","meta":{"ngg_post_thumbnail":0,"footnotes":""},"categories":[7],"tags":[],"class_list":["post-2363","post","type-post","status-publish","format-standard","hentry","category-noticias"],"_links":{"self":[{"href":"https:\/\/ultimato.com.br\/sites\/jovem\/wp-json\/wp\/v2\/posts\/2363","targetHints":{"allow":["GET"]}}],"collection":[{"href":"https:\/\/ultimato.com.br\/sites\/jovem\/wp-json\/wp\/v2\/posts"}],"about":[{"href":"https:\/\/ultimato.com.br\/sites\/jovem\/wp-json\/wp\/v2\/types\/post"}],"author":[{"embeddable":true,"href":"https:\/\/ultimato.com.br\/sites\/jovem\/wp-json\/wp\/v2\/users\/19"}],"replies":[{"embeddable":true,"href":"https:\/\/ultimato.com.br\/sites\/jovem\/wp-json\/wp\/v2\/comments?post=2363"}],"version-history":[{"count":3,"href":"https:\/\/ultimato.com.br\/sites\/jovem\/wp-json\/wp\/v2\/posts\/2363\/revisions"}],"predecessor-version":[{"id":2367,"href":"https:\/\/ultimato.com.br\/sites\/jovem\/wp-json\/wp\/v2\/posts\/2363\/revisions\/2367"}],"wp:attachment":[{"href":"https:\/\/ultimato.com.br\/sites\/jovem\/wp-json\/wp\/v2\/media?parent=2363"}],"wp:term":[{"taxonomy":"category","embeddable":true,"href":"https:\/\/ultimato.com.br\/sites\/jovem\/wp-json\/wp\/v2\/categories?post=2363"},{"taxonomy":"post_tag","embeddable":true,"href":"https:\/\/ultimato.com.br\/sites\/jovem\/wp-json\/wp\/v2\/tags?post=2363"}],"curies":[{"name":"wp","href":"https:\/\/api.w.org\/{rel}","templated":true}]}}