{"id":2338,"date":"2012-12-07T14:31:36","date_gmt":"2012-12-07T17:31:36","guid":{"rendered":"http:\/\/ultimato.com.br\/sites\/jovem\/?p=2338"},"modified":"2012-12-07T17:06:28","modified_gmt":"2012-12-07T20:06:28","slug":"biblia-sua-fama-seu-preco","status":"publish","type":"post","link":"https:\/\/ultimato.com.br\/sites\/jovem\/2012\/12\/07\/biblia-sua-fama-seu-preco\/","title":{"rendered":"B\u00edblia: sua fama, seu pre\u00e7o"},"content":{"rendered":"<p><a href=\"http:\/\/ultimato.com.br\/sites\/jovem\/files\/2012\/12\/homem-com-biblia.jpg\" class=\"lightview\" data-lightview-group=\"group-2338\" data-lightview-options=\"skin: 'dark', controls: 'relative', padding: '10', shadow: { color: '#000000', opacity: 0.08, blur: 3 }\" data-lightview-title=\"homem-com-biblia\"><img loading=\"lazy\" decoding=\"async\" class=\"alignright size-full wp-image-2343\" title=\"homem-com-biblia\" src=\"http:\/\/ultimato.com.br\/sites\/jovem\/files\/2012\/12\/homem-com-biblia.jpg\" alt=\"\" width=\"257\" height=\"279\" srcset=\"https:\/\/ultimato.com.br\/sites\/jovem\/files\/2012\/12\/homem-com-biblia.jpg 257w, https:\/\/ultimato.com.br\/sites\/jovem\/files\/2012\/12\/homem-com-biblia-138x150.jpg 138w\" sizes=\"auto, (max-width: 257px) 100vw, 257px\" \/><\/a><\/p>\n<h5>Especial &#8220;dia da B\u00edblia&#8221;<\/h5>\n<p>Meu pai conta que quando ainda garoto no Sul de Minas, ele e seus amigos sempre passavam distantes de uma casa que havia na fazenda. O motivo? Diziam que naquela casa havia um livro preto, chamado \u201cB\u00edblia\u201d.<\/p>\n<p>Essa era a fama da B\u00edblia h\u00e1 algum tempo atr\u00e1s. Muitos diziam at\u00e9 que se voc\u00ea a lesse ficaria louco. Eu tinha 14 anos quando comprovei isso, comecei a ler a B\u00edblia e fiquei louco,\u00a0 por Deus.<\/p>\n<p>Que a B\u00edblia \u00e9 o livro mais vendido do mundo, todos j\u00e1 sabem, mas nem todos os meios de comunica\u00e7\u00e3o gostam de lembrar isso.<\/p>\n<p>A revista <em>Time<\/em>, por exemplo, h\u00e1 alguns anos parou de colocar a B\u00edblia em sua coluna de livros mais vendidos. O motivo? Para evitar a redund\u00e2ncia, eles disseram. Seria isso mesmo ou seria para n\u00e3o ajudar a promover a fama desse livro?<\/p>\n<p><!--more--><\/p>\n<p>Mas fato \u00e9 que a B\u00edblia permanece como o livro mais vendido do mundo.<\/p>\n<p>S\u00f3 no Brasil, em 16 anos de trabalho da Sociedade B\u00edblica Brasileira (<a href=\"http:\/\/www.sbb.org.br\/\" target=\"_blank\">SBB<\/a>), foram produzidas 100 milh\u00f5es de B\u00edblias. Muitas ficaram aqui, outras milhares foram exportadas para mais de 105 pa\u00edses.<\/p>\n<p>Em um \u00fanico ano, a SBB consome bobinas de papel suficientes para dar sete voltas em torno do globo.<\/p>\n<p>Todas essas informa\u00e7\u00f5es deixam qualquer crist\u00e3o orgulhoso. Mas, nosso maior orgulho n\u00e3o \u00e9 o fato de a B\u00edblia ser o maior<em> best-seller<\/em>, afinal, n\u00e3o praticamos a \u201cbibliolatria\u201d. Nosso maior orgulho \u00e9 o fato de a B\u00edblia ser a Palavra de Deus.<\/p>\n<p>Quanto vale uma B\u00edblia nos dias de hoje? Existem algumas vers\u00f5es econ\u00f4micas que saem por menos de seis reais.<\/p>\n<p>Agora, se assim como Bill Gates, voc\u00ea deseja adquirir uma vers\u00e3o original da B\u00edblia de Gutemberg (de 1455), vai precisar contar com a sorte para que algum dos 22 exemplares restantes v\u00e1 ao mercado. E mesmo assim ter\u00e1 que desembolsar cerca 100 milh\u00f5es de d\u00f3lares.<\/p>\n<p>Agora, caso voc\u00ea queira uma B\u00edblia e esteja na China, deve lembrar que a mesma pode custar sua vida.<\/p>\n<p>Mas de nada adianta ter e n\u00e3o ler. Assim como de nada adianta ler e n\u00e3o praticar.<\/p>\n<p>____________________<\/p>\n<p>Alan C\u00e9sar Corr\u00eaa, 31 anos, cursando 4\u00b0 ano de bacharel em teologia<\/p>\n","protected":false},"excerpt":{"rendered":"<p>Especial &#8220;dia da B\u00edblia&#8221; Meu pai conta que quando ainda garoto no Sul de Minas, ele e seus amigos sempre passavam distantes de uma casa que havia na fazenda. O motivo? Diziam que naquela casa havia um livro preto, chamado \u201cB\u00edblia\u201d. Essa era a fama da B\u00edblia h\u00e1 algum tempo atr\u00e1s. Muitos diziam at\u00e9 que [&hellip;]<\/p>\n","protected":false},"author":19,"featured_media":0,"comment_status":"open","ping_status":"open","sticky":false,"template":"","format":"standard","meta":{"ngg_post_thumbnail":0,"footnotes":""},"categories":[6054],"tags":[],"class_list":["post-2338","post","type-post","status-publish","format-standard","hentry","category-textos"],"_links":{"self":[{"href":"https:\/\/ultimato.com.br\/sites\/jovem\/wp-json\/wp\/v2\/posts\/2338","targetHints":{"allow":["GET"]}}],"collection":[{"href":"https:\/\/ultimato.com.br\/sites\/jovem\/wp-json\/wp\/v2\/posts"}],"about":[{"href":"https:\/\/ultimato.com.br\/sites\/jovem\/wp-json\/wp\/v2\/types\/post"}],"author":[{"embeddable":true,"href":"https:\/\/ultimato.com.br\/sites\/jovem\/wp-json\/wp\/v2\/users\/19"}],"replies":[{"embeddable":true,"href":"https:\/\/ultimato.com.br\/sites\/jovem\/wp-json\/wp\/v2\/comments?post=2338"}],"version-history":[{"count":4,"href":"https:\/\/ultimato.com.br\/sites\/jovem\/wp-json\/wp\/v2\/posts\/2338\/revisions"}],"predecessor-version":[{"id":2346,"href":"https:\/\/ultimato.com.br\/sites\/jovem\/wp-json\/wp\/v2\/posts\/2338\/revisions\/2346"}],"wp:attachment":[{"href":"https:\/\/ultimato.com.br\/sites\/jovem\/wp-json\/wp\/v2\/media?parent=2338"}],"wp:term":[{"taxonomy":"category","embeddable":true,"href":"https:\/\/ultimato.com.br\/sites\/jovem\/wp-json\/wp\/v2\/categories?post=2338"},{"taxonomy":"post_tag","embeddable":true,"href":"https:\/\/ultimato.com.br\/sites\/jovem\/wp-json\/wp\/v2\/tags?post=2338"}],"curies":[{"name":"wp","href":"https:\/\/api.w.org\/{rel}","templated":true}]}}