{"id":2325,"date":"2012-12-05T08:08:46","date_gmt":"2012-12-05T11:08:46","guid":{"rendered":"http:\/\/ultimato.com.br\/sites\/jovem\/?p=2325"},"modified":"2012-12-05T08:16:01","modified_gmt":"2012-12-05T11:16:01","slug":"geracao-da-amizade-colorida","status":"publish","type":"post","link":"https:\/\/ultimato.com.br\/sites\/jovem\/2012\/12\/05\/geracao-da-amizade-colorida\/","title":{"rendered":"Gera\u00e7\u00e3o da amizade colorida"},"content":{"rendered":"<p>Por\u00a0<em>Rodrigo Almeida<\/em><\/p>\n<div id=\"attachment_2326\" style=\"width: 310px\" class=\"wp-caption alignleft\"><a href=\"http:\/\/ultimato.com.br\/sites\/jovem\/files\/2012\/12\/amizade-colorida-2_0.jpg\" class=\"lightview\" data-lightview-group=\"group-2325\" data-lightview-options=\"skin: 'dark', controls: 'relative', padding: '10', shadow: { color: '#000000', opacity: 0.08, blur: 3 }\" data-lightview-title=\"amizade-colorida-2_0\"><img loading=\"lazy\" decoding=\"async\" aria-describedby=\"caption-attachment-2326\" class=\"size-medium wp-image-2326 \" title=\"amizade-colorida-2_0\" src=\"http:\/\/ultimato.com.br\/sites\/jovem\/files\/2012\/12\/amizade-colorida-2_0-300x190.jpg\" alt=\"\" width=\"300\" height=\"190\" srcset=\"https:\/\/ultimato.com.br\/sites\/jovem\/files\/2012\/12\/amizade-colorida-2_0-300x190.jpg 300w, https:\/\/ultimato.com.br\/sites\/jovem\/files\/2012\/12\/amizade-colorida-2_0-150x95.jpg 150w, https:\/\/ultimato.com.br\/sites\/jovem\/files\/2012\/12\/amizade-colorida-2_0.jpg 600w\" sizes=\"auto, (max-width: 300px) 100vw, 300px\" \/><\/a><p id=\"caption-attachment-2326\" class=\"wp-caption-text\">Imagem: Foto Divulga\u00e7\u00e3o<\/p><\/div>\n<p><em><\/em>Eu me lembro de quando dei o meu primeiro beijo. Foi uma \u201ccoisa\u201d meio engra\u00e7ada. Com\u00e9dia mesmo! Falo disso com o intuito de chamar aten\u00e7\u00e3o para como as coisas mudaram. Hoje, meninas e meninos s\u00e3o pais e m\u00e3es com quinze anos de idade. O que aconteceu com esta gera\u00e7\u00e3o?<\/p>\n<p>Refletindo sobre este assunto me lembrei do filme \u201c<a href=\"http:\/\/pt.wikipedia.org\/wiki\/Friends_with_Benefits\" target=\"_blank\">Amizade Colorida<\/a>\u201d, uma com\u00e9dia que conta a hist\u00f3ria de um jovem convencido por uma recrutadora a tentar a sorte em Nova York. Ele topa e logo os dois se tornam amigos. Um dia, assistindo filme na casa dela, come\u00e7am a falar sobre a necessidade de sexo. O casal faz um acordo de ter rela\u00e7\u00f5es sexuais simplesmente para controlar esse desejo. N\u00e3o haveria namoro ou compromisso, simplesmente sexo casual.<\/p>\n<p>Eu fico pensando quando foi que o sexo come\u00e7ou a virar algo banal. Hoje, existe uma gera\u00e7\u00e3o de jovens que s\u00e3o como esses do filme, que olham o sexo como algo sem import\u00e2ncia. Eles pensam: assim como sinto fome e como um p\u00e3o na padaria, sinto sede e bebo \u00e1gua, estou com sono e durmo&#8230; se estou a fim de fazer sexo, escolho um a\u00ed e fa\u00e7o. Simplesmente para matar minha vontade.<\/p>\n<p><!--more--><\/p>\n<p>Est\u00e3o errados. Sexo \u00e9 algo especial \u00e9 bonito, \u00e9 gostoso e \u00e9 lindo quando feito com compromisso. Um presente maravilhoso de Deus para ser feito por duas pessoas que se amam e que sabem que escolheram uma a outra n\u00e3o s\u00f3 para transarem, mas para viver uma vida juntos. Precisamos nos posicionar contra esta onda de amizade colorida de sexo sem compromisso que, inclusive, tem entrado nas igrejas. Os jovens precisam saber que a vida real n\u00e3o \u00e9 Hollywood. No filme o casal se apaixona e termina junto, mas na realidade esse tipo de \u201crelacionamento\u201d faz as pessoas sa\u00edrem machucadas e cheias de feridas internas.<\/p>\n<p>Voc\u00ea acha que esse estilo de relacionamento tem tentado invadir nossos templos?<\/p>\n<p>Comente. Deixe sua opini\u00e3o!<\/p>\n<p>____________________<\/p>\n<p>Rodrigo Almeida \u00e9 de\u00a0Petr\u00f3polis, Rio de Janeiro, e escreve para o blog \u201c<a href=\"http:\/\/saladecinemagospel.blogspot.com.br\/\" target=\"_blank\">Sala de Cinema Gospel<\/a>\u201c.<\/p>\n","protected":false},"excerpt":{"rendered":"<p>Por\u00a0Rodrigo Almeida Eu me lembro de quando dei o meu primeiro beijo. Foi uma \u201ccoisa\u201d meio engra\u00e7ada. Com\u00e9dia mesmo! Falo disso com o intuito de chamar aten\u00e7\u00e3o para como as coisas mudaram. Hoje, meninas e meninos s\u00e3o pais e m\u00e3es com quinze anos de idade. O que aconteceu com esta gera\u00e7\u00e3o? Refletindo sobre este assunto [&hellip;]<\/p>\n","protected":false},"author":19,"featured_media":0,"comment_status":"open","ping_status":"open","sticky":false,"template":"","format":"standard","meta":{"ngg_post_thumbnail":0,"footnotes":""},"categories":[6054],"tags":[],"class_list":["post-2325","post","type-post","status-publish","format-standard","hentry","category-textos"],"_links":{"self":[{"href":"https:\/\/ultimato.com.br\/sites\/jovem\/wp-json\/wp\/v2\/posts\/2325","targetHints":{"allow":["GET"]}}],"collection":[{"href":"https:\/\/ultimato.com.br\/sites\/jovem\/wp-json\/wp\/v2\/posts"}],"about":[{"href":"https:\/\/ultimato.com.br\/sites\/jovem\/wp-json\/wp\/v2\/types\/post"}],"author":[{"embeddable":true,"href":"https:\/\/ultimato.com.br\/sites\/jovem\/wp-json\/wp\/v2\/users\/19"}],"replies":[{"embeddable":true,"href":"https:\/\/ultimato.com.br\/sites\/jovem\/wp-json\/wp\/v2\/comments?post=2325"}],"version-history":[{"count":6,"href":"https:\/\/ultimato.com.br\/sites\/jovem\/wp-json\/wp\/v2\/posts\/2325\/revisions"}],"predecessor-version":[{"id":2332,"href":"https:\/\/ultimato.com.br\/sites\/jovem\/wp-json\/wp\/v2\/posts\/2325\/revisions\/2332"}],"wp:attachment":[{"href":"https:\/\/ultimato.com.br\/sites\/jovem\/wp-json\/wp\/v2\/media?parent=2325"}],"wp:term":[{"taxonomy":"category","embeddable":true,"href":"https:\/\/ultimato.com.br\/sites\/jovem\/wp-json\/wp\/v2\/categories?post=2325"},{"taxonomy":"post_tag","embeddable":true,"href":"https:\/\/ultimato.com.br\/sites\/jovem\/wp-json\/wp\/v2\/tags?post=2325"}],"curies":[{"name":"wp","href":"https:\/\/api.w.org\/{rel}","templated":true}]}}