{"id":2310,"date":"2012-12-03T08:02:11","date_gmt":"2012-12-03T11:02:11","guid":{"rendered":"http:\/\/ultimato.com.br\/sites\/jovem\/?p=2310"},"modified":"2012-12-03T08:07:33","modified_gmt":"2012-12-03T11:07:33","slug":"palavrantiga-reinventando-a-musica-para-a-igreja","status":"publish","type":"post","link":"https:\/\/ultimato.com.br\/sites\/jovem\/2012\/12\/03\/palavrantiga-reinventando-a-musica-para-a-igreja\/","title":{"rendered":"Palavrantiga, reinventando a m\u00fasica para a igreja"},"content":{"rendered":"<p><em>Por\u00a0Antognoni Misael<\/em><\/p>\n<p><a href=\"http:\/\/ultimato.com.br\/sites\/jovem\/files\/2012\/12\/Palavrantiga_sobre-o-mesmo-chao1.jpg\" class=\"lightview\" data-lightview-group=\"group-2310\" data-lightview-options=\"skin: 'dark', controls: 'relative', padding: '10', shadow: { color: '#000000', opacity: 0.08, blur: 3 }\" data-lightview-title=\"Palavrantiga_sobre-o-mesmo-chao\"><img loading=\"lazy\" decoding=\"async\" class=\"alignright  wp-image-2318\" title=\"Palavrantiga_sobre-o-mesmo-chao\" src=\"http:\/\/ultimato.com.br\/sites\/jovem\/files\/2012\/12\/Palavrantiga_sobre-o-mesmo-chao1.jpg\" alt=\"\" width=\"288\" height=\"257\" srcset=\"https:\/\/ultimato.com.br\/sites\/jovem\/files\/2012\/12\/Palavrantiga_sobre-o-mesmo-chao1.jpg 400w, https:\/\/ultimato.com.br\/sites\/jovem\/files\/2012\/12\/Palavrantiga_sobre-o-mesmo-chao1-300x267.jpg 300w, https:\/\/ultimato.com.br\/sites\/jovem\/files\/2012\/12\/Palavrantiga_sobre-o-mesmo-chao1-150x133.jpg 150w\" sizes=\"auto, (max-width: 288px) 100vw, 288px\" \/><\/a>O mais novo trabalho da banda <a href=\"http:\/\/www.palavrantiga.com\/\" target=\"_blank\">Palavrantiga<\/a>, nem secular, nem gospel, mas que toca no \u201cmundo\u201d e na igreja, novamente me surpreendeu. Intitulado \u201c<a href=\"http:\/\/www.youtube.com\/watch?v=T9ucsX5NEN0&amp;feature=player_embedded\" target=\"_blank\">Sobre o mesmo ch\u00e3o<\/a>\u201d, o disco \u00e9 como um livro sonoro que precisa ser bem lido, apreciado e aproveitado.<\/p>\n<p>Por tr\u00e1s de toda versatilidade po\u00e9tica de Marcos Almeida, l\u00edder da banda, se encontra o que ele mesmo chama de \u201cos fios coloridos da d\u00e1diva\u201d. Certo de que toda inspira\u00e7\u00e3o para arte vem de Deus, Almeida d\u00e1 pistas de que sua cosmovis\u00e3o \u00e9 uma mescla de Evangelho descomplicado, rock in roll, MPB, filosofia, literatura e uma pitada pessoal do jeito de ser de cada integrante do grupo.<\/p>\n<p>Acredito que, tanto para mim quanto para muitos, a can\u00e7\u00e3o \u201c<a href=\"http:\/\/www.youtube.com\/watch?v=3fNpaIbahME\" target=\"_blank\">Rookmaaker<\/a>\u201d, presente no disco anterior e regravada em \u201cSobre o mesmo ch\u00e3o\u201d, tornou-se uma esp\u00e9cie de apresenta\u00e7\u00e3o pessoal da banda perante os desafios da arte crist\u00e3 na contemporaneidade. O pensamento do\u00a0cr\u00edtico holand\u00eas parece bem compreendido pela m\u00fasica do Palavrantiga, que por sinal reverbera um discurso de intera\u00e7\u00e3o com o mundo, tecendo na diversidade, olhando por cima de r\u00f3tulos religiosos e desdenhando da obriga\u00e7\u00e3o de justificar sua pr\u00f3pria arte.<\/p>\n<p><!--more--><\/p>\n<p>Diante da ascens\u00e3o do mercado \u201cgospel\u201d, da populariza\u00e7\u00e3o da m\u00fasica dita \u201cgospel\u201d, dos intensos debates e segmenta\u00e7\u00f5es a respeito do rumo da m\u00fasica evang\u00e9lica no Brasil, ao que me parece, Palavrantiga passeia na liberdade de fazer arte, cosmovis\u00e3o, forma e conte\u00fado. Portanto, talvez a desnecess\u00e1ria \u201cnecessidade\u201d de categorizar ainda vigore diante dessa \u00e9poca de disparidades, banaliza\u00e7\u00e3o, \u201cfogo amigo\u201d ou o que quer que se pense por a\u00ed. Contudo, a sensa\u00e7\u00e3o que sinto no \u201cPalavra\u2026\u201d \u00e9 a liberdade de se espalhar a Boa Nova por tudo que for lugar. Como uma banda de rock, n\u00e3o um minist\u00e9rio de levitas. N\u00e3o vejo melhor forma de viver o of\u00edcio do que esta: passeando o amor e a vida \u201cSobre o mesmo ch\u00e3o\u201d do mundo.<\/p>\n<p>Como toda cria\u00e7\u00e3o \u00e9 feita a partir de algo j\u00e1 pronto, como bem frisou Almeida, aqui vai uma breve tecelagem do que ouvi em \u201cSobre o mesmo ch\u00e3o\u201d e minhas r\u00e1pidas sensa\u00e7\u00f5es, por assim dizer, po\u00e9ticas:<\/p>\n<blockquote><p>Sobre o mesmo ch\u00e3o est\u00e1 o muro, e o lado de l\u00e1, que voc\u00ea esqueceu\u201d [Palavrantiga]<strong>.<\/strong><\/p>\n<p><strong>\u201cPois, v\u00f3s sois a luz do mundo, n\u00e3o se pode esconder uma cidade edificada sobre um monte\u201d.[Mt 5.14]<\/strong><\/p><\/blockquote>\n<blockquote><p>E a gora tanto faz o que \u00e9 sagrado. Nada importa se isso tudo n\u00e3o for antes santificado bem no interior do meu peito deserto\u201d. [Palavrantiga]<\/p>\n<p><strong>\u201cPois para um homem que vive para Deus nada \u00e9 secular, tudo \u00e9 sagrado\u201d [C. H. Spurgeon]<\/strong><\/p><\/blockquote>\n<blockquote><p>Branca, a pele t\u00e3o branca n\u00e3o esconde a pureza da alma. \u00c9 claro, s\u00f3 mostra essa for\u00e7a que salta e inspira a gente a caminhar\u201d. [Palavrantiga]<\/p>\n<p><strong>\u201cMas \u00e9 preciso ter manha, \u00e9 preciso ter gra\u00e7a, \u00e9 preciso ter sonho sempre. Quem traz na pele essa marca possui a estranha mania de ter f\u00e9 na vida\u201d. [Milton Nascimento]<\/strong><\/p><\/blockquote>\n<blockquote><p>J\u00e1 faz um tempo que eu me apego naquele livro que anuncia minha liberdade\u201d. [Palavrantiga]<strong><\/strong><\/p>\n<p><strong>\u201cPois se o Filho vos libertar, verdadeiramente sereis livres\u201d. [Jesus em Jo 8.36]<\/strong><\/p><\/blockquote>\n<blockquote><p>Ela saiu sozinha, longe de casa est\u00e1. Mal se despiu ao mundo, vejo o medo no seu olhar\u201d. [Palavrantiga]<\/p>\n<p><strong>E, endireitando-se Jesus, e n\u00e3o vendo ningu\u00e9m mais do que a mulher, disse-lhe: Mulher, onde est\u00e3o aqueles teus acusadores? Ningu\u00e9m te condenou?\u201d. [Jesus em Jo 8.10]<\/strong><\/p><\/blockquote>\n<blockquote><p>Deixa eu viver a boa nova. Deixa eu me encontrar com esse amor todos os dias\u201d [Palavrantiga]<\/p>\n<p><strong>\u201cPois a felicidade \u00e9 uma porta que sempre se abre pra fora. Quem for\u00e7\u00e1-la para dentro ordena que o amor v\u00e1 embora\u201d. [Kierkegaard em Jorge Camargo]\u00a0<\/strong><\/p><\/blockquote>\n<p>&nbsp;<\/p>\n<p><a href=\"http:\/\/ultimato.com.br\/sites\/jovem\/files\/2012\/12\/Palavrantiga_sobre-o-mesmo-chao-21.jpg\" class=\"lightview\" data-lightview-group=\"group-2310\" data-lightview-options=\"skin: 'dark', controls: 'relative', padding: '10', shadow: { color: '#000000', opacity: 0.08, blur: 3 }\" data-lightview-title=\"Palavrantiga_sobre-o-mesmo-chao (2\"><img loading=\"lazy\" decoding=\"async\" class=\"aligncenter size-full wp-image-2321\" title=\"Palavrantiga_sobre-o-mesmo-chao (2\" src=\"http:\/\/ultimato.com.br\/sites\/jovem\/files\/2012\/12\/Palavrantiga_sobre-o-mesmo-chao-21.jpg\" alt=\"\" width=\"622\" height=\"344\" srcset=\"https:\/\/ultimato.com.br\/sites\/jovem\/files\/2012\/12\/Palavrantiga_sobre-o-mesmo-chao-21.jpg 622w, https:\/\/ultimato.com.br\/sites\/jovem\/files\/2012\/12\/Palavrantiga_sobre-o-mesmo-chao-21-300x165.jpg 300w, https:\/\/ultimato.com.br\/sites\/jovem\/files\/2012\/12\/Palavrantiga_sobre-o-mesmo-chao-21-150x82.jpg 150w\" sizes=\"auto, (max-width: 622px) 100vw, 622px\" \/><\/a><\/p>\n<p>____________________<\/p>\n<p><strong>Antognoni Misael<\/strong>\u00a0\u00e9 professor de m\u00fasica (UFPB) , historiador (UEPB), membro da Igreja Presbiteriana do Brasil (Guarabira-PB) e escreve no blog \u201c<a href=\"http:\/\/www.artedechocar.com\/\" target=\"_blank\">arte de chocar<\/a>\u201c. Texto originalmente publicado no blog do autor. Direitos reservados. Reprodu\u00e7\u00e3o autorizada.<\/p>\n","protected":false},"excerpt":{"rendered":"<p>Por\u00a0Antognoni Misael O mais novo trabalho da banda Palavrantiga, nem secular, nem gospel, mas que toca no \u201cmundo\u201d e na igreja, novamente me surpreendeu. Intitulado \u201cSobre o mesmo ch\u00e3o\u201d, o disco \u00e9 como um livro sonoro que precisa ser bem lido, apreciado e aproveitado. Por tr\u00e1s de toda versatilidade po\u00e9tica de Marcos Almeida, l\u00edder da [&hellip;]<\/p>\n","protected":false},"author":19,"featured_media":0,"comment_status":"open","ping_status":"open","sticky":false,"template":"","format":"standard","meta":{"ngg_post_thumbnail":0,"footnotes":""},"categories":[6054],"tags":[],"class_list":["post-2310","post","type-post","status-publish","format-standard","hentry","category-textos"],"_links":{"self":[{"href":"https:\/\/ultimato.com.br\/sites\/jovem\/wp-json\/wp\/v2\/posts\/2310","targetHints":{"allow":["GET"]}}],"collection":[{"href":"https:\/\/ultimato.com.br\/sites\/jovem\/wp-json\/wp\/v2\/posts"}],"about":[{"href":"https:\/\/ultimato.com.br\/sites\/jovem\/wp-json\/wp\/v2\/types\/post"}],"author":[{"embeddable":true,"href":"https:\/\/ultimato.com.br\/sites\/jovem\/wp-json\/wp\/v2\/users\/19"}],"replies":[{"embeddable":true,"href":"https:\/\/ultimato.com.br\/sites\/jovem\/wp-json\/wp\/v2\/comments?post=2310"}],"version-history":[{"count":7,"href":"https:\/\/ultimato.com.br\/sites\/jovem\/wp-json\/wp\/v2\/posts\/2310\/revisions"}],"predecessor-version":[{"id":2317,"href":"https:\/\/ultimato.com.br\/sites\/jovem\/wp-json\/wp\/v2\/posts\/2310\/revisions\/2317"}],"wp:attachment":[{"href":"https:\/\/ultimato.com.br\/sites\/jovem\/wp-json\/wp\/v2\/media?parent=2310"}],"wp:term":[{"taxonomy":"category","embeddable":true,"href":"https:\/\/ultimato.com.br\/sites\/jovem\/wp-json\/wp\/v2\/categories?post=2310"},{"taxonomy":"post_tag","embeddable":true,"href":"https:\/\/ultimato.com.br\/sites\/jovem\/wp-json\/wp\/v2\/tags?post=2310"}],"curies":[{"name":"wp","href":"https:\/\/api.w.org\/{rel}","templated":true}]}}