{"id":2303,"date":"2012-11-29T08:11:36","date_gmt":"2012-11-29T11:11:36","guid":{"rendered":"http:\/\/ultimato.com.br\/sites\/jovem\/?p=2303"},"modified":"2012-11-30T07:41:46","modified_gmt":"2012-11-30T10:41:46","slug":"temporada-de-verao-para-jovens-e-adolescentes","status":"publish","type":"post","link":"https:\/\/ultimato.com.br\/sites\/jovem\/2012\/11\/29\/temporada-de-verao-para-jovens-e-adolescentes\/","title":{"rendered":"Temporada de ver\u00e3o para jovens e adolescentes"},"content":{"rendered":"<p>Sabe quando voc\u00ea planeja f\u00e9rias bombantes e o resultado s\u00e3o dias de t\u00e9dio na frente da internet? Pois \u00e9, isso pode acontecer! Mas n\u00e3o precisa ficar desesperado, principalmente porque n\u00f3s temos uma ideia muito legal pro seu m\u00eas de janeiro!<\/p>\n<p>Vem a\u00ed a \u201c<strong>Temporada de Jovens 2013<\/strong>\u201d da <a href=\"http:\/\/www.mpc.org.br\/\" target=\"_blank\"><strong>MPC<\/strong><\/a>. Ser\u00e3o sete dias de muita divers\u00e3o com gente do Brasil inteiro em uma programa\u00e7\u00e3o recheada de conte\u00fado b\u00edblico pr\u00f3prio para n\u00f3s, jovens animados que querem f\u00e9rias pra ficar marcadas na hist\u00f3ria.<\/p>\n<p>Est\u00e1 esperando o qu\u00ea? Abaixo voc\u00ea confere o banner de divulga\u00e7\u00e3o da temporada. Clicando <a href=\"http:\/\/www.mpc.org.br\/index.php?option=com_content&amp;view=article&amp;id=44&amp;Itemid=39\" target=\"_blank\">aqui<\/a> voc\u00ea l\u00ea mais informa\u00e7\u00f5es e tem acesso a<a href=\"http:\/\/www.mpc.org.br\/index.php?option=com_rsform&amp;view=rsform&amp;Itemid=41\" target=\"_blank\"> ficha de inscri\u00e7\u00e3o<\/a>! Aproveite porque tem promo\u00e7\u00f5es pros inscritos ainda deste ano.<\/p>\n<p><a href=\"http:\/\/ultimato.com.br\/sites\/jovem\/files\/2012\/11\/tempora_jovens_mpc20131.jpg\" class=\"lightview\" data-lightview-group=\"group-2303\" data-lightview-options=\"skin: 'dark', controls: 'relative', padding: '10', shadow: { color: '#000000', opacity: 0.08, blur: 3 }\" data-lightview-title=\"tempora_jovens_mpc2013\"><img loading=\"lazy\" decoding=\"async\" class=\"aligncenter size-full wp-image-2305\" title=\"tempora_jovens_mpc2013\" src=\"http:\/\/ultimato.com.br\/sites\/jovem\/files\/2012\/11\/tempora_jovens_mpc20131.jpg\" alt=\"\" width=\"411\" height=\"592\" srcset=\"https:\/\/ultimato.com.br\/sites\/jovem\/files\/2012\/11\/tempora_jovens_mpc20131.jpg 411w, https:\/\/ultimato.com.br\/sites\/jovem\/files\/2012\/11\/tempora_jovens_mpc20131-208x300.jpg 208w, https:\/\/ultimato.com.br\/sites\/jovem\/files\/2012\/11\/tempora_jovens_mpc20131-104x150.jpg 104w\" sizes=\"auto, (max-width: 411px) 100vw, 411px\" \/><\/a><\/p>\n<p>&nbsp;<\/p>\n","protected":false},"excerpt":{"rendered":"<p>Sabe quando voc\u00ea planeja f\u00e9rias bombantes e o resultado s\u00e3o dias de t\u00e9dio na frente da internet? Pois \u00e9, isso pode acontecer! Mas n\u00e3o precisa ficar desesperado, principalmente porque n\u00f3s temos uma ideia muito legal pro seu m\u00eas de janeiro! Vem a\u00ed a \u201cTemporada de Jovens 2013\u201d da MPC. Ser\u00e3o sete dias de muita divers\u00e3o [&hellip;]<\/p>\n","protected":false},"author":19,"featured_media":0,"comment_status":"open","ping_status":"open","sticky":false,"template":"","format":"standard","meta":{"ngg_post_thumbnail":0,"footnotes":""},"categories":[10182],"tags":[],"class_list":["post-2303","post","type-post","status-publish","format-standard","hentry","category-boto-fe"],"_links":{"self":[{"href":"https:\/\/ultimato.com.br\/sites\/jovem\/wp-json\/wp\/v2\/posts\/2303","targetHints":{"allow":["GET"]}}],"collection":[{"href":"https:\/\/ultimato.com.br\/sites\/jovem\/wp-json\/wp\/v2\/posts"}],"about":[{"href":"https:\/\/ultimato.com.br\/sites\/jovem\/wp-json\/wp\/v2\/types\/post"}],"author":[{"embeddable":true,"href":"https:\/\/ultimato.com.br\/sites\/jovem\/wp-json\/wp\/v2\/users\/19"}],"replies":[{"embeddable":true,"href":"https:\/\/ultimato.com.br\/sites\/jovem\/wp-json\/wp\/v2\/comments?post=2303"}],"version-history":[{"count":4,"href":"https:\/\/ultimato.com.br\/sites\/jovem\/wp-json\/wp\/v2\/posts\/2303\/revisions"}],"predecessor-version":[{"id":2309,"href":"https:\/\/ultimato.com.br\/sites\/jovem\/wp-json\/wp\/v2\/posts\/2303\/revisions\/2309"}],"wp:attachment":[{"href":"https:\/\/ultimato.com.br\/sites\/jovem\/wp-json\/wp\/v2\/media?parent=2303"}],"wp:term":[{"taxonomy":"category","embeddable":true,"href":"https:\/\/ultimato.com.br\/sites\/jovem\/wp-json\/wp\/v2\/categories?post=2303"},{"taxonomy":"post_tag","embeddable":true,"href":"https:\/\/ultimato.com.br\/sites\/jovem\/wp-json\/wp\/v2\/tags?post=2303"}],"curies":[{"name":"wp","href":"https:\/\/api.w.org\/{rel}","templated":true}]}}