{"id":2286,"date":"2012-11-26T07:54:50","date_gmt":"2012-11-26T10:54:50","guid":{"rendered":"http:\/\/ultimato.com.br\/sites\/jovem\/?p=2286"},"modified":"2012-11-26T07:54:50","modified_gmt":"2012-11-26T10:54:50","slug":"agora-sim-vamos-sonhar","status":"publish","type":"post","link":"https:\/\/ultimato.com.br\/sites\/jovem\/2012\/11\/26\/agora-sim-vamos-sonhar\/","title":{"rendered":"Agora sim: vamos sonhar?"},"content":{"rendered":"<p><em>Por Eliceli Bonan<\/em><\/p>\n<div id=\"attachment_2287\" style=\"width: 310px\" class=\"wp-caption alignleft\"><a href=\"http:\/\/ultimato.com.br\/sites\/jovem\/files\/2012\/11\/5550375249_f3d24716bd.jpg\" class=\"lightview\" data-lightview-group=\"group-2286\" data-lightview-options=\"skin: 'dark', controls: 'relative', padding: '10', shadow: { color: '#000000', opacity: 0.08, blur: 3 }\" data-lightview-title=\"5550375249_f3d24716bd\"><img loading=\"lazy\" decoding=\"async\" aria-describedby=\"caption-attachment-2287\" class=\"size-medium wp-image-2287\" title=\"5550375249_f3d24716bd\" src=\"http:\/\/ultimato.com.br\/sites\/jovem\/files\/2012\/11\/5550375249_f3d24716bd-300x224.jpg\" alt=\"\" width=\"300\" height=\"224\" srcset=\"https:\/\/ultimato.com.br\/sites\/jovem\/files\/2012\/11\/5550375249_f3d24716bd-300x224.jpg 300w, https:\/\/ultimato.com.br\/sites\/jovem\/files\/2012\/11\/5550375249_f3d24716bd-150x112.jpg 150w, https:\/\/ultimato.com.br\/sites\/jovem\/files\/2012\/11\/5550375249_f3d24716bd.jpg 491w\" sizes=\"auto, (max-width: 300px) 100vw, 300px\" \/><\/a><p id=\"caption-attachment-2287\" class=\"wp-caption-text\">Foto: K\u00e9zia Brasil<\/p><\/div>\n<p>\u201cEu tenho um sonho\u201d,\u00a0anunciou Martin Luther King Jr. Seu desejo era ver brancos e negros dos Estados Unidos vivendo como irm\u00e3os. Por causa dele, os negros passaram a ter direitos e voz no pa\u00eds. Ativista e pastor, promotor da justi\u00e7a, morreu pela causa que defendia.<\/p>\n<p>Somos todos sonhadores. Qual \u00e9 o seu sonho?<\/p>\n<p>Talvez n\u00e3o seja unir brancos ou negros. Pode ser algo como casar, construir uma fam\u00edlia, ter uma profiss\u00e3o de sucesso. Ou pode ser mais ousado, como mudar o mundo, ou algum aspecto dele. Todos temos sonhos, um ou v\u00e1rios. Nenhum sonho \u00e9 pequeno demais ou grande demais. J\u00e1 dizia William Shakespeare que \u201csomos feitos da mesma mat\u00e9ria dos nossos sonhos\u201d.<\/p>\n<p>Voc\u00ea est\u00e1 vivendo o seu sonho? Ou apenas a sua vida?<\/p>\n<p>Um dos vers\u00edculos b\u00edblicos que sempre chamou minha aten\u00e7\u00e3o est\u00e1 em Ef\u00e9sios 3.20: \u201cOra, aquele que \u00e9 poderoso para fazer muito mais abundantemente al\u00e9m daquilo que pedimos ou pensamos, segundo o poder que em n\u00f3s opera\u2026\u201d. \u00c9 um texto muito forte. Deus tem muito a fazer por n\u00f3s, em n\u00f3s e por meio de n\u00f3s,\u00a0<em>muito<\/em>\u00a0<em>mais abundantemente al\u00e9m\u00a0<\/em>do que aquilo que pedimos ou pensamos.\u00a0Paulo me parece t\u00e3o exagerado aqui que fala de \u201cmuito\u201d, \u201cdemais\u201d, \u201cabundantemente\u201d e \u201cal\u00e9m\u201d. Deus quer fazer <strong>muito<\/strong> por voc\u00ea. Ele quer fazer <strong>mais<\/strong> do que voc\u00ea jamais pensou. Ele quer fazer <strong>abundantemente<\/strong>. Ele quer fazer <strong>al\u00e9m<\/strong> do seu maior sonho!<\/p>\n<p><!--more--><\/p>\n<p>Como sair do comum para realizar sonhos? Sou uma sonhadora. Poderia sentar por horas e falar deles com voc\u00ea, dos que j\u00e1 realizei e dos que est\u00e3o adiante. Aqui vai apenas uma dica: visualize a imagem de sua vida, da vida que voc\u00ea sonha. Imaginou? Agora desmonte a imagem em centenas de pe\u00e7as, como num quebra-cabe\u00e7a. O resultado \u00e9 confuso, n\u00e3o? Calma, \u00e9 assim mesmo. O mais importante voc\u00ea j\u00e1 fez, saber para onde est\u00e1 indo. Agora \u00e9 pensar estrategicamente e juntar as pe\u00e7as, uma de cada vez, aqui e ali.<\/p>\n<p>J\u00e1\u00a0ouviu falar que para quem n\u00e3o sabe onde est\u00e1 indo qualquer lugar serve? O inverso tamb\u00e9m \u00e9 verdadeiro. Para quem sabe onde est\u00e1 indo, tudo que encontra no caminho contribui para o resultado final. Voc\u00ea pode usar tudo ao seu redor para colaborar com seu grande sonho, ou n\u00e3o, depende de voc\u00ea. Por\u00e9m, realiz\u00e1-lo envolve algo mais: usar todas as suas for\u00e7as para entrar nessa jornada, deixar a acomoda\u00e7\u00e3o e tudo o que lhe \u00e9 conveniente, confrontar desafios fora de seus limites conhecidos, e o mais importante, saber que as pe\u00e7as sempre far\u00e3o mais sentido se voc\u00ea convidar o Doador de Sonhos para viajar com voc\u00ea, pois, antes de ser seu, o sonho j\u00e1 era dele.<\/p>\n<p>Sonhar sempre me encantou. Desafios e oportunidades me movem. Cruzar limites, ver novos horizontes, trocar o certo pelo desconhecido s\u00e3o coisas que fazem meu cora\u00e7\u00e3o bater mais forte.\u00a0Quando lia esse vers\u00edculo de Ef\u00e9sios, perguntava-me o seria \u201cmais de Deus\u201d, j\u00e1 que meus pr\u00f3prios pensamentos j\u00e1 foram muito longe sozinhos. Na jornada da realiza\u00e7\u00e3o dos sonhos do Senhor para mim, deparei-me com novos horizontes, que nunca imaginei. Deus \u00e9 surpreendente!<\/p>\n<p>N\u00e3o sei at\u00e9 onde seus pensamentos chegaram, se chegaram longe, como acreditei que tinham chegado os meus. O que posso dizer \u00e9 que seu maior sonho ainda \u00e9 pouco para Deus. Se voc\u00ea quiser e permitir, Ele ir\u00e1 mais longe por voc\u00ea!\u00a0A vida n\u00e3o foi feita para ser chata, rotineira e sem emo\u00e7\u00e3o, do tipo segunda, ter\u00e7a, quarta&#8230; segunda, ter\u00e7a&#8230; e voc\u00ea dando voltas sem chegar a lugar algum. Deus deu a todos um grande sonho. E este grande sonho n\u00e3o \u00e9 tudo. Depois dele, ainda tem o\u00a0<em>muito mais abundantemente al\u00e9m.\u00a0<\/em><\/p>\n<p>Est\u00e1 pronto para a aventura?\u00a0Que tal come\u00e7ar a viver seu sonho agora mesmo?<\/p>\n<p>E que \u201co c\u00e9u possa descrev\u00ea-lo como uma daquelas raras pessoas que vive para realizar grandes coisas para a gl\u00f3ria de Deus!*\u201d.<\/p>\n<blockquote><p>Porque um dia \u00e9 preciso parar de sonhar, tirar os planos das gavetas e, de algum modo, come\u00e7ar\u201d. [Almyr Klink]<\/p><\/blockquote>\n<p>____________________<\/p>\n<p>*Cita\u00e7\u00e3o de Bruce Wilkinson, no livro <em>O Doador de Sonhos<\/em>, Editora Mundo Crist\u00e3o.<\/p>\n<p><strong>Eliceli Katia Bonan<\/strong>, 25 anos, \u00e9 jornalista e mission\u00e1ria de JOCUM.<\/p>\n","protected":false},"excerpt":{"rendered":"<p>Por Eliceli Bonan \u201cEu tenho um sonho\u201d,\u00a0anunciou Martin Luther King Jr. Seu desejo era ver brancos e negros dos Estados Unidos vivendo como irm\u00e3os. Por causa dele, os negros passaram a ter direitos e voz no pa\u00eds. Ativista e pastor, promotor da justi\u00e7a, morreu pela causa que defendia. Somos todos sonhadores. Qual \u00e9 o seu [&hellip;]<\/p>\n","protected":false},"author":19,"featured_media":0,"comment_status":"open","ping_status":"open","sticky":false,"template":"","format":"standard","meta":{"ngg_post_thumbnail":0,"footnotes":""},"categories":[6054],"tags":[],"class_list":["post-2286","post","type-post","status-publish","format-standard","hentry","category-textos"],"_links":{"self":[{"href":"https:\/\/ultimato.com.br\/sites\/jovem\/wp-json\/wp\/v2\/posts\/2286","targetHints":{"allow":["GET"]}}],"collection":[{"href":"https:\/\/ultimato.com.br\/sites\/jovem\/wp-json\/wp\/v2\/posts"}],"about":[{"href":"https:\/\/ultimato.com.br\/sites\/jovem\/wp-json\/wp\/v2\/types\/post"}],"author":[{"embeddable":true,"href":"https:\/\/ultimato.com.br\/sites\/jovem\/wp-json\/wp\/v2\/users\/19"}],"replies":[{"embeddable":true,"href":"https:\/\/ultimato.com.br\/sites\/jovem\/wp-json\/wp\/v2\/comments?post=2286"}],"version-history":[{"count":4,"href":"https:\/\/ultimato.com.br\/sites\/jovem\/wp-json\/wp\/v2\/posts\/2286\/revisions"}],"predecessor-version":[{"id":2291,"href":"https:\/\/ultimato.com.br\/sites\/jovem\/wp-json\/wp\/v2\/posts\/2286\/revisions\/2291"}],"wp:attachment":[{"href":"https:\/\/ultimato.com.br\/sites\/jovem\/wp-json\/wp\/v2\/media?parent=2286"}],"wp:term":[{"taxonomy":"category","embeddable":true,"href":"https:\/\/ultimato.com.br\/sites\/jovem\/wp-json\/wp\/v2\/categories?post=2286"},{"taxonomy":"post_tag","embeddable":true,"href":"https:\/\/ultimato.com.br\/sites\/jovem\/wp-json\/wp\/v2\/tags?post=2286"}],"curies":[{"name":"wp","href":"https:\/\/api.w.org\/{rel}","templated":true}]}}